{"id":6044,"date":"2026-01-15T14:32:16","date_gmt":"2026-01-15T14:32:16","guid":{"rendered":"https:\/\/www.vap-camping.fr\/coming-soon\/"},"modified":"2026-02-23T13:13:55","modified_gmt":"2026-02-23T13:13:55","slug":"coming-soon","status":"publish","type":"post","link":"https:\/\/www.vap-camping.fr\/de\/coming-soon\/","title":{"rendered":"Aktuelles in Foix!"},"content":{"rendered":"\n<div class=\"wp-block-group alignfull is-layout-flow wp-container-core-group-is-layout-12cc3699 wp-block-group-is-layout-flow\" style=\"padding-top:10rem\">\n<div class=\"wp-block-group has-global-padding is-layout-constrained wp-container-core-group-is-layout-2931b900 wp-block-group-is-layout-constrained\">\n<div class=\"wp-block-columns alignfull are-vertically-aligned-center is-layout-flex wp-container-core-columns-is-layout-0c0b91ec wp-block-columns-is-layout-flex\">\n<div class=\"wp-block-column is-vertically-aligned-center leftRight is-layout-flow wp-container-core-column-is-layout-58dbe9e9 wp-block-column-is-layout-flow\" style=\"padding-left:10rem;flex-basis:40%\">\n<div class=\"wp-block-group is-style-title-left is-layout-flow wp-block-group-is-layout-flow is-style-title-left--1\">\n<p class=\"has-secondary-color has-text-color has-link-color has-secondary-font-family has-xl-font-size wp-elements-9acef47761296a59f655f5e5dcdb25c1\">Saison 2026  <\/p>\n\n\n\n<p class=\"has-primary-color has-text-color has-link-color has-primary-font-family has-sm-font-size wp-elements-108ddfb194ab3213399ef1a0af5d88fb\" style=\"text-transform:uppercase\"><strong>Kurs auf Foix<\/strong><\/p>\n<\/div>\n\n\n\n<h1 class=\"wp-block-heading text-title\">Die Saison beginnt bald wieder auf dem Campingplatz du Lac in Foix!<\/h1>\n\n\n\n<p class=\"has-m-font-size\" style=\"padding-left:2rem\">Ab dem Fr\u00fchjahr erleben Sie die Urlaubsatmosph\u00e4re der Ari\u00e8ge, zwischen Natur, Komfort und geselliger Atmosph\u00e4re. Dies ist der perfekte Zeitpunkt, um Ihre Wochenenden und Aufenthalte von M\u00e4rz bis Oktober zu planen, wenn die Region am sch\u00f6nsten ist&#8230; und die Tage drau\u00dfen l\u00e4nger werden. <\/p>\n<\/div>\n\n\n\n<div class=\"wp-block-column is-vertically-aligned-center rightLeft wp-block-image alignright size-large has-custom-border is-style-simple-right is-layout-flow wp-block-column-is-layout-flow is-style-simple-right--2\" style=\"border-style:none;border-width:0px;padding-top:0;padding-right:0;padding-bottom:0;padding-left:0;flex-basis:50%\">\n<figure class=\"wp-block-image alignright size-large is-style-default\"><img alt=\"\" decoding=\"async\" width=\"1024\" height=\"767\" src=\"https:\/\/www.vap-camping.fr\/wp-content\/uploads\/2026\/01\/dji_0568-1024x767.jpg\" alt=\"\" class=\"wp-image-6881\" srcset=\"https:\/\/www.vap-camping.fr\/wp-content\/uploads\/2026\/01\/dji_0568-1024x767.jpg 1024w, https:\/\/www.vap-camping.fr\/wp-content\/uploads\/2026\/01\/dji_0568-600x450.jpg 600w, https:\/\/www.vap-camping.fr\/wp-content\/uploads\/2026\/01\/dji_0568-768x575.jpg 768w, https:\/\/www.vap-camping.fr\/wp-content\/uploads\/2026\/01\/dji_0568-1536x1151.jpg 1536w, https:\/\/www.vap-camping.fr\/wp-content\/uploads\/2026\/01\/dji_0568-2048x1534.jpg 2048w\" sizes=\"(max-width: 1024px) 100vw, 1024px\" \/><\/figure>\n<\/div>\n<\/div>\n<\/div>\n\n\n\n<div class=\"wp-block-group has-global-padding is-layout-constrained wp-container-core-group-is-layout-2931b900 wp-block-group-is-layout-constrained\">\n<div class=\"wp-block-columns alignfull are-vertically-aligned-center is-layout-flex wp-container-core-columns-is-layout-0c0b91ec wp-block-columns-is-layout-flex\">\n<div class=\"wp-block-column is-vertically-aligned-center leftRight has-global-padding is-layout-constrained wp-container-core-column-is-layout-3b0bb819 wp-block-column-is-layout-constrained\" style=\"padding-left:10rem;flex-basis:100%\">\n<div class=\"wp-block-group is-style-title-left is-layout-flow wp-block-group-is-layout-flow is-style-title-left--3\">\n<p class=\"has-secondary-color has-text-color has-link-color has-secondary-font-family has-xl-font-size wp-elements-e9c71478fe84a810614d0b232389b549\">Auf einen Blick<\/p>\n\n\n\n<p class=\"has-primary-color has-text-color has-link-color has-primary-font-family has-sm-font-size wp-elements-2788d0ac4d703537ef778108bb65e060\" style=\"text-transform:uppercase\"><strong>F\u00fcr Ihren n\u00e4chsten Urlaub  <\/strong><\/p>\n<\/div>\n\n\n\n<p>\ud83d\ude80 <strong>Reisef\u00fchrer<\/strong>: W\u00e4hlen Sie Ihren Aufenthalt in Foix nach Ihrem Rhythmus und Ihren W\u00fcnschen.<\/p>\n\n\n\n<p>\ud83c\udfaf F <strong>\u00fcr wen?<\/strong> Familien, Paare, Freunde, Gruppen (Schulen , Universit\u00e4ten , Vereine , Sportler)<\/p>\n\n\n\n<p>\u2b50 <strong>Vorteile<\/strong>: 4-Sterne-Campingplatz, freundliche Atmosph\u00e4re, Swimmingpool, Flussufer<\/p>\n\n\n\n<p>\ud83d\udeb2 B <strong>onus sanfte Mobilit\u00e4t<\/strong>: leichter Zugang zum <strong>Gr\u00fcnen Weg<\/strong> (\u2248 1 km)  <\/p>\n\n\n\n<p>\ud83d\udccc <strong>Unbedingt<\/strong> sehenswert: <strong>Schloss von Foix<\/strong>, <strong>unterirdischer Fluss von Labouiche <\/strong> in der N\u00e4he  <\/p>\n<\/div>\n<\/div>\n<\/div>\n\n\n\n<div class=\"wp-block-group has-global-padding is-layout-constrained wp-container-core-group-is-layout-2931b900 wp-block-group-is-layout-constrained\">\n<div class=\"wp-block-columns alignfull are-vertically-aligned-center is-layout-flex wp-container-core-columns-is-layout-0c0b91ec wp-block-columns-is-layout-flex\">\n<div class=\"wp-block-column is-vertically-aligned-center leftRight is-layout-flow wp-container-core-column-is-layout-58dbe9e9 wp-block-column-is-layout-flow\" style=\"padding-left:10rem;flex-basis:100%\">\n<div class=\"wp-block-group is-style-title-left is-layout-flow wp-block-group-is-layout-flow is-style-title-left--4\">\n<p class=\"has-secondary-color has-text-color has-link-color has-secondary-font-family has-xl-font-size wp-elements-ce72b4559781b2194b55c19d0a81527d\"><strong>Die 4 Aufenthaltswege<\/strong><\/p>\n\n\n\n<p class=\"has-primary-color has-text-color has-link-color has-primary-font-family has-sm-font-size wp-elements-116f1ce16866aeb05ca1e8005cd18178\" style=\"text-transform:uppercase\"><strong>  die beliebtesten<\/strong><\/p>\n<\/div>\n\n\n\n<p><\/p>\n\n\n\n<h3 class=\"wp-block-heading\">1) Der &#8220;Express-Wochenendkurs&#8221; (2 Tage, kein Kopfzerbrechen)<\/h3>\n\n\n\n<p>Sie m\u00f6chten einen kurzen Aufenthalt, der aber wirklich &#8220;abschaltet&#8221;: Ankunft, Einrichtung, Schwimmbad und dann Foix in Ihrem eigenen Rhythmus entdecken. Die Idee ist einfach: <strong>einen Klassiker<\/strong> (das Schloss + die Stadt) <strong>genie\u00dfen<\/strong>, ohne herumzulaufen und Zeit f\u00fcr die Entspannung auf dem Campingplatz zu haben. <\/p>\n\n\n\n<h3 class=\"wp-block-heading\">2) Die Route &#8220;Familie Entspannung&#8221; (3 bis 7 Tage, sanftes Tempo)<\/h3>\n\n\n\n<p class=\"has-s-font-size\">Sie bevorzugen einen leichten Urlaub: Schwimmen, gemeinsame Unternehmungen, kurze Ausfl\u00fcge, Nickerchen und improvisiertes Eis. Dieses Format ist gut geeignet, wenn Sie gerne zwischen <strong>einem Ausflug pro Tag<\/strong> (nicht mehr) und ruhigeren Nachmittagen auf dem Campingplatz wechseln, besonders wenn es warm ist. <\/p>\n\n\n\n<h3 class=\"wp-block-heading\">3) Radfahren &amp; sanfte Mobilit\u00e4t (autofreier Aufenthalt)<\/h3>\n\n\n\n<p>Sie m\u00f6gen Bewegung ohne Stress: Der Gr\u00fcne Weg wird Ihr Leitfaden f\u00fcr barrierefreie Spazierg\u00e4nge, Picknickpausen und kleine Abenteuer &#8220;am Wasser&#8221;. Dieses Format ist perfekt, wenn Sie ein Ziel suchen, an dem Sie <strong>wandern, radeln, atmen<\/strong> und eine einfache Logistik beibehalten k\u00f6nnen. <\/p>\n\n\n\n<h3 class=\"wp-block-heading\">4) Der &#8220;Gruppen&#8221;-Parcours (organisierter, effizienter Aufenthalt)<\/h3>\n\n\n\n<p>Sie kommen mit einer Schule, Universit\u00e4t, einem Verein oder einem Sportteam: Sie brauchen einen praktischen, geselligen und gut gelegenen Ort, um eine Reihe von Aktivit\u00e4ten und Ausfl\u00fcgen zu unternehmen. In diesem Fall funktioniert der Camping du Lac wie ein <strong>Basislager<\/strong>: man trifft sich, teilt, erholt sich&#8230; und reist am n\u00e4chsten Tag mit einem klaren Zeitplan ab. <\/p>\n<\/div>\n\n\n\n<div class=\"wp-block-column is-layout-flow wp-block-column-is-layout-flow\"><\/div>\n<\/div>\n<\/div>\n\n\n\n<div class=\"wp-block-group has-global-padding is-layout-constrained wp-container-core-group-is-layout-2931b900 wp-block-group-is-layout-constrained\">\n<div class=\"wp-block-columns alignfull are-vertically-aligned-center is-layout-flex wp-container-core-columns-is-layout-0c0b91ec wp-block-columns-is-layout-flex\">\n<div class=\"wp-block-column is-vertically-aligned-center leftRight is-layout-flow wp-container-core-column-is-layout-58dbe9e9 wp-block-column-is-layout-flow\" style=\"padding-left:10rem;flex-basis:100%\">\n<div class=\"wp-block-group is-style-title-left is-layout-flow wp-block-group-is-layout-flow is-style-title-left--5\">\n<p class=\"has-secondary-color has-text-color has-link-color has-secondary-font-family has-xl-font-size wp-elements-8237173e6ecef609f416e67b93dda8b8\"><strong>Praktische Informationen<\/strong><\/p>\n\n\n\n<p class=\"has-primary-color has-text-color has-link-color has-primary-font-family has-sm-font-size wp-elements-944325a3b496abeb62db1474ce058d4d\" style=\"text-transform:uppercase\"><strong> f\u00fcr einen erfolgreichen Aufenthalt<\/strong><\/p>\n<\/div>\n\n\n\n<p>\ud83d\udca1H\u00e4ufigste Reisezeit: Mai bis September (denken Sie daran, vorauszuplanen)<\/p>\n\n\n\n<p>\ud83d\udca1Bitte mitbringen: bequeme Schuhe, M\u00fctze, Sonnencreme und eine kleine Checkliste &#8220;Pool + Spazierg\u00e4nge&#8221;.<\/p>\n\n\n\n<p>\ud83d\udca1Tipp: Wenn Sie in der Hochsaison kommen, halten Sie die Vormittage &#8220;Besichtigungen&#8221; und die Nachmittage &#8220;Entspannung&#8221; frei, um M\u00fcdigkeit zu vermeiden und l\u00e4nger zu genie\u00dfen.  <\/p>\n\n\n\n<p><\/p>\n<\/div>\n<\/div>\n<\/div>\n\n\n\n<div class=\"wp-block-group has-global-padding is-layout-constrained wp-container-core-group-is-layout-2931b900 wp-block-group-is-layout-constrained\">\n<div class=\"wp-block-columns alignfull are-vertically-aligned-center is-layout-flex wp-container-core-columns-is-layout-0c0b91ec wp-block-columns-is-layout-flex\">\n<div class=\"wp-block-column is-vertically-aligned-center leftRight is-layout-flow wp-container-core-column-is-layout-58dbe9e9 wp-block-column-is-layout-flow\" style=\"padding-left:10rem;flex-basis:100%\">\n<div class=\"wp-block-group is-style-title-left is-layout-flow wp-block-group-is-layout-flow is-style-title-left--6\">\n<p class=\"has-secondary-color has-text-color has-link-color has-secondary-font-family has-xl-font-size wp-elements-51ab1c7f7e507a8bf191f078b1c16bee\"><strong>F &amp; Q<\/strong><\/p>\n\n\n\n<p class=\"has-primary-color has-text-color has-link-color has-primary-font-family has-sm-font-size wp-elements-950592aeace2d450769d7c5f18b025c9\" style=\"text-transform:uppercase\"><strong>Ihre h\u00e4ufig gestellten Fragen<\/strong><\/p>\n<\/div>\n\n\n\n<p> <strong>Welche Route w\u00e4hlen Sie, wenn Sie mit Kindern kommen?<\/strong><br\/>Der &#8220;Family Relax&#8221;-Parcours ist der einfachste: kurze Ausfl\u00fcge + Schwimmbad + Freizeit, ohne \u00fcberladene Planung.<\/p>\n\n\n\n<p><strong>Welche Route sollten Sie w\u00e4hlen, wenn Sie vor allem Foix besuchen m\u00f6chten?<\/strong><br\/>Die Route &#8220;Express-Wochenende&#8221; (oder eine 3-t\u00e4gige Version) erm\u00f6glicht es Ihnen, das Wesentliche zu tun, ohne zu rennen: Schloss, Stadtzentrum, Gourmetpausen und dann zur\u00fcck zum Campingplatz, um zu verschnaufen.<\/p>\n\n\n\n<p><strong>Welche Route w\u00e4hlen Sie, wenn Sie mit einer Gruppe (Schule, Universit\u00e4t, Verein, Sportteam) anreisen?<\/strong><br\/>Die &#8220;Gruppenroute&#8221; ist am besten geeignet: Sie gewinnen an Organisation, Komfort und Zusammenhalt, mit einem bequemen Sammelpunkt f\u00fcr alle.<\/p>\n\n\n\n<p><strong>Ist der Campingplatz du Lac gut gelegen, um Foix zu entdecken, ohne viel zu fahren?<\/strong><br\/>Ja: Sie befinden sich am Ortseingang von Foix, was die Wege verk\u00fcrzt, und die Haltestelle des Pendelbusses ins Stadtzentrum und zum Bahnhof ist nur 3 Minuten zu Fu\u00df entfernt.<\/p>\n\n\n\n<p><strong>Ist dieser Campingplatz geeignet, wenn Sie mit dem Fahrrad fahren m\u00f6chten?<\/strong><br\/>Ja: Der Gr\u00fcne Weg ist in der N\u00e4he (ca. 1 km), was stressfreie Radtouren oder Wanderungen erm\u00f6glicht.<\/p>\n\n\n\n<p><strong>Wie lange dauert es, bis Sie Foix &#8220;richtig genie\u00dfen&#8221; k\u00f6nnen?<\/strong><br\/>In 2 Tagen k\u00f6nnen Sie die wichtigsten Sehensw\u00fcrdigkeiten besuchen. In 3 bis 5 Tagen k\u00f6nnen Sie den Urlaubsrhythmus besser genie\u00dfen (Schwimmbad + Besichtigungen + Spazierg\u00e4nge). In einer Woche haben Sie den Luxus, sich nicht zu beeilen.  <\/p>\n\n\n\n<p><strong>Wann ist die beste Zeit f\u00fcr einen Besuch?<\/strong><br\/>Von Mai bis September k\u00f6nnen Sie die Sommeratmosph\u00e4re und den Pool genie\u00dfen. Wenn Sie mehr Ruhe suchen, sollten Sie sich f\u00fcr M\u00e4rz\/April oder September\/Oktober entscheiden. <\/p>\n\n\n\n<p><strong>Muss man fr\u00fch buchen?<\/strong><br\/>In der Hochsaison ja: je fr\u00fcher Sie buchen, desto mehr Auswahl haben Sie bei den Unterk\u00fcnften und Stellpl\u00e4tzen.<\/p>\n\n\n\n<p><strong>Wie k\u00f6nnen Sie Ihre Tage organisieren, um M\u00fcdigkeit zu vermeiden (insbesondere im Sommer)?<\/strong><br\/>Am angenehmsten: Besichtigungen am Morgen, Schwimmbad\/Schlafgelegenheit am Nachmittag und ein gem\u00fctliches Ausgehen am Ende des Tages. Sie genie\u00dfen mehr, ohne &#8220;Marathonmodus&#8221;.  Und genie\u00dfen Sie die Animationen des Campingplatzes, Themenabende im Juli und August.  <\/p>\n\n\n\n<p><strong>Wenn Sie zum ersten Mal kommen, was m\u00fcssen Sie unbedingt tun?<\/strong><br\/>Beginnen Sie mit Foix + Schloss und f\u00fcgen Sie dann einen Ausflug in die Natur hinzu (gr\u00fcner Weg \/ Flussufer): das ist die &#8220;Null-Reue&#8221;-Kombo.<\/p>\n\n\n\n<p><strong>Ist ein Campingplatz eher f\u00fcr Partyg\u00e4nger oder f\u00fcr Familien geeignet?<\/strong><br\/>Eher f\u00fcr Familien und Reisende, die eine freundliche und entspannte Atmosph\u00e4re m\u00f6gen (ohne unbedingt ein &#8220;sehr festliches&#8221; Reiseziel zu suchen).<\/p>\n\n\n\n<p><strong>Was sollten Sie einpacken, um sicher zu sein?<\/strong><br\/>Unentbehrlich: bequeme Schuhe, Kappe\/Sonnencreme, Schwimmbadkleidung, kleiner Rucksack f\u00fcr die Ausfl\u00fcge und eine leichte Jacke f\u00fcr die Abende.<\/p>\n<\/div>\n<\/div>\n<\/div>\n<\/div>\n\n<div class=\"wp-block-columns alignfull are-vertically-aligned-center is-layout-flex wp-container-core-columns-is-layout-0c0b91ec wp-block-columns-is-layout-flex\">\n<div class=\"wp-block-column is-layout-flow wp-block-column-is-layout-flow\"><\/div>\n\n\n\n<div class=\"wp-block-column is-layout-flow wp-block-column-is-layout-flow\"><\/div>\n<\/div>\n\n<div class=\"wp-block-group reveal has-global-padding is-layout-constrained wp-block-group-is-layout-constrained\">\n<div class=\"wp-block-group alignwide is-style-title-simple is-layout-flow wp-block-group-is-layout-flow is-style-title-simple--7\" style=\"margin-top:4rem;margin-bottom:4rem\">\n<p class=\"has-text-align-center has-secondary-color has-text-color has-link-color has-secondary-font-family has-xl-font-size wp-elements-754a17b6465ac1fab313b12ad098c134\">\n  Unsere Einrichtungen<\/p>\n\n\n\n<p class=\"has-text-align-center has-primary-font-family has-sm-font-size\" style=\"text-transform:uppercase\">\n                <strong>in der N\u00e4he<\/strong>\n            <\/p>\n<\/div>\n\n\n<div class=\"campings-wrapper is-layout-flow wp-block-slider-campings-is-layout-flow\">\n            <div class=\"campings-list\">\n                            <div class=\"camping-item\"\n                    style=\"background-image: linear-gradient(to top, rgba(0, 0, 0, 0.6), transparent), url('https:\/\/www.vap-camping.fr\/wp-content\/uploads\/2025\/04\/camping-avec-piscine-1024x767.jpg');\">\n                    <a href=\"https:\/\/www.vap-camping.fr\/de\/campings\/camping-du-lac\/\" title=\"Campingplatz du lac(Foix)\" class=\"camping-link\">\n                        <p class=\"title\">Campingplatz du lac(Foix)<\/p>\n                        <p class=\"camping-button\">Entdecken<\/p>\n                    <\/a>\n                <\/div>\n                            <div class=\"camping-item\"\n                    style=\"background-image: linear-gradient(to top, rgba(0, 0, 0, 0.6), transparent), url('https:\/\/www.vap-camping.fr\/wp-content\/uploads\/2025\/07\/dji_0589-2-1024x767.jpg');\">\n                    <a href=\"https:\/\/www.vap-camping.fr\/de\/campings\/camping-la-bastide\/\" title=\"Campingplatz la Bastide(Maz\u00e8res)\" class=\"camping-link\">\n                        <p class=\"title\">Campingplatz la Bastide(Maz\u00e8res)<\/p>\n                        <p class=\"camping-button\">Entdecken<\/p>\n                    <\/a>\n                <\/div>\n                            <div class=\"camping-item\"\n                    style=\"background-image: linear-gradient(to top, rgba(0, 0, 0, 0.6), transparent), url('https:\/\/www.vap-camping.fr\/wp-content\/uploads\/2025\/04\/dsc03930-1024x500.jpg');\">\n                    <a href=\"https:\/\/www.vap-camping.fr\/de\/campings\/camping-le-rupe\/\" title=\"Campingplatz le Rup\u00e9(Toulouse)\" class=\"camping-link\">\n                        <p class=\"title\">Campingplatz le Rup\u00e9(Toulouse)<\/p>\n                        <p class=\"camping-button\">Entdecken<\/p>\n                    <\/a>\n                <\/div>\n                            <div class=\"camping-item\"\n                    style=\"background-image: linear-gradient(to top, rgba(0, 0, 0, 0.6), transparent), url('https:\/\/www.vap-camping.fr\/wp-content\/uploads\/2025\/04\/img_5291-1024x768-1.jpg');\">\n                    <a href=\"https:\/\/www.vap-camping.fr\/de\/campings\/complexe-des-oustalous\/\" title=\"Oustalous-Komplex\" class=\"camping-link\">\n                        <p class=\"title\">Oustalous-Komplex<\/p>\n                        <p class=\"camping-button\">Entdecken<\/p>\n                    <\/a>\n                <\/div>\n                            <div class=\"camping-item\"\n                    style=\"background-image: linear-gradient(to top, rgba(0, 0, 0, 0.6), transparent), url('https:\/\/www.vap-camping.fr\/wp-content\/uploads\/2025\/04\/4479-1024x461.jpeg');\">\n                    <a href=\"https:\/\/www.vap-camping.fr\/de\/campings\/camping-le-bourdieu\/\" title=\"Campingplatz Le Bourdieu\" class=\"camping-link\">\n                        <p class=\"title\">Campingplatz Le Bourdieu<\/p>\n                        <p class=\"camping-button\">Entdecken<\/p>\n                    <\/a>\n                <\/div>\n                    <\/div>\n    <\/div>\n\n<\/div>\n","protected":false},"excerpt":{"rendered":"<p>Entdecken Sie unsere Neuigkeiten \u00fcber den Campingplatz Foix VAP, indem Sie auf den oben stehenden Link klicken.  <\/p>\n","protected":false},"author":1,"featured_media":6877,"comment_status":"open","ping_status":"open","sticky":false,"template":"","format":"standard","meta":{"_acf_changed":false,"_seopress_robots_primary_cat":"none","_seopress_titles_title":"","_seopress_titles_desc":"","_seopress_robots_index":"","ouverture":"","nombre_de_locations":"","nombre_demplacements":"","adresse":"","numero_de_telephone":"","email":"","url_du_site":"","footnotes":""},"categories":[75],"tags":[],"class_list":["post-6044","post","type-post","status-publish","format-standard","has-post-thumbnail","hentry","category-nachrichten"],"acf":[],"_links":{"self":[{"href":"https:\/\/www.vap-camping.fr\/de\/wp-json\/wp\/v2\/posts\/6044","targetHints":{"allow":["GET"]}}],"collection":[{"href":"https:\/\/www.vap-camping.fr\/de\/wp-json\/wp\/v2\/posts"}],"about":[{"href":"https:\/\/www.vap-camping.fr\/de\/wp-json\/wp\/v2\/types\/post"}],"author":[{"embeddable":true,"href":"https:\/\/www.vap-camping.fr\/de\/wp-json\/wp\/v2\/users\/1"}],"replies":[{"embeddable":true,"href":"https:\/\/www.vap-camping.fr\/de\/wp-json\/wp\/v2\/comments?post=6044"}],"version-history":[{"count":4,"href":"https:\/\/www.vap-camping.fr\/de\/wp-json\/wp\/v2\/posts\/6044\/revisions"}],"predecessor-version":[{"id":7158,"href":"https:\/\/www.vap-camping.fr\/de\/wp-json\/wp\/v2\/posts\/6044\/revisions\/7158"}],"wp:featuredmedia":[{"embeddable":true,"href":"https:\/\/www.vap-camping.fr\/de\/wp-json\/wp\/v2\/media\/6877"}],"wp:attachment":[{"href":"https:\/\/www.vap-camping.fr\/de\/wp-json\/wp\/v2\/media?parent=6044"}],"wp:term":[{"taxonomy":"category","embeddable":true,"href":"https:\/\/www.vap-camping.fr\/de\/wp-json\/wp\/v2\/categories?post=6044"},{"taxonomy":"post_tag","embeddable":true,"href":"https:\/\/www.vap-camping.fr\/de\/wp-json\/wp\/v2\/tags?post=6044"}],"curies":[{"name":"wp","href":"https:\/\/api.w.org\/{rel}","templated":true}]}}