{"id":7591,"date":"2026-02-26T15:33:24","date_gmt":"2026-02-26T15:33:24","guid":{"rendered":"https:\/\/www.vap-camping.fr\/decouvrez-5-randonnees-faciles-et-panoramiques-pres-du-camping-du-lac-a-foix-pour-un-printemps-2026-en-famille-inoubliable\/"},"modified":"2026-03-11T20:28:54","modified_gmt":"2026-03-11T20:28:54","slug":"decouvrez-5-randonnees-faciles-et-panoramiques-pres-du-camping-du-lac-a-foix-pour-un-printemps-2026-en-famille-inoubliable","status":"publish","type":"post","link":"https:\/\/www.vap-camping.fr\/de\/decouvrez-5-randonnees-faciles-et-panoramiques-pres-du-camping-du-lac-a-foix-pour-un-printemps-2026-en-famille-inoubliable\/","title":{"rendered":"Wanderungen im Fr\u00fchling"},"content":{"rendered":"\n<div class=\"wp-block-group alignfull is-layout-flow wp-container-core-group-is-layout-12cc3699 wp-block-group-is-layout-flow\" style=\"padding-top:10rem\">\n<div class=\"wp-block-group has-global-padding is-layout-constrained wp-container-core-group-is-layout-2931b900 wp-block-group-is-layout-constrained\">\n<div class=\"wp-block-columns alignfull are-vertically-aligned-center is-layout-flex wp-container-core-columns-is-layout-0c0b91ec wp-block-columns-is-layout-flex\">\n<div class=\"wp-block-column is-vertically-aligned-center leftRight is-layout-flow wp-container-core-column-is-layout-58dbe9e9 wp-block-column-is-layout-flow\" style=\"padding-left:10rem;flex-basis:40%\">\n<div class=\"wp-block-group is-style-title-left is-layout-flow wp-block-group-is-layout-flow is-style-title-left--1\">\n<p class=\"has-secondary-color has-text-color has-link-color has-secondary-font-family has-xl-font-size wp-elements-497fa16cc91a469446cc89e9a4d03e4e\">Fr\u00fchjahr 2026<\/p>\n\n\n\n<p class=\"has-primary-color has-text-color has-link-color has-primary-font-family has-sm-font-size wp-elements-d6ff05644d23829e9999a6fa52768799\" style=\"text-transform:uppercase\"><strong>was man in der Umgebung von Foix unternehmen kann<\/strong><\/p>\n<\/div>\n\n\n\n<h1 class=\"wp-block-heading text-title\">Top 5 Familienwanderungen rund um den Camping du Lac in Foix (Ari\u00e8ge) im Fr\u00fchjahr 2026<\/h1>\n\n\n\n<p class=\"has-m-font-size\" style=\"padding-left:2rem\">Nutzen Sie den Fr\u00fchling 2026, um mit Ihrer Familie die sch\u00f6nsten Wanderungen rund um den Campingplatz du Lac in Foix zu entdecken. Diese 5 leichten und malerischen Wanderungen sind ideal, um Natur, Entdeckungen und gemeinsame Momente mit Ihren Lieben in einer gesch\u00fctzten Naturumgebung zu kombinieren. <\/p>\n<\/div>\n\n\n\n<div class=\"wp-block-column is-vertically-aligned-center rightLeft wp-block-image alignright size-large has-custom-border is-style-simple-right is-layout-flow wp-block-column-is-layout-flow is-style-simple-right--2\" style=\"border-style:none;border-width:0px;padding-top:0;padding-right:0;padding-bottom:0;padding-left:0;flex-basis:50%\">\n<figure class=\"wp-block-image alignright size-large is-style-default\"><img alt=\"\" decoding=\"async\" width=\"1024\" height=\"683\" src=\"https:\/\/www.vap-camping.fr\/wp-content\/uploads\/2025\/05\/AdobeStock_871143843-1024x683.jpeg\" alt=\"\" class=\"wp-image-1247\" srcset=\"https:\/\/www.vap-camping.fr\/wp-content\/uploads\/2025\/05\/AdobeStock_871143843-1024x683.jpeg 1024w, https:\/\/www.vap-camping.fr\/wp-content\/uploads\/2025\/05\/AdobeStock_871143843-600x400.jpeg 600w, https:\/\/www.vap-camping.fr\/wp-content\/uploads\/2025\/05\/AdobeStock_871143843-768x512.jpeg 768w, https:\/\/www.vap-camping.fr\/wp-content\/uploads\/2025\/05\/AdobeStock_871143843-1536x1024.jpeg 1536w, https:\/\/www.vap-camping.fr\/wp-content\/uploads\/2025\/05\/AdobeStock_871143843-2048x1365.jpeg 2048w\" sizes=\"(max-width: 1024px) 100vw, 1024px\" \/><\/figure>\n<\/div>\n<\/div>\n<\/div>\n\n\n\n<div class=\"wp-block-group has-global-padding is-layout-constrained wp-container-core-group-is-layout-2931b900 wp-block-group-is-layout-constrained\">\n<div class=\"wp-block-columns alignfull are-vertically-aligned-center is-layout-flex wp-container-core-columns-is-layout-0c0b91ec wp-block-columns-is-layout-flex\">\n<div class=\"wp-block-column is-vertically-aligned-center leftRight has-global-padding is-content-justification-left is-layout-constrained wp-container-core-column-is-layout-06d1de8d wp-block-column-is-layout-constrained\" style=\"padding-left:10rem;flex-basis:100%\">\n<div class=\"wp-block-group is-style-title-left is-layout-flow wp-block-group-is-layout-flow is-style-title-left--3\">\n<p class=\"has-secondary-color has-text-color has-link-color has-secondary-font-family has-xl-font-size wp-elements-bfad7eef856551fcde02638bcb059b64\">In K\u00fcrze<\/p>\n\n\n\n<p class=\"has-primary-color has-text-color has-link-color has-primary-font-family has-sm-font-size wp-elements-7b37c6816a317caf91b3a411f87804e2\" style=\"text-transform:uppercase\"><strong>zu diesen Wanderungen  <\/strong><\/p>\n<\/div>\n\n\n\n<p>\ud83c\udfaf Leitfaden f\u00fcr 5 Familienwanderungen<\/p>\n\n\n\n<p>\ud83d\udc65 Sportliche Paare, Familien mit Kindern<\/p>\n\n\n\n<p>\ud83d\udccd In der Umgebung von Camping du Lac, Foix (Ari\u00e8ge)<\/p>\n\n\n\n<p>\ud83d\udcc5 Fr\u00fchjahr 2026<\/p>\n\n\n\n<p>\u2728 Leichte Routen, Panoramen, zug\u00e4ngliche Natur<\/p>\n<\/div>\n\n\n\n<div class=\"wp-block-column is-vertically-aligned-center rightLeft wp-block-image alignright size-large has-custom-border is-style-simple-right is-layout-flow wp-block-column-is-layout-flow is-style-simple-right--4\" style=\"border-style:none;border-width:0px;padding-top:0;padding-right:0;padding-bottom:0;padding-left:0;flex-basis:50%\">\n<figure class=\"wp-block-image size-large\"><img decoding=\"async\" width=\"1024\" height=\"683\" src=\"https:\/\/www.vap-camping.fr\/wp-content\/uploads\/2026\/02\/camping-riviere-ariege-1024x683.webp\" alt=\"buchen Sie Ihren Aufenthalt auf einem Campingplatz am Ufer eines Sees oder Flusses in der Ari&#xE8;ge.\" class=\"wp-image-7422\" srcset=\"https:\/\/www.vap-camping.fr\/wp-content\/uploads\/2026\/02\/camping-riviere-ariege-1024x683.webp 1024w, https:\/\/www.vap-camping.fr\/wp-content\/uploads\/2026\/02\/camping-riviere-ariege-600x400.webp 600w, https:\/\/www.vap-camping.fr\/wp-content\/uploads\/2026\/02\/camping-riviere-ariege-768x512.webp 768w, https:\/\/www.vap-camping.fr\/wp-content\/uploads\/2026\/02\/camping-riviere-ariege-1536x1024.webp 1536w, https:\/\/www.vap-camping.fr\/wp-content\/uploads\/2026\/02\/camping-riviere-ariege.webp 1920w\" sizes=\"(max-width: 1024px) 100vw, 1024px\" \/><\/figure>\n<\/div>\n<\/div>\n<\/div>\n\n\n\n<div class=\"wp-block-group has-global-padding is-layout-constrained wp-container-core-group-is-layout-2931b900 wp-block-group-is-layout-constrained\">\n<div class=\"wp-block-columns alignfull are-vertically-aligned-center is-layout-flex wp-container-core-columns-is-layout-0c0b91ec wp-block-columns-is-layout-flex\">\n<div class=\"wp-block-column is-vertically-aligned-center leftRight is-layout-flow wp-container-core-column-is-layout-58dbe9e9 wp-block-column-is-layout-flow\" style=\"padding-left:10rem;flex-basis:100%\">\n<div class=\"wp-block-group is-style-title-left is-layout-flow wp-block-group-is-layout-flow is-style-title-left--5\">\n<p class=\"has-secondary-color has-text-color has-link-color has-secondary-font-family has-xl-font-size wp-elements-e0f3b1f845bbd86a8bc5d3f1e24b4a07\"><strong>Die 5 Familienwanderungen<\/strong><\/p>\n\n\n\n<p class=\"has-primary-color has-text-color has-link-color has-primary-font-family has-sm-font-size wp-elements-b379d9ef0166b909d2feb5ef102ef96b\" style=\"text-transform:uppercase\"><strong>  am beliebtesten in der Umgebung von Foix<\/strong> <\/p>\n<\/div>\n\n\n\n<p><\/p>\n\n\n\n<h3 class=\"wp-block-heading\">1) Pfad von Saint-Sauveur (Foix)<\/h3>\n\n\n\n<p>Dieser Rundweg oder Hin- und R\u00fcckweg von etwa 5 km L\u00e4nge dauert etwa 1,5 bis 2 Stunden. Sie bietet einen unglaublichen Panoramablick auf die Stadt Foix und das darunter liegende Tal und ist ideal, um Kinder zu motivieren, die etwas wanderlustig sind. Der Weg ist gut markiert und auch f\u00fcr Anf\u00e4nger geeignet. Perfekt f\u00fcr einen Familienausflug im Fr\u00fchling in der N\u00e4he des Campingplatzes.   <\/p>\n\n\n\n<h3 class=\"wp-block-heading\">2) Les Terrasses du Pech (Foix)<\/h3>\n\n\n\n<p class=\"has-s-font-size\">Mit nur 1 bis 2 km, die in etwa 45 Minuten zur\u00fcckgelegt werden m\u00fcssen, ist diese kurze Wanderung ein echter Vorteil f\u00fcr Familien mit kleinen Kindern oder gel\u00e4ndeg\u00e4ngigen Kinderwagen. Er ist einfach und angenehm und erm\u00f6glicht es Ihnen, die mittelalterliche Stadt Foix von mehreren Aussichtspunkten aus zu bewundern und bietet kinderfreundliche Pausen. <\/p>\n\n\n\n<h3 class=\"wp-block-heading\">3) Tour de Vals (Varilhes)<\/h3>\n\n\n\n<p>Diese leichte Wanderung von ca. 6-7 km (2-2,5 Std.) f\u00fchrt durch ein ruhiges, bewaldetes Tal. Er ist mit \u00f6ffentlichen Verkehrsmitteln von Foix aus erreichbar und besticht durch seine friedliche und nat\u00fcrliche Seite, perfekt f\u00fcr sportliche Wanderer, die einen Moment abseits der ausgetretenen Pfade suchen, aber auch f\u00fcr Familien geeignet sind. <\/p>\n\n\n\n<h3 class=\"wp-block-heading\">4) Der Moulin de la Laur\u00e8de Pfad (Burret)<\/h3>\n\n\n\n<p>Ein kurzer Waldspaziergang von 1,6 km L\u00e4nge in ca. 45 Minuten, sehr einfach und ideal f\u00fcr kleine Kinder oder f\u00fcr diejenigen, die mit dem Wandern beginnen m\u00f6chten. Dieser ruhige Weg mit seinem geringen H\u00f6henunterschied l\u00e4dt dazu ein, die lokale Natur in einer entspannten Umgebung zu entdecken. <\/p>\n\n\n\n<h3 class=\"wp-block-heading\">5) Chemin de l&#8217;\u00c2ne Gris \/ Waldspazierg\u00e4nge (Ari\u00e8ge)<\/h3>\n\n\n\n<p>Dieses Netz von markierten Wanderwegen rund um Foix und die umliegenden D\u00f6rfer bietet mehrere familienfreundliche Rundwege von ca. 2 km bis 6 km L\u00e4nge, die je nach gew\u00e4hlter Route 1 bis 3 Stunden dauern. Zwischen W\u00e4ldern, Teichen und Wasserstellen bieten diese Spazierg\u00e4nge ein vollst\u00e4ndiges Eintauchen in die Natur der Ariege und sind f\u00fcr alle Niveaus zug\u00e4nglich. <\/p>\n<\/div>\n\n\n\n<div class=\"wp-block-column is-layout-flow wp-block-column-is-layout-flow\"><\/div>\n<\/div>\n<\/div>\n\n\n\n<div class=\"wp-block-group has-global-padding is-layout-constrained wp-container-core-group-is-layout-2931b900 wp-block-group-is-layout-constrained\">\n<div class=\"wp-block-columns alignfull are-vertically-aligned-center is-layout-flex wp-container-core-columns-is-layout-0c0b91ec wp-block-columns-is-layout-flex\">\n<div class=\"wp-block-column is-vertically-aligned-center leftRight is-layout-flow wp-container-core-column-is-layout-58dbe9e9 wp-block-column-is-layout-flow\" style=\"padding-left:10rem;flex-basis:100%\">\n<div class=\"wp-block-group is-style-title-left is-layout-flow wp-block-group-is-layout-flow is-style-title-left--6\">\n<p class=\"has-secondary-color has-text-color has-link-color has-secondary-font-family has-xl-font-size wp-elements-8237173e6ecef609f416e67b93dda8b8\"><strong>Praktische Informationen<\/strong><\/p>\n\n\n\n<p class=\"has-primary-color has-text-color has-link-color has-primary-font-family has-sm-font-size wp-elements-5515a04e0aea24d4e13ead8182adeb50\" style=\"text-transform:uppercase\"><strong>f\u00fcr Ihre Wanderungen<\/strong><\/p>\n<\/div>\n\n\n\n<p>\ud83d\udca1Empfohlene Periode: Fr\u00fchling (M\u00e4rz bis Juni 2026)<\/p>\n\n\n\n<p>\ud83d\udca1Wanderschuhe sind f\u00fcr Ihre Sicherheit erforderlich.<\/p>\n\n\n\n<p>\ud83d\udca1\u00dcberpr\u00fcfen Sie die \u00f6rtliche Markierung (gelbe\/rote Farbe oder Schilder).<\/p>\n\n\n\n<p>\ud83d\udca1 Nehmen Sie Wasser und Snacks mit, besonders wenn Sie mit Kindern wandern.<\/p>\n\n\n\n<p>\ud83d\udca1 Vermeiden Sie gro\u00dfe Hitze, bevorzugen Sie einen Ausflug am fr\u00fchen Morgen oder am sp\u00e4ten Nachmittag.<\/p>\n\n\n\n<p><\/p>\n\n\n\n<p><\/p>\n<\/div>\n<\/div>\n<\/div>\n\n\n\n<div class=\"wp-block-columns alignfull are-vertically-aligned-center is-layout-flex wp-container-core-columns-is-layout-0c0b91ec wp-block-columns-is-layout-flex\">\n<div class=\"wp-block-column is-vertically-aligned-center leftRight is-layout-flow wp-container-core-column-is-layout-58dbe9e9 wp-block-column-is-layout-flow\" style=\"padding-left:10rem;flex-basis:100%\">\n<div class=\"wp-block-group is-style-title-left is-layout-flow wp-block-group-is-layout-flow is-style-title-left--7\">\n<p class=\"has-secondary-color has-text-color has-link-color has-secondary-font-family has-xl-font-size wp-elements-93ee8bebe53dd520761f998900bae0d4\"><strong>Andere Erfahrungen  <\/strong><\/p>\n\n\n\n<p class=\"has-primary-color has-text-color has-link-color has-primary-font-family has-sm-font-size wp-elements-b9e4dcb0372a40ecb014c57472823dd3\" style=\"text-transform:uppercase\"><strong>rund um den Campingplatz<\/strong><\/p>\n<\/div>\n\n\n\n<p>Neben diesen Wanderungen k\u00f6nnen Sie die N\u00e4he des Camping du Lac zum Stadtzentrum von Foix nutzen, um das ber\u00fchmte mittelalterliche Schloss zu besichtigen, \u00fcber die lokalen M\u00e4rkte zu schlendern oder sich im Kanu- und Paddelbootfahren auf dem Fluss Ari\u00e8ge zu \u00fcben. Der Campingplatz bietet auch einen Au\u00dfenpool und zahlreiche Sommeranimationen f\u00fcr die ganze Familie. <\/p>\n\n\n\n<p><\/p>\n\n\n\n<h2 class=\"wp-block-heading\">\ud83c\udfaf Buchen Sie jetzt Ihren Aufenthalt auf Camping du Lac<\/h2>\n\n\n\n<p>Sind Sie bereit f\u00fcr ein unvergessliches Naturabenteuer in der Ari\u00e8ge? <a href=\"https:\/\/reservation.secureholiday.net\/group\/fr\/108\/\" target=\"_blank\" rel=\"noreferrer noopener\">Buchen Sie jetzt<\/a> Ihre Unterkunft auf dem Camping du Lac in Foix und genie\u00dfen Sie die vielen Fr\u00fchlingswanderungen in der N\u00e4he Ihres Urlaubsortes.<\/p>\n<\/div>\n<\/div>\n\n\n\n<div class=\"wp-block-group has-global-padding is-layout-constrained wp-container-core-group-is-layout-2931b900 wp-block-group-is-layout-constrained\">\n<div class=\"wp-block-columns alignfull are-vertically-aligned-center is-layout-flex wp-container-core-columns-is-layout-0c0b91ec wp-block-columns-is-layout-flex\">\n<div class=\"wp-block-column is-vertically-aligned-center leftRight is-layout-flow wp-container-core-column-is-layout-58dbe9e9 wp-block-column-is-layout-flow\" style=\"padding-left:10rem;flex-basis:100%\">\n<div class=\"wp-block-group is-style-title-left is-layout-flow wp-block-group-is-layout-flow is-style-title-left--8\">\n<p class=\"has-secondary-color has-text-color has-link-color has-secondary-font-family has-xl-font-size wp-elements-51ab1c7f7e507a8bf191f078b1c16bee\"><strong>F &amp; Q<\/strong><\/p>\n\n\n\n<p class=\"has-primary-color has-text-color has-link-color has-primary-font-family has-sm-font-size wp-elements-950592aeace2d450769d7c5f18b025c9\" style=\"text-transform:uppercase\"><strong>Ihre h\u00e4ufig gestellten Fragen<\/strong><\/p>\n<\/div>\n\n\n\n<p><strong>Welche Art von Schuhen werden f\u00fcr diese Wanderungen empfohlen?<\/strong><br\/>Wir empfehlen bequeme Wanderschuhe, die f\u00fcr die verschiedenen Gel\u00e4ndearten geeignet sind, um Sicherheit und Komfort f\u00fcr die ganze Familie zu gew\u00e4hrleisten.<\/p>\n\n\n\n<p><strong>K\u00f6nnen Sie diese Wanderungen mit Kleinkindern machen?<\/strong><br\/>Ja, mehrere Routen, insbesondere der Sentier du Moulin de la Laur\u00e8de und Les Terrasses du Pech, sind sehr einfach und f\u00fcr kleine Kinder geeignet.<\/p>\n\n\n\n<p><strong>M\u00fcssen Sie f\u00fcr diese Spazierg\u00e4nge im Voraus buchen?<\/strong><br\/>Nein, diese Wanderungen sind frei zug\u00e4nglich. Es ist jedoch wichtig, dass Sie gut ausger\u00fcstet sind und sich an die Sicherheitsvorschriften halten. <\/p>\n\n\n\n<p><strong>Bietet der Campingplatz Tipps oder Karten f\u00fcr diese Wanderungen?<\/strong><br\/>Ja, an der Rezeption des Camping du Lac erhalten Sie Informationen und Ratschl\u00e4ge zu den Routen sowie Karten, um Ihre Ausfl\u00fcge zu organisieren.<\/p>\n\n\n\n<p><strong>Gibt es zus\u00e4tzliche Aktivit\u00e4ten in der N\u00e4he des Campingplatzes?<\/strong><br\/>Der Campingplatz bietet einen Swimmingpool (von Juni bis September), Familienunterhaltung (in der Saison) und die Anbieter in der Umgebung bieten Kanu, Paddelboot und kulturelle Ausfl\u00fcge nach Foix.<\/p>\n\n\n\n<script type=\"application\/ld+json\">{\n  \"@context\": \"https:\/\/schema.org\",\n  \"@graph\": [\n    {\n      \"@type\": \"BlogPosting\",\n      \"@id\": \"https:\/\/www.tonsite.fr\/randonnees-familiales-foix-printemps-2026\/#article\",\n      \"headline\": \"Top 5 des randonn\u00e9es familiales autour du Camping du Lac \u00e0 Foix (Ari\u00e8ge) au printemps 2026\",\n      \"description\": \"D\u00e9couvrez 5 randonn\u00e9es familiales faciles autour du Camping du Lac \u00e0 Foix pour profiter du printemps 2026 en Ari\u00e8ge entre nature, panoramas et balades accessibles avec enfants.\",\n      \"articleSection\": \"Activit\u00e9s autour de Foix\",\n      \"keywords\": [\n        \"randonn\u00e9es familiales Foix\",\n        \"randonn\u00e9e Ari\u00e8ge famille\",\n        \"balades autour de Foix\",\n        \"Camping du Lac Foix\",\n        \"printemps 2026 Foix\",\n        \"que faire autour de Foix\",\n        \"randonn\u00e9e facile Ari\u00e8ge\",\n        \"vacances nature Foix\"\n      ],\n      \"inLanguage\": \"fr\",\n      \"url\": \"https:\/\/www.tonsite.fr\/randonnees-familiales-foix-printemps-2026\/\",\n      \"mainEntityOfPage\": {\n        \"@type\": \"WebPage\",\n        \"@id\": \"https:\/\/www.tonsite.fr\/randonnees-familiales-foix-printemps-2026\/\"\n      },\n      \"about\": {\n        \"@id\": \"https:\/\/www.tonsite.fr\/randonnees-familiales-foix-printemps-2026\/#list\"\n      },\n      \"isPartOf\": {\n        \"@type\": \"WebSite\",\n        \"name\": \"Camping du Lac\",\n        \"url\": \"https:\/\/www.tonsite.fr\/\"\n      },\n      \"author\": {\n        \"@type\": \"Organization\",\n        \"name\": \"Camping du Lac\"\n      },\n      \"publisher\": {\n        \"@type\": \"Organization\",\n        \"name\": \"Camping du Lac\",\n        \"logo\": {\n          \"@type\": \"ImageObject\",\n          \"url\": \"https:\/\/www.tonsite.fr\/url-logo.png\"\n        }\n      },\n      \"image\": [\n        \"https:\/\/www.tonsite.fr\/url-image-article.jpg\"\n      ],\n      \"datePublished\": \"2026-03-09\",\n      \"dateModified\": \"2026-03-09\"\n    },\n    {\n      \"@type\": \"ItemList\",\n      \"@id\": \"https:\/\/www.tonsite.fr\/randonnees-familiales-foix-printemps-2026\/#list\",\n      \"name\": \"Top 5 des randonn\u00e9es familiales autour de Foix\",\n      \"description\": \"S\u00e9lection de 5 randonn\u00e9es faciles et familiales autour du Camping du Lac \u00e0 Foix au printemps 2026.\",\n      \"numberOfItems\": 5,\n      \"itemListOrder\": \"https:\/\/schema.org\/ItemListOrderAscending\",\n      \"itemListElement\": [\n        {\n          \"@type\": \"ListItem\",\n          \"position\": 1,\n          \"name\": \"Sentier de Saint-Sauveur (Foix)\",\n          \"description\": \"Balade de 5 km environ, 1h30 \u00e0 2h, avec vue panoramique sur Foix et la vall\u00e9e. Accessible aux randonneurs d\u00e9butants et adapt\u00e9e aux familles.\"\n        },\n        {\n          \"@type\": \"ListItem\",\n          \"position\": 2,\n          \"name\": \"Les Terrasses du Pech (Foix)\",\n          \"description\": \"Balade courte de 1 \u00e0 2 km en 45 minutes environ, id\u00e9ale pour les familles avec jeunes enfants. Plusieurs belv\u00e9d\u00e8res sur la cit\u00e9 m\u00e9di\u00e9vale de Foix.\"\n        },\n        {\n          \"@type\": \"ListItem\",\n          \"position\": 3,\n          \"name\": \"Tour de Vals (Varilhes)\",\n          \"description\": \"Circuit facile de 6 \u00e0 7 km, 2 \u00e0 2h30 de marche, dans un vallon bois\u00e9 paisible. Accessible depuis Foix et adapt\u00e9 aux familles aimant marcher.\"\n        },\n        {\n          \"@type\": \"ListItem\",\n          \"position\": 4,\n          \"name\": \"Sentier du Moulin de la Laur\u00e8de (Burret)\",\n          \"description\": \"Promenade foresti\u00e8re tr\u00e8s facile de 1,6 km, environ 45 minutes, id\u00e9ale avec de jeunes enfants ou pour une initiation \u00e0 la randonn\u00e9e.\"\n        },\n        {\n          \"@type\": \"ListItem\",\n          \"position\": 5,\n          \"name\": \"Chemin de l\u2019\u00c2ne Gris et balades en for\u00eat (Ari\u00e8ge)\",\n          \"description\": \"R\u00e9seau de sentiers balis\u00e9s proposant plusieurs boucles familiales de 2 \u00e0 6 km, de 1 \u00e0 3 heures, entre for\u00eats, \u00e9tangs et nature ari\u00e9geoise.\"\n        }\n      ]\n    },\n    {\n      \"@type\": \"FAQPage\",\n      \"@id\": \"https:\/\/www.tonsite.fr\/randonnees-familiales-foix-printemps-2026\/#faq\",\n      \"mainEntity\": [\n        {\n          \"@type\": \"Question\",\n          \"name\": \"Quels types de chaussures sont recommand\u00e9s pour ces randonn\u00e9es ?\",\n          \"acceptedAnswer\": {\n            \"@type\": \"Answer\",\n            \"text\": \"Nous recommandons des chaussures de marche confortables et adapt\u00e9es aux terrains vari\u00e9s pour assurer s\u00e9curit\u00e9 et confort \u00e0 toute la famille.\"\n          }\n        },\n        {\n          \"@type\": \"Question\",\n          \"name\": \"Peut-on faire ces randonn\u00e9es avec des enfants en bas \u00e2ge ?\",\n          \"acceptedAnswer\": {\n            \"@type\": \"Answer\",\n            \"text\": \"Oui, plusieurs itin\u00e9raires, notamment le Sentier du Moulin de la Laur\u00e8de et Les Terrasses du Pech, sont tr\u00e8s faciles et adapt\u00e9s aux jeunes enfants.\"\n          }\n        },\n        {\n          \"@type\": \"Question\",\n          \"name\": \"Faut-il r\u00e9server \u00e0 l\u2019avance pour ces balades ?\",\n          \"acceptedAnswer\": {\n            \"@type\": \"Answer\",\n            \"text\": \"Non, ces randonn\u00e9es sont libres d\u2019acc\u00e8s. Il est toutefois important d\u2019\u00eatre bien \u00e9quip\u00e9 et de respecter les consignes de s\u00e9curit\u00e9.\"\n          }\n        },\n        {\n          \"@type\": \"Question\",\n          \"name\": \"Le camping propose-t-il des conseils ou cartes pour ces randonn\u00e9es ?\",\n          \"acceptedAnswer\": {\n            \"@type\": \"Answer\",\n            \"text\": \"Oui, \u00e0 l\u2019accueil du Camping du Lac, vous pouvez obtenir des renseignements et conseils sur les itin\u00e9raires, ainsi que des cartes pour organiser vos sorties.\"\n          }\n        },\n        {\n          \"@type\": \"Question\",\n          \"name\": \"Y a-t-il des activit\u00e9s compl\u00e9mentaires proches du camping ?\",\n          \"acceptedAnswer\": {\n            \"@type\": \"Answer\",\n            \"text\": \"Oui, le camping propose une piscine ext\u00e9rieure en saison, des animations familiales, et les environs permettent de pratiquer le cano\u00eb, le paddle et les visites culturelles \u00e0 Foix.\"\n          }\n        }\n      ]\n    }\n  ]\n}\n<\/script>\n<\/div>\n<\/div>\n<\/div>\n<\/div>\n\n<div class=\"wp-block-columns alignfull are-vertically-aligned-center is-layout-flex wp-container-core-columns-is-layout-0c0b91ec wp-block-columns-is-layout-flex\">\n<div class=\"wp-block-column is-layout-flow wp-block-column-is-layout-flow\"><\/div>\n<\/div>\n\n<div class=\"wp-block-group reveal has-global-padding is-layout-constrained wp-block-group-is-layout-constrained\">\n<div class=\"wp-block-group alignwide is-style-title-simple is-layout-flow wp-block-group-is-layout-flow is-style-title-simple--9\" style=\"margin-top:4rem;margin-bottom:4rem\">\n<p class=\"has-text-align-center has-secondary-color has-text-color has-link-color has-secondary-font-family has-xl-font-size wp-elements-754a17b6465ac1fab313b12ad098c134\">\n  Unsere Einrichtungen<\/p>\n\n\n\n<p class=\"has-text-align-center has-primary-font-family has-sm-font-size\" style=\"text-transform:uppercase\">\n                <strong>in der N\u00e4he<\/strong>\n            <\/p>\n<\/div>\n\n\n<div class=\"campings-wrapper is-layout-flow wp-block-slider-campings-is-layout-flow\">\n            <div class=\"campings-list\">\n                            <div class=\"camping-item\"\n                    style=\"background-image: linear-gradient(to top, rgba(0, 0, 0, 0.6), transparent), url('https:\/\/www.vap-camping.fr\/wp-content\/uploads\/2025\/04\/camping-avec-piscine-1024x767.jpg');\">\n                    <a href=\"https:\/\/www.vap-camping.fr\/de\/campings\/camping-du-lac\/\" title=\"Campingplatz du lac(Foix)\" class=\"camping-link\">\n                        <p class=\"title\">Campingplatz du lac(Foix)<\/p>\n                        <p class=\"camping-button\">Entdecken<\/p>\n                    <\/a>\n                <\/div>\n                    <\/div>\n    <\/div>\n\n<\/div>\n","protected":false},"excerpt":{"rendered":"<p>Entdecken Sie unsere Neuigkeiten \u00fcber den Campingplatz Foix VAP, indem Sie auf den oben stehenden Link klicken.  <\/p>\n","protected":false},"author":1,"featured_media":2925,"comment_status":"open","ping_status":"open","sticky":false,"template":"","format":"standard","meta":{"_acf_changed":false,"_seopress_robots_primary_cat":"none","_seopress_titles_title":"","_seopress_titles_desc":"","_seopress_robots_index":"","ouverture":"","nombre_de_locations":"","nombre_demplacements":"","adresse":"","numero_de_telephone":"","email":"","url_du_site":"","footnotes":""},"categories":[75],"tags":[],"class_list":["post-7591","post","type-post","status-publish","format-standard","has-post-thumbnail","hentry","category-nachrichten"],"acf":[],"_links":{"self":[{"href":"https:\/\/www.vap-camping.fr\/de\/wp-json\/wp\/v2\/posts\/7591","targetHints":{"allow":["GET"]}}],"collection":[{"href":"https:\/\/www.vap-camping.fr\/de\/wp-json\/wp\/v2\/posts"}],"about":[{"href":"https:\/\/www.vap-camping.fr\/de\/wp-json\/wp\/v2\/types\/post"}],"author":[{"embeddable":true,"href":"https:\/\/www.vap-camping.fr\/de\/wp-json\/wp\/v2\/users\/1"}],"replies":[{"embeddable":true,"href":"https:\/\/www.vap-camping.fr\/de\/wp-json\/wp\/v2\/comments?post=7591"}],"version-history":[{"count":2,"href":"https:\/\/www.vap-camping.fr\/de\/wp-json\/wp\/v2\/posts\/7591\/revisions"}],"predecessor-version":[{"id":8235,"href":"https:\/\/www.vap-camping.fr\/de\/wp-json\/wp\/v2\/posts\/7591\/revisions\/8235"}],"wp:featuredmedia":[{"embeddable":true,"href":"https:\/\/www.vap-camping.fr\/de\/wp-json\/wp\/v2\/media\/2925"}],"wp:attachment":[{"href":"https:\/\/www.vap-camping.fr\/de\/wp-json\/wp\/v2\/media?parent=7591"}],"wp:term":[{"taxonomy":"category","embeddable":true,"href":"https:\/\/www.vap-camping.fr\/de\/wp-json\/wp\/v2\/categories?post=7591"},{"taxonomy":"post_tag","embeddable":true,"href":"https:\/\/www.vap-camping.fr\/de\/wp-json\/wp\/v2\/tags?post=7591"}],"curies":[{"name":"wp","href":"https:\/\/api.w.org\/{rel}","templated":true}]}}