{"id":8205,"date":"2026-03-03T13:42:42","date_gmt":"2026-03-03T13:42:42","guid":{"rendered":"https:\/\/www.vap-camping.fr\/plus-belles-randonnees-foix\/"},"modified":"2026-03-11T20:28:33","modified_gmt":"2026-03-11T20:28:33","slug":"plus-belles-randonnees-foix","status":"publish","type":"post","link":"https:\/\/www.vap-camping.fr\/de\/plus-belles-randonnees-foix\/","title":{"rendered":"Wandern rund um Foix: die sch\u00f6nsten Routen in weniger als 20 Minuten erreichbar"},"content":{"rendered":"\n<div class=\"wp-block-group alignfull is-layout-flow wp-container-core-group-is-layout-8af317cd wp-block-group-is-layout-flow\">\n<div class=\"wp-block-group hero-camp fromOpacity is-layout-flow wp-block-group-is-layout-flow\" style=\"margin-bottom:20rem\">\n<div class=\"wp-block-group alignfull hero-img fromOpacity is-layout-flow wp-block-group-is-layout-flow\">\n<figure class=\"wp-block-image size-full\"><img alt=\"randonn\u00e9e\" decoding=\"async\" width=\"1920\" height=\"1253\" src=\"https:\/\/www.vap-camping.fr\/wp-content\/uploads\/2026\/02\/camping-gr10-ariege.webp\" alt=\"\" class=\"wp-image-7545\" srcset=\"https:\/\/www.vap-camping.fr\/wp-content\/uploads\/2026\/02\/camping-gr10-ariege.webp 1920w, https:\/\/www.vap-camping.fr\/wp-content\/uploads\/2026\/02\/camping-gr10-ariege-600x392.webp 600w, https:\/\/www.vap-camping.fr\/wp-content\/uploads\/2026\/02\/camping-gr10-ariege-1024x668.webp 1024w, https:\/\/www.vap-camping.fr\/wp-content\/uploads\/2026\/02\/camping-gr10-ariege-768x501.webp 768w, https:\/\/www.vap-camping.fr\/wp-content\/uploads\/2026\/02\/camping-gr10-ariege-1536x1002.webp 1536w\" sizes=\"(max-width: 1920px) 100vw, 1920px\" \/><\/figure>\n<\/div>\n\n\n\n<div class=\"wp-block-group hero-desc has-secondary-background-color has-background fromOpacity is-layout-flow wp-block-group-is-layout-flow\" style=\"border-top-right-radius:90px;border-bottom-right-radius:90px;padding-top:2rem;padding-bottom:2rem;padding-left:5rem\"><h1 style=\"font-size:clamp(3.037rem, 3.037rem + ((1vw - 0.2rem) * 4.018), 6rem);\" class=\"has-link-color wp-elements-971196805a816ee349c8ae4f34a1c7a7 wp-block-post-title has-text-color has-white-color has-secondary-font-family\">Wandern rund um Foix: die sch\u00f6nsten Routen in weniger als 20 Minuten erreichbar<\/h1>\n\n\n<div class=\"wp-block-group is-nowrap is-layout-flex wp-container-core-group-is-layout-3b4e9d3e wp-block-group-is-layout-flex\">\n<p class=\"has-white-color has-text-color has-link-color has-sm-font-size wp-elements-76fad843d3f520432e82205f2e6c713e\" style=\"font-style:normal;font-weight:500;text-transform:uppercase\">Campingpl\u00e4tze<\/p>\n\n\n\n<figure class=\"wp-block-image size-full\"><img alt=\"\" decoding=\"async\" src=\"https:\/\/www.vap-camping.fr\/wp-content\/themes\/vap\/assets\/img\/svg\/star-white.svg\" alt=\"\" class=\"wp-image-657\"\/><\/figure>\n\n\n\n<figure class=\"wp-block-image size-full\"><img alt=\"\" decoding=\"async\" src=\"https:\/\/www.vap-camping.fr\/wp-content\/themes\/vap\/assets\/img\/svg\/star-white.svg\" alt=\"\" class=\"wp-image-657\"\/><\/figure>\n\n\n\n<figure class=\"wp-block-image size-full\"><img alt=\"\" decoding=\"async\" src=\"https:\/\/www.vap-camping.fr\/wp-content\/themes\/vap\/assets\/img\/svg\/star-white.svg\" alt=\"\" class=\"wp-image-657\"\/><\/figure>\n\n\n\n<p class=\"has-white-color has-text-color has-link-color has-sm-font-size wp-elements-607150ecce0303d631b7810c1641f883\" style=\"font-style:normal;font-weight:500;text-transform:uppercase\">&amp;<\/p>\n\n\n\n<figure class=\"wp-block-image size-full\"><img alt=\"\" decoding=\"async\" src=\"https:\/\/www.vap-camping.fr\/wp-content\/themes\/vap\/assets\/img\/svg\/star-white.svg\" alt=\"\" class=\"wp-image-657\"\/><\/figure>\n\n\n\n<figure class=\"wp-block-image size-full\"><img alt=\"\" decoding=\"async\" src=\"https:\/\/www.vap-camping.fr\/wp-content\/themes\/vap\/assets\/img\/svg\/star-white.svg\" alt=\"\" class=\"wp-image-657\"\/><\/figure>\n\n\n\n<figure class=\"wp-block-image size-full\"><img alt=\"\" decoding=\"async\" src=\"https:\/\/www.vap-camping.fr\/wp-content\/themes\/vap\/assets\/img\/svg\/star-white.svg\" alt=\"\" class=\"wp-image-657\"\/><\/figure>\n\n\n\n<figure class=\"wp-block-image size-full\"><img alt=\"\" decoding=\"async\" src=\"https:\/\/www.vap-camping.fr\/wp-content\/themes\/vap\/assets\/img\/svg\/star-white.svg\" alt=\"\" class=\"wp-image-657\"\/><\/figure>\n\n\n\n<p class=\"has-white-color has-text-color has-link-color has-sm-font-size wp-elements-5f11a4293a78a407dcd3ee172c5c9b04\" style=\"font-style:normal;font-weight:500;text-transform:uppercase\">&#8211; Ariege<\/p>\n<\/div>\n<\/div>\n<\/div>\n\n\n\n<div class=\"wp-block-group has-global-padding is-layout-constrained wp-block-group-is-layout-constrained\">\n<div class=\"wp-block-columns alignfull m-ti is-layout-flex wp-container-core-columns-is-layout-0c0b91ec wp-block-columns-is-layout-flex\">\n<div class=\"wp-block-column is-vertically-aligned-center leftRight m-ti-text is-layout-flow wp-block-column-is-layout-flow\" style=\"padding-left:10rem;flex-basis:40%\">\n<div class=\"wp-block-group is-style-title-left is-layout-flow wp-block-group-is-layout-flow is-style-title-left--1\">\n<p class=\"has-secondary-color has-text-color has-link-color has-secondary-font-family has-xl-font-size wp-elements-f1ec368de84e612a649ce19aed59ded8\"><em>Gro\u00dfartige Natur,<\/em><\/p>\n\n\n\n<p class=\"has-primary-color has-text-color has-link-color has-primary-font-family has-sm-font-size wp-elements-111c5b658ffdcc410ac498cb110cc9c9\" style=\"text-transform:uppercase\"><strong>von Foix aus<\/strong><\/p>\n<\/div>\n\n\n\n<p class=\"has-m-font-size\" style=\"padding-left:2rem\">Foix, die Pr\u00e4fektur des Departements Ari\u00e8ge am Fu\u00dfe der Pyren\u00e4en, ist mehr als nur eine mittelalterliche Stadt mit einem symboltr\u00e4chtigen Schloss. Sie ist ein guter Ausgangspunkt f\u00fcr abwechslungsreiche <strong>Wanderungen <\/strong>, die f\u00fcr <strong>alle Schwierigkeitsgrade<\/strong> geeignet sind und durch Landschaften f\u00fchren, in denen sich feuchte W\u00e4lder, aussichtsreiche Bergk\u00e4mme und Flussufer abwechseln. Ob Sie nur auf der Durchreise sind oder Ihren Urlaub auf einem <a href=\"https:\/\/www.vap-camping.fr\/es\/campings\/camping-du-lac\/\">Campingplatz in Foix<\/a> verbringen, hier sind die <strong>besten Wanderrouten<\/strong> rund um Foix, von denen die meisten auch ohne Auto erreichbar sind.  <\/p>\n\n\n\n<div style=\"height:20px\" aria-hidden=\"true\" class=\"wp-block-spacer\"><\/div>\n<\/div>\n\n\n\n<div class=\"wp-block-column is-vertically-aligned-stretch rightLeft m-ti-image is-style-simple-right is-layout-flow wp-block-column-is-layout-flow is-style-simple-right--2\" style=\"flex-basis:60%\">\n<figure class=\"wp-block-image alignright size-large\"><img alt=\"\" decoding=\"async\" width=\"1024\" height=\"768\" src=\"https:\/\/www.vap-camping.fr\/wp-content\/uploads\/2026\/02\/randonnee-famille-enfants-ariege-1024x768.webp\" alt=\"\" class=\"wp-image-7635\" srcset=\"https:\/\/www.vap-camping.fr\/wp-content\/uploads\/2026\/02\/randonnee-famille-enfants-ariege-1024x768.webp 1024w, https:\/\/www.vap-camping.fr\/wp-content\/uploads\/2026\/02\/randonnee-famille-enfants-ariege-600x450.webp 600w, https:\/\/www.vap-camping.fr\/wp-content\/uploads\/2026\/02\/randonnee-famille-enfants-ariege-768x576.webp 768w, https:\/\/www.vap-camping.fr\/wp-content\/uploads\/2026\/02\/randonnee-famille-enfants-ariege-1536x1152.webp 1536w, https:\/\/www.vap-camping.fr\/wp-content\/uploads\/2026\/02\/randonnee-famille-enfants-ariege.webp 1920w\" sizes=\"(max-width: 1024px) 100vw, 1024px\" \/><\/figure>\n<\/div>\n<\/div>\n<\/div>\n\n\n\n<div class=\"wp-block-group alignwide is-style-title-simple fromTop is-layout-flow wp-block-group-is-layout-flow is-style-title-simple--3\" style=\"margin-top:4rem;margin-bottom:4rem\">\n<p class=\"has-text-align-center has-secondary-color has-text-color has-link-color has-secondary-font-family has-xl-font-size wp-elements-7b14e3189116bc87d314dd8439dab121\"><em>Atmen, wandern, erkunden<\/em><\/p>\n\n\n\n<p class=\"has-text-align-center has-primary-font-family has-sm-font-size\" style=\"text-transform:uppercase\"><strong>die sch\u00f6nsten Wanderungen in unmittelbarer N\u00e4he von Foix<\/strong><\/p>\n<\/div>\n\n\n\n<div style=\"background-image:url(&#039;https:\/\/www.vap-camping.fr\/wp-content\/uploads\/2026\/02\/rando-ariege-difficulte-moyenne.webp&#039;);background-position:95% 57.99999999999999%;background-size:cover;\" class=\"wp-block-group bg-img-part reveal is-layout-flow wp-block-group-is-layout-flow has-background\">\n<div class=\"wp-block-columns alignfull is-layout-flex wp-container-core-columns-is-layout-28f84493 wp-block-columns-is-layout-flex\">\n<div class=\"wp-block-column part-void is-layout-flow wp-block-column-is-layout-flow\" style=\"flex-basis:55%\"><\/div>\n\n\n\n<div class=\"wp-block-column part-content is-layout-flow wp-block-column-is-layout-flow\" style=\"flex-basis:45%\">\n<div class=\"wp-block-group is-bg-rounded is-layout-flow wp-container-core-group-is-layout-75c87b2e wp-block-group-is-layout-flow\">\n<div class=\"wp-block-group is-style-title-flip has-global-padding is-layout-constrained wp-block-group-is-layout-constrained is-style-title-flip--4\">\n<p class=\"has-text-align-right has-secondary-font-family has-xl-font-size\">Erkunden Sie die wilde Landschaft<\/p>\n\n\n\n<p class=\"has-text-align-right has-sm-font-size\" style=\"text-transform:uppercase\">in der Umgebung von Foix<\/p>\n\n\n\n<h2 class=\"wp-block-heading has-text-align-right text-title\"><br\/><strong>Leichte Wanderungen vom Zentrum von Foix aus<\/strong><\/h2>\n\n\n\n<p class=\"has-text-align-right\"><br\/>Nur wenige Minuten von der mittelalterlichen Stadt entfernt erwartet Sie eine Vielzahl von leicht zug\u00e4nglichen Wanderwegen f\u00fcr einen Ausflug in die Natur, zwischen W\u00e4ldern, T\u00e4lern, Bergk\u00e4mmen und Fl\u00fcssen. Ob Sie einen Familienspaziergang oder eine etwas gewagtere Route suchen, entdecken Sie die <strong>besten Wanderwege innerhalb von 20 Minuten von Foix<\/strong>, ideal f\u00fcr einen halben oder ganzen Tag. <\/p>\n<\/div>\n<\/div>\n<\/div>\n<\/div>\n<\/div>\n\n\n\n<div class=\"wp-block-group reveal has-global-padding is-layout-constrained wp-container-core-group-is-layout-8a400663 wp-block-group-is-layout-constrained\">\n<h3 class=\"wp-block-heading has-text-align-center has-secondary-color has-text-color has-link-color wp-elements-3c5554523451becbd5f32fdc5d93ffc4\">Les Terrasses du Pech<\/h3>\n\n\n\n<div style=\"height:25px\" aria-hidden=\"true\" class=\"wp-block-spacer\"><\/div>\n\n\n\n<p>Dies ist zweifellos der symboltr\u00e4chtigste Spaziergang von Foix. Die Terrasses du Pech sind direkt von den <strong>Parkpl\u00e4tzen im Stadtzentrum <\/strong> aus zu Fu\u00df erreichbar (weniger als 10 Minuten Fu\u00dfweg) und bieten ein <strong>au\u00dfergew\u00f6hnliches Panorama auf das Grafenschloss <\/strong>und die ersten Ausl\u00e4ufer der Pyren\u00e4en. Der <strong>Weg ist einfach<\/strong>, ideal f\u00fcr<strong> Familien mit kleinen Kindern<\/strong> und erfordert keine besondere Vorbereitung. Es ist der perfekte Spaziergang f\u00fcr einen sonnigen Nachmittag, wenn Sie hoch hinaus wollen, ohne sich von der Stadt zu entfernen.   <\/p>\n\n\n\n<div style=\"height:25px\" aria-hidden=\"true\" class=\"wp-block-spacer\"><\/div>\n\n\n\n<h3 class=\"wp-block-heading has-text-align-center has-secondary-color has-text-color has-link-color wp-elements-316376d77f3b9177a4be13fe15bd2cb4\">Der Saint-Sauveur-Spaziergang<\/h3>\n\n\n\n<div style=\"height:25px\" aria-hidden=\"true\" class=\"wp-block-spacer\"><\/div>\n\n\n\n<p>Dieser<strong> 8 km lange Rundweg <\/strong>, der auch zu Fu\u00df vom Zentrum von Foix aus erreichbar ist (oder mit dem Auto von Vernajoul, 5-10 Minuten entfernt), hat einen positiven H\u00f6henunterschied von etwa 447 m und ist als mittelschwer eingestuft. Rechnen Sie mit <strong>ca. 3,5 Stunden<\/strong> f\u00fcr einen gem\u00fctlichen Spaziergang. Der Weg f\u00fchrt durch dichte, feuchte W\u00e4lder, bevor er auf trockenere, von Lavendel ges\u00e4umte Bergk\u00e4mme mit herrlichen <strong>Aussichtspunkten auf die Stadt Foix <\/strong>und die ersten K\u00e4mme der Pyren\u00e4en m\u00fcndet. Auf dem Weg k\u00f6nnen Sie F\u00fcchsen, Kaninchen und Rehen begegnen. Eine komplette Wanderung, die landschaftliche Vielfalt mit dem Reichtum der lokalen Fauna verbindet.    <\/p>\n\n\n\n<div style=\"height:25px\" aria-hidden=\"true\" class=\"wp-block-spacer\"><\/div>\n\n\n\n<h3 class=\"wp-block-heading has-text-align-center has-secondary-color has-text-color has-link-color wp-elements-04ff09fe4635169afed6d978e83cab97\">Der Gr\u00fcne Weg von Foix<\/h3>\n\n\n\n<div style=\"height:25px\" aria-hidden=\"true\" class=\"wp-block-spacer\"><\/div>\n\n\n\n<p>Der <strong>Voie Verte<\/strong>, der <strong>im Herzen der Stadt beginnt<\/strong>, verl\u00e4uft entlang der Ari\u00e8ge auf einer flachen und gr\u00fcnen Strecke, die sich perfekt zum <strong>Wandern<\/strong>, <strong>Radfahren <\/strong>oder sogar <strong>Inlineskaten<\/strong> eignet. Dieser <strong>angelegte Weg <\/strong>f\u00fchrt durch W\u00e4lder und Felder der Ariege in einer ruhigen und entspannenden Atmosph\u00e4re. <strong>Hunde sind<\/strong> an der Leine <strong>erlaubt<\/strong> und die Strecke ist f\u00fcr alle geeignet, auch f\u00fcr <strong>Kinderwagen<\/strong>. Der Weg ist ideal f\u00fcr einen gem\u00fctlichen Familienausflug oder zum Aufw\u00e4rmen vor einer anstrengenden Wanderung.   <\/p>\n\n\n\n<div style=\"height:25px\" aria-hidden=\"true\" class=\"wp-block-spacer\"><\/div>\n<\/div>\n\n\n\n<div class=\"wp-block-group alignwide is-style-title-simple fromTop is-layout-flow wp-block-group-is-layout-flow is-style-title-simple--5\" style=\"margin-top:4rem;margin-bottom:4rem\">\n<p class=\"has-text-align-center has-secondary-color has-text-color has-link-color has-secondary-font-family has-xl-font-size wp-elements-6eae4570f86d519ab593adfe77fffc93\"><em><strong><em>Ein Bad in der Natur<\/em><\/strong><\/em><\/p>\n\n\n\n<p class=\"has-text-align-center has-primary-font-family has-sm-font-size\" style=\"text-transform:uppercase\"><strong><strong>nur wenige Schritte von der Stadt entfernt<\/strong><\/strong><\/p>\n<\/div>\n\n\n\n<div class=\"wp-block-group leftRight has-global-padding is-layout-constrained wp-block-group-is-layout-constrained\">\n<div class=\"wp-block-columns alignfull are-vertically-aligned-center m-ti is-layout-flex wp-container-core-columns-is-layout-0c0b91ec wp-block-columns-is-layout-flex\">\n<div class=\"wp-block-column is-vertically-aligned-center wp-block-image alignright size-large has-custom-border is-style-simple-left m-ti-image is-layout-flow wp-block-column-is-layout-flow is-style-simple-left--6\" style=\"flex-basis:60%\">\n<figure class=\"wp-block-image alignleft size-full\"><img alt=\"\" decoding=\"async\" width=\"1920\" height=\"1440\" src=\"https:\/\/www.vap-camping.fr\/wp-content\/uploads\/2026\/03\/espaces-verts-balade-foix.webp\" alt=\"\" class=\"wp-image-7837\" srcset=\"https:\/\/www.vap-camping.fr\/wp-content\/uploads\/2026\/03\/espaces-verts-balade-foix.webp 1920w, https:\/\/www.vap-camping.fr\/wp-content\/uploads\/2026\/03\/espaces-verts-balade-foix-600x450.webp 600w, https:\/\/www.vap-camping.fr\/wp-content\/uploads\/2026\/03\/espaces-verts-balade-foix-1024x768.webp 1024w, https:\/\/www.vap-camping.fr\/wp-content\/uploads\/2026\/03\/espaces-verts-balade-foix-768x576.webp 768w, https:\/\/www.vap-camping.fr\/wp-content\/uploads\/2026\/03\/espaces-verts-balade-foix-1536x1152.webp 1536w\" sizes=\"(max-width: 1920px) 100vw, 1920px\" \/><\/figure>\n<\/div>\n\n\n\n<div class=\"wp-block-column is-vertically-aligned-center m-ti-text is-layout-flow wp-container-core-column-is-layout-58dbe9e9 wp-block-column-is-layout-flow\" style=\"padding-left:10rem;flex-basis:40%\">\n<div class=\"wp-block-group is-style-title-left is-layout-flow wp-block-group-is-layout-flow is-style-title-left--7\">\n<p class=\"has-secondary-color has-text-color has-link-color has-secondary-font-family has-xl-font-size wp-elements-17647a7cfaf3ff5b5d6b40993027d185\"><em><strong><em><strong><strong>Ein Konzentrat der Landschaften der Ariege<\/strong><\/strong><\/em><\/strong><\/em><\/p>\n\n\n\n<p class=\"has-primary-color has-text-color has-link-color has-primary-font-family has-sm-font-size wp-elements-5e7c9e8e8c4ff037f109c10f937bb7c4\" style=\"text-transform:uppercase\"><strong><strong><strong>in Schrittweite<\/strong><\/strong><\/strong><\/p>\n<\/div>\n\n\n\n<h2 class=\"wp-block-heading text-title\"><strong>Wanderungen in Foix weniger als 20 Minuten entfernt<\/strong><\/h2>\n\n\n\n<p class=\"has-m-font-size\" style=\"padding-left:2rem\">Weniger als 20 Minuten von Foix entfernt, sind die Wanderm\u00f6glichkeiten so vielf\u00e4ltig wie die Landschaften, die die Stadt umgeben. In nur wenigen Kilometern erreichen Sie schattige W\u00e4lder, aussichtsreiche Bergk\u00e4mme, versteckte Wasserf\u00e4lle und weite Hochplateaus. Ob Sie nun einen kurzen Ausflug zwischen zwei<a href=\"https:\/\/www.vap-camping.fr\/de\/que-faire-a-foix\/\"> Besuchen in Foix<\/a>, einen <strong>Familienausflug<\/strong> am Wochenende oder einen <strong>sportlichen Rundweg<\/strong> mit H\u00f6henunterschied suchen, diese leicht zug\u00e4nglichen Routen bieten ein Konzentrat der Natur der Ariege, zwischen Kulturerbe, W\u00e4ldern und den weiten Horizonten der Pyren\u00e4en.  <\/p>\n<\/div>\n<\/div>\n<\/div>\n\n\n\n<div class=\"wp-block-group reveal has-global-padding is-layout-constrained wp-container-core-group-is-layout-8a400663 wp-block-group-is-layout-constrained\">\n<h3 class=\"wp-block-heading has-text-align-center has-secondary-color has-text-color has-link-color wp-elements-84b2689ebed2468f5965c11b636c26c8\">Pech de Montgailhard (Montgailhard &#8211; 5 min)<\/h3>\n\n\n\n<div style=\"height:25px\" aria-hidden=\"true\" class=\"wp-block-spacer\"><\/div>\n\n\n\n<p>Nur 5 Minuten s\u00fcdlich von Foix ist das <strong>Dorf Montgailhard <\/strong>der Ausgangspunkt f\u00fcr einen kurzen Aufstieg durch das Unterholz zu einem offenen Kamm, von dem aus Sie eine Aussicht von <strong>Soularac <\/strong>bis zum <strong>Roc de Batail<\/strong> haben. Die Wanderung ist zug\u00e4nglich, gr\u00f6\u00dftenteils schattig und f\u00fcr Wanderer aller Niveaus geeignet, die ein sch\u00f6nes Panorama ohne \u00fcberm\u00e4\u00dfige Anstrengung suchen. <\/p>\n\n\n\n<div style=\"height:26px\" aria-hidden=\"true\" class=\"wp-block-spacer\"><\/div>\n\n\n\n<h3 class=\"wp-block-heading has-text-align-center has-secondary-color has-text-color has-link-color wp-elements-6dc848444dca00307f2639390e014a74\"><strong>Die 3 Wasserf\u00e4lle von Prayols aus (ca. 10 min)<\/strong><\/h3>\n\n\n\n<div style=\"height:25px\" aria-hidden=\"true\" class=\"wp-block-spacer\"><\/div>\n\n\n\n<p>Diese <strong>7 km lange Wanderung<\/strong> (+480 m H\u00f6henunterschied), die <strong>am Rathaus von Prayols<\/strong> oder am Prat d&#8217;Albis <strong>beginnt<\/strong>, ist ein wahres Eintauchen in die Natur der Ariege. Inmitten eines majest\u00e4tischen Buchen- und Kastanienwaldes f\u00fchrt der Weg zum <strong>Wasserfall von La Piche<\/strong> und seinen benachbarten Kaskaden. Der Anstieg ist steil, aber die Umgebung ist die Anstrengung wert. Es ist eine ideale Wanderung, um sich w\u00e4hrend der gro\u00dfen Sommerhitze unterzustellen oder um die gr\u00fcne Natur an bew\u00f6lkten Tagen in der H\u00f6he zu genie\u00dfen.   <\/p>\n\n\n\n<div style=\"height:25px\" aria-hidden=\"true\" class=\"wp-block-spacer\"><\/div>\n\n\n\n<h3 class=\"wp-block-heading has-text-align-center has-secondary-color has-text-color has-link-color wp-elements-875469192daaf4d10d894504587c9e5f\"><strong><strong>Le Prat d&#8217;Albis (ca. 15 min)<\/strong><\/strong><\/h3>\n\n\n\n<div style=\"height:25px\" aria-hidden=\"true\" class=\"wp-block-spacer\"><\/div>\n\n\n\n<p>Der <strong>Prat d&#8217;Albis<\/strong> ist ein Hochplateau im regionalen Naturpark der Ari\u00e8ge-Pyren\u00e4en, das <strong>von Foix aus in etwa 15 Minuten<\/strong> zu erreichen ist. Die Routen, die von hier aus starten, bieten ein <strong>360\u00b0-Panorama<\/strong> \u00fcber die gesamte Pyren\u00e4enkette, das <strong>Barguill\u00e8re-Tal <\/strong>und die Ebenen der Ari\u00e8gees. Oft sieht man hier <strong>K\u00fche <\/strong>und <strong>Pferde <\/strong>, die frei herumlaufen. Die<strong> H\u00fctte der Gardes de Traucadou<\/strong>, die f\u00fcr alle zug\u00e4nglich ist, ist ein idealer Ort f\u00fcr eine Mittagspause. Ein Muss f\u00fcr Liebhaber der Ariege-Landschaft.    <br\/><\/p>\n\n\n\n<h3 class=\"wp-block-heading has-text-align-center has-secondary-color has-text-color has-link-color wp-elements-01849eb1d298a07a71ca444ea15bb282\"><strong><strong><strong>Die Rennstrecke von Seignaux (ca. 15-20 min)<\/strong><\/strong><\/strong><\/h3>\n\n\n\n<div style=\"height:25px\" aria-hidden=\"true\" class=\"wp-block-spacer\"><\/div>\n\n\n\n<p>Weniger bekannt, aber ebenso bemerkenswert ist der Rundweg, der vom Weiler <strong>Seignaux<\/strong> (Gemeinde Montoulieu) zum <strong>Col de Belv\u00e8ze<\/strong> f\u00fchrt. Dieses Dorf war fr\u00fcher eine Kaolinmine, die wei\u00dfe Tonerde, die zur Herstellung von Porzellan verwendet wird. Nach der R\u00fcckkehr in den Weiler k\u00f6nnen Sie an einem <strong>Orientierungstisch<\/strong> die umliegenden Berggipfel erkennen. Ein <strong>Minenwagen <\/strong>erinnert an die<strong>industrielle Geschichte<\/strong> des Ortes. Eine <strong>originelle Wanderung<\/strong>, die historisches Erbe mit Panoramablicken auf die Pyren\u00e4en verbindet.    <\/p>\n\n\n\n<div style=\"height:25px\" aria-hidden=\"true\" class=\"wp-block-spacer\"><\/div>\n\n\n\n<h3 class=\"wp-block-heading has-text-align-center has-secondary-color has-text-color has-link-color wp-elements-c1d67f6ad9ce3a7fb4c24a8e00411e39\"><strong><strong><strong><strong>La Balade de Labarre (von Foix aus, ca. 10 min)<\/strong><\/strong><\/strong><\/strong><\/h3>\n\n\n\n<div style=\"height:25px\" aria-hidden=\"true\" class=\"wp-block-spacer\"><\/div>\n\n\n\n<p>Dieser Weg beginnt im <strong>Weiler Labarre<\/strong> und f\u00fchrt zu den Ruinen eines alten Schlosses<strong>(Le Castella<\/strong>), in einer ruhigen, bewaldeten Umgebung. Dieser <strong>3 km lange Weg <\/strong>ist f\u00fcr Anf\u00e4nger geeignet und gut markiert. Er ist ideal f\u00fcr einen Familienausflug oder eine einst\u00fcndige Wanderung. <\/p>\n\n\n\n<div style=\"height:25px\" aria-hidden=\"true\" class=\"wp-block-spacer\"><\/div>\n<\/div>\n\n\n\n<div class=\"wp-block-group alignwide is-style-title-simple fromTop is-layout-flow wp-block-group-is-layout-flow is-style-title-simple--8\" style=\"margin-top:4rem;margin-bottom:4rem\">\n<p class=\"has-text-align-center has-secondary-color has-text-color has-link-color has-secondary-font-family has-xl-font-size wp-elements-6a4f06d6cfdd231ed540df46e5385e3b\">Alle Wege<\/p>\n\n\n\n<p class=\"has-text-align-center has-primary-font-family has-sm-font-size\" style=\"text-transform:uppercase\"><strong><strong>zur Flucht f\u00fchren<\/strong><\/strong><\/p>\n<\/div>\n\n\n\n<div class=\"wp-block-group rightLeft has-global-padding is-layout-constrained wp-block-group-is-layout-constrained\">\n<div class=\"wp-block-columns alignfull are-vertically-aligned-center m-ti is-layout-flex wp-container-core-columns-is-layout-0c0b91ec wp-block-columns-is-layout-flex\">\n<div class=\"wp-block-column is-vertically-aligned-center m-ti-text is-layout-flow wp-container-core-column-is-layout-58dbe9e9 wp-block-column-is-layout-flow\" style=\"padding-left:10rem;flex-basis:40%\">\n<div class=\"wp-block-group is-style-title-left is-layout-flow wp-block-group-is-layout-flow is-style-title-left--9\">\n<p class=\"has-secondary-color has-text-color has-link-color has-secondary-font-family has-xl-font-size wp-elements-e47a1021776bd3afa0b8203ebf0b2b73\">Planen Sie Ihre Wanderung<\/p>\n\n\n\n<p class=\"has-primary-color has-text-color has-link-color has-primary-font-family has-sm-font-size wp-elements-cc99c515cada7eff0c0244fe8af47070\" style=\"text-transform:uppercase\"><strong>in der Umgebung von Foix<\/strong><\/p>\n<\/div>\n\n\n\n<h2 class=\"wp-block-heading text-title\"><strong>Praktische Ratschl\u00e4ge vor der Abreise<\/strong><\/h2>\n\n\n\n<p class=\"has-m-font-size\" style=\"padding-left:2rem\">Bevor Sie Ihre Schuhe anziehen und sich auf den Weg machen, sollten Sie einige einfache Vorkehrungen treffen, damit Sie Ihren<strong> Ausflug in die Umgebung von Foix<\/strong> in vollen Z\u00fcgen genie\u00dfen k\u00f6nnen. Selbst auf zug\u00e4nglichen und gut markierten Routen ist das <strong>Gebirge <\/strong>eine wechselhafte Umgebung, in der sich <strong>Wetter<\/strong>, Gel\u00e4nde und Besucherzahlen schnell \u00e4ndern k\u00f6nnen. <strong>Die Vorbereitung der Route<\/strong>, die \u00dcberpr\u00fcfung der Bedingungen und die richtige Ausr\u00fcstung sind die Schl\u00fcssel zu einer ruhigen und erfolgreichen Wanderung, egal ob Sie einen <strong>kurzen Spaziergang<\/strong> oder eine anstrengende Rundtour machen. <\/p>\n<\/div>\n\n\n\n<div class=\"wp-block-column is-vertically-aligned-center wp-block-image alignright size-large has-custom-border m-ti-image is-style-simple-right is-layout-flow wp-block-column-is-layout-flow is-style-simple-right--10\" style=\"flex-basis:60%\">\n<figure class=\"wp-block-image alignright size-full\"><img alt=\"\" decoding=\"async\" width=\"2560\" height=\"1019\" src=\"https:\/\/www.vap-camping.fr\/wp-content\/uploads\/2026\/02\/circuit-randonnee-ariege-scaled.webp\" alt=\"\" class=\"wp-image-7640\" srcset=\"https:\/\/www.vap-camping.fr\/wp-content\/uploads\/2026\/02\/circuit-randonnee-ariege-scaled.webp 2560w, https:\/\/www.vap-camping.fr\/wp-content\/uploads\/2026\/02\/circuit-randonnee-ariege-600x239.webp 600w, https:\/\/www.vap-camping.fr\/wp-content\/uploads\/2026\/02\/circuit-randonnee-ariege-1024x408.webp 1024w, https:\/\/www.vap-camping.fr\/wp-content\/uploads\/2026\/02\/circuit-randonnee-ariege-768x306.webp 768w, https:\/\/www.vap-camping.fr\/wp-content\/uploads\/2026\/02\/circuit-randonnee-ariege-1536x612.webp 1536w, https:\/\/www.vap-camping.fr\/wp-content\/uploads\/2026\/02\/circuit-randonnee-ariege-2048x815.webp 2048w\" sizes=\"(max-width: 2560px) 100vw, 2560px\" \/><\/figure>\n<\/div>\n<\/div>\n<\/div>\n\n\n\n<div class=\"wp-block-group reveal has-global-padding is-layout-constrained wp-container-core-group-is-layout-8a400663 wp-block-group-is-layout-constrained\">\n<div style=\"height:25px\" aria-hidden=\"true\" class=\"wp-block-spacer\"><\/div>\n\n\n\n<p><strong>Markierung und Orientierung:<\/strong> Alle diese Wege sind markiert, die meisten mit gelben <strong>Markierungen<\/strong> oder als GR. F\u00fcr weniger begangene Wege wie den von Seignaux ist es ratsam, den GPS-Track vorher \u00fcber Anwendungen wie Visorando, AllTrails oder Komoot herunterzuladen. <\/p>\n\n\n\n<div style=\"height:25px\" aria-hidden=\"true\" class=\"wp-block-spacer\"><\/div>\n\n\n\n<p><strong>Wetter und Sicherheit:<\/strong> Die Bedingungen in den Bergen k\u00f6nnen sich schnell \u00e4ndern. Einige Passagen, insbesondere auf den Bergk\u00e4mmen, k\u00f6nnen nach Regen oder im Winter rutschig sein. Informieren Sie sich vor Ihrer Abreise \u00fcber das lokale Wetter und r\u00fcsten Sie sich entsprechend aus (Wanderschuhe, Windschutz, ausreichend Wasser).  <\/p>\n\n\n\n<div style=\"height:25px\" aria-hidden=\"true\" class=\"wp-block-spacer\"><\/div>\n\n\n\n<p>Parken<strong>:<\/strong> Kostenlose Parkpl\u00e4tze stehen an den Ausgangspunkten der meisten Wanderungen zur Verf\u00fcgung (Vernajoul, Prayols, Prat d&#8217;Albis). Vom Zentrum von Foix aus k\u00f6nnen Sie von den Parkpl\u00e4tzen im Stadtzentrum zu Fu\u00df zu den Terrasses du Pech und Saint-Sauveur gelangen. <\/p>\n\n\n\n<div style=\"height:25px\" aria-hidden=\"true\" class=\"wp-block-spacer\"><\/div>\n\n\n\n<p><strong>Tiere:<\/strong> Hunde sind auf den meisten Wanderwegen erlaubt, insbesondere auf dem Gr\u00fcnen Weg. Denken Sie an die Leine in den belebten Gebieten und respektieren Sie die Wildtiere. <\/p>\n\n\n\n<div style=\"height:25px\" aria-hidden=\"true\" class=\"wp-block-spacer\"><\/div>\n\n\n\n<p><strong>Lokale Information:<\/strong> Das Office de Tourisme de Foix Ari\u00e8ge Pyr\u00e9n\u00e9es bietet detaillierte Karten und Topo-F\u00fchrer.<\/p>\n\n\n\n<div style=\"height:25px\" aria-hidden=\"true\" class=\"wp-block-spacer\"><\/div>\n\n\n\n<ul class=\"wp-block-list\">\n<li>Lesen Sie auch: <a href=\"https:\/\/www.vap-camping.fr\/de\/plus-belles-randonnees-ariege\/\">Die sch\u00f6nsten Wanderungen in der Ari\u00e8ge<\/a><\/li>\n<\/ul>\n\n\n\n<div style=\"height:25px\" aria-hidden=\"true\" class=\"wp-block-spacer\"><\/div>\n<\/div>\n\n\n\n<div class=\"wp-block-group rightLeft has-global-padding is-layout-constrained wp-block-group-is-layout-constrained\">\n<div class=\"wp-block-columns alignfull are-vertically-aligned-center m-ti is-layout-flex wp-container-core-columns-is-layout-0c0b91ec wp-block-columns-is-layout-flex\">\n<div class=\"wp-block-column is-vertically-aligned-center wp-block-image alignright size-large has-custom-border m-ti-image is-style-simple-right is-layout-flow wp-block-column-is-layout-flow is-style-simple-right--11\" style=\"flex-basis:60%\">\n<figure class=\"wp-block-image alignright size-full\"><img decoding=\"async\" width=\"1920\" height=\"1438\" src=\"https:\/\/www.vap-camping.fr\/wp-content\/uploads\/2026\/03\/camping-randonneurs-foix.webp\" alt=\"Wanderer genie&#xDF;en die K&#xFC;hle des Unterholzes, w&#xE4;hrend Kinder die Natur auf einem Campingplatz in Foix entdecken.\" class=\"wp-image-7854\" srcset=\"https:\/\/www.vap-camping.fr\/wp-content\/uploads\/2026\/03\/camping-randonneurs-foix.webp 1920w, https:\/\/www.vap-camping.fr\/wp-content\/uploads\/2026\/03\/camping-randonneurs-foix-600x449.webp 600w, https:\/\/www.vap-camping.fr\/wp-content\/uploads\/2026\/03\/camping-randonneurs-foix-1024x767.webp 1024w, https:\/\/www.vap-camping.fr\/wp-content\/uploads\/2026\/03\/camping-randonneurs-foix-768x575.webp 768w, https:\/\/www.vap-camping.fr\/wp-content\/uploads\/2026\/03\/camping-randonneurs-foix-1536x1150.webp 1536w\" sizes=\"(max-width: 1920px) 100vw, 1920px\" \/><\/figure>\n<\/div>\n\n\n\n<div class=\"wp-block-column is-vertically-aligned-center m-ti-text is-layout-flow wp-container-core-column-is-layout-58dbe9e9 wp-block-column-is-layout-flow\" style=\"padding-left:10rem;flex-basis:40%\">\n<div class=\"wp-block-group is-style-title-left is-layout-flow wp-block-group-is-layout-flow is-style-title-left--12\">\n<p class=\"has-secondary-color has-text-color has-link-color has-secondary-font-family has-xl-font-size wp-elements-5721a44c94865f5a11f1b65d98fed721\"><strong>Das Vergn\u00fcgen, den Tag zu Fu\u00df zu verbringen<\/strong>,<\/p>\n\n\n\n<p class=\"has-primary-color has-text-color has-link-color has-primary-font-family has-sm-font-size wp-elements-91a087115e6e187190eb15753980316d\" style=\"text-transform:uppercase\"><strong><strong>das Gl\u00fcck, sich am Abend zu entspannen<\/strong><\/strong><\/p>\n<\/div>\n\n\n\n<h2 class=\"wp-block-heading text-title\">Wanderurlaub in der Ari\u00e8ge: Ihr Campingplatz in Foix<\/h2>\n\n\n\n<p class=\"has-m-font-size\" style=\"padding-left:2rem\">Der <a href=\"https:\/\/www.vap-camping.fr\/es\/campings\/camping-du-lac\/\">4-Sterne-Campingplatz Le Lac in Foix<\/a> liegt ideal in der N\u00e4he der sch\u00f6nsten Wanderwege der Arie und ist der perfekte Ausgangspunkt f\u00fcr Wanderer auf der Suche nach Natur und Panoramablicken.  <\/p>\n\n\n\n<p class=\"has-m-font-size\" style=\"padding-left:2rem\">Nach der Anstrengung k\u00f6nnen Sie sich in der friedlichen Umgebung <strong>am Flussufer<\/strong> entspannen. Familien werden die komfortablen <strong>Mobilheime<\/strong>, die ger\u00e4umigen und baumbestandenen <strong>Campingpl\u00e4tze <\/strong>, den <strong>Swimmingpool<\/strong> und das Planschbecken oder das in der Saison ge\u00f6ffnete<strong> Bar-Restaurant<\/strong> zu sch\u00e4tzen wissen. Alles ist vorhanden, um <strong>Camping und Wandern in Foix <\/strong>zu kombinieren und einen erholsamen Aufenthalt im Herzen der Pyren\u00e4en-Ariege zu verbringen.  <\/p>\n<\/div>\n<\/div>\n<\/div>\n\n\n\n<div style=\"height:100px\" aria-hidden=\"true\" class=\"wp-block-spacer\"><\/div>\n<\/div>\n","protected":false},"excerpt":{"rendered":"<p>Campingpl\u00e4tze &amp; &#8211; Ariege Gro\u00dfartige Natur, von Foix aus Foix, die Pr\u00e4fektur des Departements Ari\u00e8ge am Fu\u00dfe der Pyren\u00e4en, ist mehr als nur eine mittelalterliche Stadt mit einem symboltr\u00e4chtigen Schloss. Sie ist ein guter Ausgangspunkt f\u00fcr abwechslungsreiche Wanderungen , die f\u00fcr alle Schwierigkeitsgrade geeignet sind und durch Landschaften f\u00fchren, in denen sich feuchte W\u00e4lder, aussichtsreiche [&hellip;]<\/p>\n","protected":false},"author":1,"featured_media":7851,"comment_status":"closed","ping_status":"closed","sticky":false,"template":"","format":"standard","meta":{"_acf_changed":false,"_seopress_robots_primary_cat":"none","_seopress_titles_title":"Wanderungen rund um Foix: 10 leichte Wanderwege in weniger als 20 Minuten erreichbar","_seopress_titles_desc":"Entdecken Sie die sch\u00f6nsten Wanderungen rund um Foix: leichte Wege, Wasserf\u00e4lle, Panoramen und Ideen f\u00fcr Spazierg\u00e4nge, die weniger als 20 Minuten entfernt sind.","_seopress_robots_index":"","ouverture":"","nombre_de_locations":"","nombre_demplacements":"","adresse":"","numero_de_telephone":"","email":"","url_du_site":"","footnotes":""},"categories":[27],"tags":[],"class_list":["post-8205","post","type-post","status-publish","format-standard","has-post-thumbnail","hentry","category-nicht-kategorisiert"],"acf":[],"_links":{"self":[{"href":"https:\/\/www.vap-camping.fr\/de\/wp-json\/wp\/v2\/posts\/8205","targetHints":{"allow":["GET"]}}],"collection":[{"href":"https:\/\/www.vap-camping.fr\/de\/wp-json\/wp\/v2\/posts"}],"about":[{"href":"https:\/\/www.vap-camping.fr\/de\/wp-json\/wp\/v2\/types\/post"}],"author":[{"embeddable":true,"href":"https:\/\/www.vap-camping.fr\/de\/wp-json\/wp\/v2\/users\/1"}],"replies":[{"embeddable":true,"href":"https:\/\/www.vap-camping.fr\/de\/wp-json\/wp\/v2\/comments?post=8205"}],"version-history":[{"count":1,"href":"https:\/\/www.vap-camping.fr\/de\/wp-json\/wp\/v2\/posts\/8205\/revisions"}],"predecessor-version":[{"id":8206,"href":"https:\/\/www.vap-camping.fr\/de\/wp-json\/wp\/v2\/posts\/8205\/revisions\/8206"}],"wp:featuredmedia":[{"embeddable":true,"href":"https:\/\/www.vap-camping.fr\/de\/wp-json\/wp\/v2\/media\/7851"}],"wp:attachment":[{"href":"https:\/\/www.vap-camping.fr\/de\/wp-json\/wp\/v2\/media?parent=8205"}],"wp:term":[{"taxonomy":"category","embeddable":true,"href":"https:\/\/www.vap-camping.fr\/de\/wp-json\/wp\/v2\/categories?post=8205"},{"taxonomy":"post_tag","embeddable":true,"href":"https:\/\/www.vap-camping.fr\/de\/wp-json\/wp\/v2\/tags?post=8205"}],"curies":[{"name":"wp","href":"https:\/\/api.w.org\/{rel}","templated":true}]}}