{"id":8209,"date":"2026-03-04T06:46:10","date_gmt":"2026-03-04T06:46:10","guid":{"rendered":"https:\/\/www.vap-camping.fr\/week-end-ariege-que-faire\/"},"modified":"2026-03-11T20:28:47","modified_gmt":"2026-03-11T20:28:47","slug":"week-end-ariege-que-faire","status":"publish","type":"post","link":"https:\/\/www.vap-camping.fr\/de\/week-end-ariege-que-faire\/","title":{"rendered":"Wochenende in Ari\u00e8ge : Ideen f\u00fcr den Aufenthalt in der Natur und Entspannung"},"content":{"rendered":"\n<div class=\"wp-block-group alignfull is-layout-flow wp-container-core-group-is-layout-8af317cd wp-block-group-is-layout-flow\">\n<div class=\"wp-block-group hero-camp fromOpacity is-layout-flow wp-block-group-is-layout-flow\" style=\"margin-bottom:20rem\">\n<div class=\"wp-block-group alignfull hero-img fromOpacity is-layout-flow wp-block-group-is-layout-flow\">\n<figure class=\"wp-block-image size-full\"><img decoding=\"async\" width=\"1920\" height=\"1280\" src=\"https:\/\/www.vap-camping.fr\/wp-content\/uploads\/2026\/03\/guide-visite-ariege.webp\" alt=\"Entdecken Sie unsere Tipps zur Vorbereitung Ihres Aufenthalts in der Ari&#xE8;ge.\" class=\"wp-image-7763\" srcset=\"https:\/\/www.vap-camping.fr\/wp-content\/uploads\/2026\/03\/guide-visite-ariege.webp 1920w, https:\/\/www.vap-camping.fr\/wp-content\/uploads\/2026\/03\/guide-visite-ariege-600x400.webp 600w, https:\/\/www.vap-camping.fr\/wp-content\/uploads\/2026\/03\/guide-visite-ariege-1024x683.webp 1024w, https:\/\/www.vap-camping.fr\/wp-content\/uploads\/2026\/03\/guide-visite-ariege-768x512.webp 768w, https:\/\/www.vap-camping.fr\/wp-content\/uploads\/2026\/03\/guide-visite-ariege-1536x1024.webp 1536w\" sizes=\"(max-width: 1920px) 100vw, 1920px\" \/><\/figure>\n<\/div>\n\n\n\n<div class=\"wp-block-group hero-desc has-secondary-background-color has-background fromOpacity is-layout-flow wp-block-group-is-layout-flow\" style=\"border-top-right-radius:90px;border-bottom-right-radius:90px;padding-top:2rem;padding-bottom:2rem;padding-left:5rem\"><h1 style=\"font-size:clamp(3.037rem, 3.037rem + ((1vw - 0.2rem) * 4.018), 6rem);\" class=\"has-link-color wp-elements-971196805a816ee349c8ae4f34a1c7a7 wp-block-post-title has-text-color has-white-color has-secondary-font-family\">Wochenende in Ari\u00e8ge : Ideen f\u00fcr den Aufenthalt in der Natur und Entspannung<\/h1>\n\n\n<div class=\"wp-block-group is-nowrap is-layout-flex wp-container-core-group-is-layout-3b4e9d3e wp-block-group-is-layout-flex\">\n<p class=\"has-white-color has-text-color has-link-color has-sm-font-size wp-elements-8c9d322482b98d060e3df17865cb138f\" style=\"font-style:normal;font-weight:500;text-transform:uppercase\">CampingplatzS<\/p>\n\n\n\n<figure class=\"wp-block-image size-full\"><img alt=\"\" decoding=\"async\" src=\"https:\/\/www.vap-camping.fr\/wp-content\/themes\/vap\/assets\/img\/svg\/star-white.svg\" alt=\"\" class=\"wp-image-657\"\/><\/figure>\n\n\n\n<figure class=\"wp-block-image size-full\"><img alt=\"\" decoding=\"async\" src=\"https:\/\/www.vap-camping.fr\/wp-content\/themes\/vap\/assets\/img\/svg\/star-white.svg\" alt=\"\" class=\"wp-image-657\"\/><\/figure>\n\n\n\n<figure class=\"wp-block-image size-full\"><img alt=\"\" decoding=\"async\" src=\"https:\/\/www.vap-camping.fr\/wp-content\/themes\/vap\/assets\/img\/svg\/star-white.svg\" alt=\"\" class=\"wp-image-657\"\/><\/figure>\n\n\n\n<p class=\"has-white-color has-text-color has-link-color has-sm-font-size wp-elements-607150ecce0303d631b7810c1641f883\" style=\"font-style:normal;font-weight:500;text-transform:uppercase\">&amp;<\/p>\n\n\n\n<figure class=\"wp-block-image size-full\"><img alt=\"\" decoding=\"async\" src=\"https:\/\/www.vap-camping.fr\/wp-content\/themes\/vap\/assets\/img\/svg\/star-white.svg\" alt=\"\" class=\"wp-image-657\"\/><\/figure>\n\n\n\n<figure class=\"wp-block-image size-full\"><img alt=\"\" decoding=\"async\" src=\"https:\/\/www.vap-camping.fr\/wp-content\/themes\/vap\/assets\/img\/svg\/star-white.svg\" alt=\"\" class=\"wp-image-657\"\/><\/figure>\n\n\n\n<figure class=\"wp-block-image size-full\"><img alt=\"\" decoding=\"async\" src=\"https:\/\/www.vap-camping.fr\/wp-content\/themes\/vap\/assets\/img\/svg\/star-white.svg\" alt=\"\" class=\"wp-image-657\"\/><\/figure>\n\n\n\n<figure class=\"wp-block-image size-full\"><img alt=\"\" decoding=\"async\" src=\"https:\/\/www.vap-camping.fr\/wp-content\/themes\/vap\/assets\/img\/svg\/star-white.svg\" alt=\"\" class=\"wp-image-657\"\/><\/figure>\n\n\n\n<p class=\"has-white-color has-text-color has-link-color has-sm-font-size wp-elements-11ac8d1920c59fbb3018ca5fc5f71eb1\" style=\"font-style:normal;font-weight:500;text-transform:uppercase\">&#8211; ariEgEn<\/p>\n<\/div>\n<\/div>\n<\/div>\n\n\n\n<div class=\"wp-block-group has-global-padding is-layout-constrained wp-block-group-is-layout-constrained\">\n<div class=\"wp-block-columns alignfull m-ti is-layout-flex wp-container-core-columns-is-layout-0c0b91ec wp-block-columns-is-layout-flex\">\n<div class=\"wp-block-column is-vertically-aligned-center leftRight m-ti-text is-layout-flow wp-block-column-is-layout-flow\" style=\"padding-left:10rem;flex-basis:40%\">\n<div class=\"wp-block-group is-style-title-left is-layout-flow wp-block-group-is-layout-flow is-style-title-left--1\">\n<p class=\"has-secondary-color has-text-color has-link-color has-secondary-font-family has-xl-font-size wp-elements-382c5705d51855dc2bd6373a1799b8e2\"><em>Wochenende in der Ari\u00e8ge,<\/em><\/p>\n\n\n\n<p class=\"has-primary-color has-text-color has-link-color has-primary-font-family has-sm-font-size wp-elements-40706652b4c08ff4a1bfc3015382d181\" style=\"text-transform:uppercase\"><strong>zwischen Natur, Sport und Kultur<\/strong><\/p>\n<\/div>\n\n\n\n<p class=\"has-m-font-size\" style=\"padding-left:2rem\"><strong>Was kann man an einem Wochenende in der Ari\u00e8ge unternehmen?<\/strong> Im Herzen der Pyren\u00e4en gelegen, ist diese wilde Gegend f\u00fcr <strong>Naturliebhaber<\/strong>,<strong>Geschichtsfreunde<\/strong> und<strong>Abenteurer<\/strong> gleicherma\u00dfen attraktiv. Zwischen Katharerburgen, pr\u00e4historischen H\u00f6hlen, spektakul\u00e4ren Wanderungen und Kurorten bietet die Ari\u00e8ge eine Vielzahl von Erlebnissen f\u00fcr einen abwechslungsreichen Aufenthalt. <\/p>\n\n\n\n<p class=\"has-m-font-size\" style=\"padding-left:2rem\">Ob Sie mit der <strong>Familie<\/strong>, zu <strong>zweit <\/strong>oder f\u00fcr ein <strong>Sportwochenende<\/strong> verreisen, entdecken Sie die besten Ideen f\u00fcr Aktivit\u00e4ten und die Orte, die Sie nicht verpassen sollten, damit Sie Ihren Urlaub in der Ari\u00e8ge voll und ganz genie\u00dfen k\u00f6nnen.<\/p>\n\n\n\n<div style=\"height:20px\" aria-hidden=\"true\" class=\"wp-block-spacer\"><\/div>\n<\/div>\n\n\n\n<div class=\"wp-block-column is-vertically-aligned-stretch rightLeft m-ti-image is-style-simple-right is-layout-flow wp-block-column-is-layout-flow is-style-simple-right--2\" style=\"flex-basis:60%\">\n<figure class=\"wp-block-image alignright size-large\"><img decoding=\"async\" width=\"1024\" height=\"680\" src=\"https:\/\/www.vap-camping.fr\/wp-content\/uploads\/2026\/03\/meilleures-activites-ariege-camping-vap-1024x680.webp\" alt=\"Die besten Aktivit&#xE4;ten in Ari&#xE8;ge mit VAP Camping\" class=\"wp-image-7757\" srcset=\"https:\/\/www.vap-camping.fr\/wp-content\/uploads\/2026\/03\/meilleures-activites-ariege-camping-vap-1024x680.webp 1024w, https:\/\/www.vap-camping.fr\/wp-content\/uploads\/2026\/03\/meilleures-activites-ariege-camping-vap-600x398.webp 600w, https:\/\/www.vap-camping.fr\/wp-content\/uploads\/2026\/03\/meilleures-activites-ariege-camping-vap-768x510.webp 768w, https:\/\/www.vap-camping.fr\/wp-content\/uploads\/2026\/03\/meilleures-activites-ariege-camping-vap-1536x1020.webp 1536w, https:\/\/www.vap-camping.fr\/wp-content\/uploads\/2026\/03\/meilleures-activites-ariege-camping-vap.webp 1920w\" sizes=\"(max-width: 1024px) 100vw, 1024px\" \/><\/figure>\n<\/div>\n<\/div>\n<\/div>\n\n\n\n<div class=\"wp-block-group alignwide is-style-title-simple fromTop is-layout-flow wp-block-group-is-layout-flow is-style-title-simple--3\" style=\"margin-top:4rem;margin-bottom:4rem\">\n<p class=\"has-text-align-center has-secondary-color has-text-color has-link-color has-secondary-font-family has-xl-font-size wp-elements-4e491344f92b5efc19fd1c1645e82dad\"><em><em>Das perfekte Programm<\/em><\/em><\/p>\n\n\n\n<p class=\"has-text-align-center has-primary-font-family has-sm-font-size\" style=\"text-transform:uppercase\"><strong><em><em>f\u00fcr Familien, Paare oder Sportler.<\/em><\/em><\/strong><\/p>\n<\/div>\n\n\n\n<div style=\"background-image:url(&#039;https:\/\/www.vap-camping.fr\/wp-content\/uploads\/2026\/03\/visite-chateau-foix-camping-ariege.webp&#039;);background-position:95% 57.99999999999999%;background-size:cover;\" class=\"wp-block-group bg-img-part reveal is-layout-flow wp-block-group-is-layout-flow has-background\">\n<div class=\"wp-block-columns alignfull is-layout-flex wp-container-core-columns-is-layout-28f84493 wp-block-columns-is-layout-flex\">\n<div class=\"wp-block-column part-void is-layout-flow wp-block-column-is-layout-flow\" style=\"flex-basis:55%\"><\/div>\n\n\n\n<div class=\"wp-block-column part-content is-layout-flow wp-block-column-is-layout-flow\" style=\"flex-basis:45%\">\n<div class=\"wp-block-group is-bg-rounded is-layout-flow wp-container-core-group-is-layout-75c87b2e wp-block-group-is-layout-flow\">\n<div class=\"wp-block-group is-style-title-flip has-global-padding is-layout-constrained wp-block-group-is-layout-constrained is-style-title-flip--4\">\n<p class=\"has-text-align-right has-secondary-font-family has-xl-font-size\"><strong>Schl\u00f6sser, H\u00f6hlen<\/strong><\/p>\n\n\n\n<p class=\"has-text-align-right has-sm-font-size\" style=\"text-transform:uppercase\"><strong>und Pr\u00e4historie mit den Kindern<\/strong><\/p>\n\n\n\n<h2 class=\"wp-block-heading has-text-align-right text-title\"><br\/><strong>Familienwochenende in der Ari\u00e8ge<\/strong><\/h2>\n\n\n\n<p class=\"has-text-align-right\"><br\/>Katharerburgen, Ritterlegenden, Themenparks, in denen Kinder Feuerstein schleifen, Mammutfossilien, H\u00f6hlen, die es zu erforschen gilt: Die Ari\u00e8ge versetzt 3- bis 14-J\u00e4hrige mit ihren pr\u00e4historischen und mittelalterlichen Sch\u00e4tzen in Erstaunen. Ein zug\u00e4ngliches und magisches Programm f\u00fcr Ihre kleinen Abenteurer. <\/p>\n<\/div>\n<\/div>\n<\/div>\n<\/div>\n<\/div>\n\n\n\n<div class=\"wp-block-group reveal has-global-padding is-layout-constrained wp-container-core-group-is-layout-8a400663 wp-block-group-is-layout-constrained\">\n<h3 class=\"wp-block-heading has-text-align-center has-secondary-color has-text-color has-link-color wp-elements-76b4881508904b20b6edeac2395f4b04\">Schloss Foix<\/h3>\n\n\n\n<div style=\"height:25px\" aria-hidden=\"true\" class=\"wp-block-spacer\"><\/div>\n\n\n\n<p>Es ist unm\u00f6glich, ein <strong>Wochenende mit den Kindern in der Ari\u00e8ge<\/strong> zu verbringen, ohne das Schloss von Foix zu besteigen. Seine drei T\u00fcrme \u00fcberragen die Stadt und bieten einen Panoramablick auf das Tal der Ari\u00e8ge. Kinder lieben die Vorf\u00fchrungen mittelalterlicher Waffen, die historischen Rekonstruktionen und das Durchschreiten der Bogensch\u00fctzen. Dauer der Besichtigung: 1,5 bis 2 Stunden, Zugang: Stadtzentrum von Foix.   <\/p>\n\n\n\n<div style=\"height:25px\" aria-hidden=\"true\" class=\"wp-block-spacer\"><\/div>\n\n\n\n<h3 class=\"wp-block-heading has-text-align-center has-secondary-color has-text-color has-link-color wp-elements-fa98bc1c581c066444008ccd357a7ad9\">Park der Vorgeschichte<\/h3>\n\n\n\n<div style=\"height:25px\" aria-hidden=\"true\" class=\"wp-block-spacer\"><\/div>\n\n\n\n<p>In diesem immersiven Park in der N\u00e4he von Tarascon-sur-Ari\u00e8ge k\u00f6nnen Kinder das Leben im Magdal\u00e9nien entdecken: Workshops zum Feuersteinschleifen, H\u00f6hlenmalerei, Demonstrationen von pr\u00e4historischem Feuer&#8230;. Wussten Sie, dass hier 15.000 Jahre alte Meeresmuscheln gefunden wurden, ein Beweis f\u00fcr den Handel \u00fcber 300 km? Planen Sie mindestens 3 Stunden ein, ideal f\u00fcr Kinder von 5-14 Jahren.  <\/p>\n\n\n\n<div style=\"height:25px\" aria-hidden=\"true\" class=\"wp-block-spacer\"><\/div>\n\n\n\n<h3 class=\"wp-block-heading has-text-align-center has-secondary-color has-text-color has-link-color wp-elements-24a2dc21477aed35fe22807d51307480\">H\u00f6hle von Mas d&#8217;Azil<\/h3>\n\n\n\n<div style=\"height:25px\" aria-hidden=\"true\" class=\"wp-block-spacer\"><\/div>\n\n\n\n<p>Ein riesiger Tunnel, der mit dem Auto durchquert werden muss, und dann eine pr\u00e4historische Schatzsuche, die kleine Abenteurer in Staunen versetzt: Die Stra\u00dfe f\u00fchrt in einen nat\u00fcrlichen Tunnel, der vom Fluss gegraben wurde. In der H\u00f6hle entdecken die Kinder echte Knochen von Wollmammuts, Nash\u00f6rnern und H\u00f6hlenb\u00e4ren, w\u00e4hrend sie im Spielzentrum mit Touchscreens und virtuellen Jagdspielen in das Leben im Magdal\u00e9nien eintauchen k\u00f6nnen. 40 Minuten von Foix entfernt, Besuch dauert 2 Stunden. Die H\u00f6hle ist nicht mit dem Kinderwagen zug\u00e4nglich, bitte bringen Sie eine Babytrage mit.<strong> <\/strong>Fleecejacke oder Sweatshirt empfohlen (die Temperatur in der H\u00f6hle betr\u00e4gt das ganze Jahr \u00fcber ca. 12\u00b0C).<\/p>\n\n\n\n<div style=\"height:25px\" aria-hidden=\"true\" class=\"wp-block-spacer\"><\/div>\n\n\n\n<h3 class=\"wp-block-heading has-text-align-center has-secondary-color has-text-color has-link-color wp-elements-196fd828c7513fa25401ca8fe0979899\">Andere Aktivit\u00e4ten mit Kindern<\/h3>\n\n\n\n<div style=\"height:25px\" aria-hidden=\"true\" class=\"wp-block-spacer\"><\/div>\n\n\n\n<p>Um das Programm der Vorgeschichte und des Schlosses zu vervollst\u00e4ndigen, finden Sie hier einige Ideen f\u00fcr Familienausfl\u00fcge, die Sie in Ihr Wochenende in der Ari\u00e8ge einbauen k\u00f6nnen.<\/p>\n\n\n\n<div style=\"height:25px\" aria-hidden=\"true\" class=\"wp-block-spacer\"><\/div>\n\n\n\n<ul class=\"wp-block-list\">\n<li><strong>Grotte de Lombrives<\/strong> (Ussat, 20 min von Tarascon): Die gr\u00f6\u00dfte H\u00f6hle Europas (Guinness), die mit einem <strong>kleinen Touristenzug<\/strong> zug\u00e4nglich ist. Katharerlegenden, <strong>Fledermausvorf\u00fchrungen<\/strong> und m\u00e4rchenhafte Galerien: Kinder vibrieren in dieser &#8220;verlorenen Welt&#8221;. <strong>2 Std., perfekt nach dem Parc de la Pr\u00e9histoire<\/strong>.<a href=\"https:\/\/ariege.com\/11-francais\/que-faire-en-ariege\/enfants\/4-loisirs-et-activites-pour-toute-la-famille-en-ariege-pyrenees\" target=\"_blank\" rel=\"noreferrer noopener\"><\/a> <\/li>\n\n\n\n<li><strong>Unterirdischer Fluss von Labouiche<\/strong> (Bastide-de-S\u00e9rou, 25 min von Foix):<strong> Pendeln Sie mit dem Boot<\/strong> auf dem l\u00e4ngsten schiffbaren Fluss Europas (1,5 km unter der Erde). Mysteri\u00f6se Kl\u00e4nge, glitzernde Stalaktiten: eine Reise in die &#8220;Karibik&#8221;. <strong>1 Std., ab 3 Jahren<\/strong>.<a href=\"https:\/\/www.ariege.com\/geologie\/11-francais\/que-faire-en-ariege\/enfants\/4-loisirs-et-activites-pour-toute-la-famille-en-ariege-pyrenees\" target=\"_blank\" rel=\"noreferrer noopener\"><\/a> <\/li>\n\n\n\n<li><strong>XPloria &#8211; For\u00eat<\/strong> \u00e0 remonter le <strong>temps<\/strong> (in der N\u00e4he von Mas d&#8217;Azil, 10 min)<strong>: 2 km langer Waldpfad<\/strong>: Dinosaurier in Lebensgr\u00f6\u00dfe, Riesenfarne, interaktive H\u00f6hlen. Seilrutschen und die Rekonstruktion ausgestorbener Tiere: eine Explosion der Verwunderung f\u00fcr Gro\u00df und Klein.<a href=\"https:\/\/debeauxlentsdemains.com\/lariege-en-famille-10-idees-de-sorties\/\" target=\"_blank\" rel=\"noreferrer noopener\"><\/a> <\/li>\n\n\n\n<li><strong>Akrobranch d&#8217;Orlu<\/strong> (Orlu-Tal, 45 min Foix): <strong>14 Hochseilg\u00e4rten<\/strong> \u00fcber den Wasserf\u00e4llen (Murmeltier ab 4 Jahren, riesige Seilrutschen). <strong>Ch\u00e2teau-Desman<\/strong> mit geheimen Tunneln. Siegel &#8220;Outdoor-Qualit\u00e4t&#8221;. <\/li>\n<\/ul>\n\n\n\n<div style=\"height:25px\" aria-hidden=\"true\" class=\"wp-block-spacer\"><\/div>\n<\/div>\n\n\n\n<div class=\"wp-block-group alignwide is-style-title-simple fromTop is-layout-flow wp-block-group-is-layout-flow is-style-title-simple--5\" style=\"margin-top:4rem;margin-bottom:4rem\">\n<p class=\"has-text-align-center has-secondary-color has-text-color has-link-color has-secondary-font-family has-xl-font-size wp-elements-9554df60bf2ddf9dfd6e592c632e5155\"><em><strong><em><strong>Vom fr\u00f6hlichen Stamm zum komplizenhaften Duo<\/strong><\/em><\/strong><\/em> :<\/p>\n\n\n\n<p class=\"has-text-align-center has-primary-font-family has-sm-font-size\" style=\"text-transform:uppercase\"><strong><strong><strong>  die Ari\u00e8ge passt sich Ihren W\u00fcnschen an<\/strong><\/strong><\/strong><\/p>\n<\/div>\n\n\n\n<div class=\"wp-block-group leftRight has-global-padding is-layout-constrained wp-block-group-is-layout-constrained\">\n<div class=\"wp-block-columns alignfull are-vertically-aligned-center m-ti is-layout-flex wp-container-core-columns-is-layout-0c0b91ec wp-block-columns-is-layout-flex\">\n<div class=\"wp-block-column is-vertically-aligned-center wp-block-image alignright size-large has-custom-border is-style-simple-left m-ti-image is-layout-flow wp-block-column-is-layout-flow is-style-simple-left--6\" style=\"flex-basis:60%\">\n<figure class=\"wp-block-image alignleft size-full\"><img decoding=\"async\" width=\"2560\" height=\"1224\" src=\"https:\/\/www.vap-camping.fr\/wp-content\/uploads\/2026\/02\/randonnee-trek-ariege-scaled.webp\" alt=\"Entdecken Sie die sch&#xF6;nsten Touren rund um Pic du Montcalm\" class=\"wp-image-7667\" srcset=\"https:\/\/www.vap-camping.fr\/wp-content\/uploads\/2026\/02\/randonnee-trek-ariege-scaled.webp 2560w, https:\/\/www.vap-camping.fr\/wp-content\/uploads\/2026\/02\/randonnee-trek-ariege-600x287.webp 600w, https:\/\/www.vap-camping.fr\/wp-content\/uploads\/2026\/02\/randonnee-trek-ariege-1024x490.webp 1024w, https:\/\/www.vap-camping.fr\/wp-content\/uploads\/2026\/02\/randonnee-trek-ariege-768x367.webp 768w, https:\/\/www.vap-camping.fr\/wp-content\/uploads\/2026\/02\/randonnee-trek-ariege-1536x734.webp 1536w, https:\/\/www.vap-camping.fr\/wp-content\/uploads\/2026\/02\/randonnee-trek-ariege-2048x979.webp 2048w\" sizes=\"(max-width: 2560px) 100vw, 2560px\" \/><\/figure>\n<\/div>\n\n\n\n<div class=\"wp-block-column is-vertically-aligned-center m-ti-text is-layout-flow wp-container-core-column-is-layout-58dbe9e9 wp-block-column-is-layout-flow\" style=\"padding-left:10rem;flex-basis:40%\">\n<div class=\"wp-block-group is-style-title-left is-layout-flow wp-block-group-is-layout-flow is-style-title-left--7\">\n<p class=\"has-secondary-color has-text-color has-link-color has-secondary-font-family has-xl-font-size wp-elements-4e8f3289cd2794a0e06f640c79e4e900\">Verliebt<\/p>\n\n\n\n<p class=\"has-primary-color has-text-color has-link-color has-primary-font-family has-sm-font-size wp-elements-4f2ee674d27cb7135fbeb6a697082610\" style=\"text-transform:uppercase\"><strong><strong><em><strong><em><strong><strong>Frei wie ein Vogel<\/strong><\/strong><\/em><\/strong><\/em><\/strong><\/strong><\/p>\n<\/div>\n\n\n\n<h2 class=\"wp-block-heading text-title\"><strong>Romantisches Wochenende in der Ari\u00e8ge<\/strong><\/h2>\n\n\n\n<p class=\"has-m-font-size\" style=\"padding-left:2rem\">Hier finden Sie viele romantische Ideen f\u00fcr ein<strong> Wochenende zu zweit in der Ari\u00e8ge<\/strong>, zwischen Natur, Geschichte, Entspannung, wundersch\u00f6nen Landschaften und einem Abendessen bei Kerzenschein. Auf dem Programm stehen mittelalterliche Schl\u00f6sser, farbenfrohe Bastiden, botanische G\u00e4rten und Thermald\u00e4mpfe unter einem Art Deco Glasdach. Dieses Programm ist eine Mischung aus lebendiger Geschichte und Zen f\u00fcr zwei Seelen auf der Suche nach der Ewigkeit der Pyren\u00e4en. Von <strong>Foix <\/strong>bis <strong>Ax-les-Thermes<\/strong> besiegelt jeder Schritt die Intimit\u00e4t.  <\/p>\n<\/div>\n<\/div>\n<\/div>\n\n\n\n<div class=\"wp-block-group reveal has-global-padding is-layout-constrained wp-container-core-group-is-layout-8a400663 wp-block-group-is-layout-constrained\">\n<h3 class=\"wp-block-heading has-text-align-center has-secondary-color has-text-color has-link-color wp-elements-38bfc76e2e96bd8f504d1702a76d8270\"><br\/>Historische und kulturelle St\u00e4tten<\/h3>\n\n\n\n<div style=\"height:25px\" aria-hidden=\"true\" class=\"wp-block-spacer\"><\/div>\n\n\n\n<p>Beginnen Sie mit dem <strong>Ch\u00e2teau de Foix<\/strong>, dieser unumg\u00e4nglichen mittelalterlichen Bastion, die einen atemberaubenden Blick auf das Ari\u00e8ge-Tal bietet. Dann wechseln Sie die Stimmung und schlendern Hand in Hand \u00fcber den <strong>Place des Couverts<\/strong>, einen typischen mittelalterlichen Platz im Herzen von <strong>Mirepoix<\/strong>. Weiter geht es zum <strong>Bischofspalast in Saint-Lizier<\/strong>, das als eines der sch\u00f6nsten D\u00f6rfer Frankreichs klassifiziert ist. <strong>Weitere historische Juwelen wie das Ch\u00e2teau de Lordat oder Au Pays des Traces<\/strong> runden Ihre Tage als Komplizen ab.  <\/p>\n\n\n\n<div style=\"height:25px\" aria-hidden=\"true\" class=\"wp-block-spacer\"><\/div>\n\n\n\n<h3 class=\"wp-block-heading has-text-align-center has-secondary-color has-text-color has-link-color wp-elements-e185e69f23fa5371cf40730fdd84a75f\">Entspannung und Natur<\/h3>\n\n\n\n<div style=\"height:25px\" aria-hidden=\"true\" class=\"wp-block-spacer\"><\/div>\n\n\n\n<p>Setzen Sie Ihr Wochenende mit einem <strong>romantischen Spaziergang <\/strong><em>im <\/em><strong>Parc de Bouych\u00e8res in Foix<\/strong> fort, einem idealen Ort, um sich zu zweit zu treffen. Gehen Sie dann zum<strong> Parc aux Bambous<\/strong>, einem exotischen Garten mit gr\u00fcnen Wegen, die zu absoluter Ruhe und Abschalten einladen. Was gibt es romantischeres als ein<strong> Abendessen im Restaurant<\/strong>, um den Tag ausklingen zu lassen? Die beliebtesten Adressen f\u00fcr ein T\u00eate-\u00e0-T\u00eate finden Sie in der Umgebung von <strong>Foix<\/strong>, <strong>Mirepoix<\/strong> und <strong>Saint-Girons<\/strong>. Hier finden Sie eine ged\u00e4mpfte Atmosph\u00e4re, regionale Produkte und einen Blick auf die Pyren\u00e4en.    <\/p>\n\n\n\n<div style=\"height:25px\" aria-hidden=\"true\" class=\"wp-block-spacer\"><\/div>\n\n\n\n<h3 class=\"wp-block-heading has-text-align-center has-secondary-color has-text-color has-link-color wp-elements-6916a401c442272e7739889f4e252de0\">Die Thermen von Ax-les-Thermes<\/h3>\n\n\n\n<div style=\"height:25px\" aria-hidden=\"true\" class=\"wp-block-spacer\"><\/div>\n\n\n\n<p>Beenden Sie Ihr <strong>Entspannungswochenende in der Ari\u00e8ge <\/strong>unter dem Art Deco Glasdach der <strong>Bains du Couloubret<\/strong>, wo 3.000 m\u00b2 Thermalwellness die Privatsph\u00e4re nach einer Pyren\u00e4enwanderung verl\u00e4ngern. Tauchen Sie in das 200 m\u00b2 gro\u00dfe Zentralbecken mit Schwanenh\u00e4lsen (36\u00b0C), wechseln Sie zwischen dem eiskalten r\u00f6mischen Frigidarium (15\u00b0C) und dem dampfenden Caldarium (38\u00b0C) f\u00fcr einen Moment der Ewigkeit zu zweit. <\/p>\n\n\n\n<div style=\"height:25px\" aria-hidden=\"true\" class=\"wp-block-spacer\"><\/div>\n<\/div>\n\n\n\n<div class=\"wp-block-group alignwide is-style-title-simple fromTop is-layout-flow wp-block-group-is-layout-flow is-style-title-simple--8\" style=\"margin-top:4rem;margin-bottom:4rem\">\n<p class=\"has-text-align-center has-secondary-color has-text-color has-link-color has-secondary-font-family has-xl-font-size wp-elements-3057f93ef26b239ade0f373120c5fdf8\"><strong>Natur, Anstrengung, Flucht<\/strong>:<\/p>\n\n\n\n<p class=\"has-text-align-center has-primary-font-family has-sm-font-size\" style=\"text-transform:uppercase\"><strong>die Ari\u00e8ge ohne Grenzen<\/strong><\/p>\n<\/div>\n\n\n\n<div class=\"wp-block-group rightLeft has-global-padding is-layout-constrained wp-block-group-is-layout-constrained\">\n<div class=\"wp-block-columns alignfull are-vertically-aligned-center m-ti is-layout-flex wp-container-core-columns-is-layout-0c0b91ec wp-block-columns-is-layout-flex\">\n<div class=\"wp-block-column is-vertically-aligned-center m-ti-text is-layout-flow wp-container-core-column-is-layout-58dbe9e9 wp-block-column-is-layout-flow\" style=\"padding-left:10rem;flex-basis:40%\">\n<div class=\"wp-block-group is-style-title-left is-layout-flow wp-block-group-is-layout-flow is-style-title-left--9\">\n<p class=\"has-secondary-color has-text-color has-link-color has-secondary-font-family has-xl-font-size wp-elements-f562607762f60099f91f22c0dee9c5b4\">Naturaktivit\u00e4ten und Sensationssportarten<\/p>\n\n\n\n<p class=\"has-primary-color has-text-color has-link-color has-primary-font-family has-sm-font-size wp-elements-a1f81013c900262e2b60614c02a787ed\" style=\"text-transform:uppercase\"><strong>in den Pyren\u00e4en<\/strong><\/p>\n<\/div>\n\n\n\n<h2 class=\"wp-block-heading text-title\"><strong>Sportwochenende in der Ari\u00e8ge<\/strong><\/h2>\n\n\n\n<p class=\"has-m-font-size\" style=\"padding-left:2rem\">Hier finden Sie ein anregendes Programm f\u00fcr ein <strong>sportliches Wochenende in der Ari\u00e8ge<\/strong>, mit schwindelerregenden Pfaden, Klettersteigen, Enduro-Mountainbiking und Herausforderungen in den Pyren\u00e4en. Auf dem Programm stehen Wanderungen im <strong>regionalen Naturpark Pyr\u00e9n\u00e9es Ari\u00e9geoises<\/strong>, Freeride-Spots, hochgelegene Seen und legend\u00e4re Kletterspots. Von Foix bis zu den T\u00e4lern von Orlu bietet jede Anstrengung ein atemberaubendes Panorama.  <\/p>\n<\/div>\n\n\n\n<div class=\"wp-block-column is-vertically-aligned-center wp-block-image alignright size-large has-custom-border m-ti-image is-style-simple-right is-layout-flow wp-block-column-is-layout-flow is-style-simple-right--10\" style=\"flex-basis:60%\">\n<figure class=\"wp-block-image alignright size-full\"><img decoding=\"async\" width=\"2284\" height=\"1280\" src=\"https:\/\/www.vap-camping.fr\/wp-content\/uploads\/2026\/03\/kayak-camping-riviere-ariege.webp\" alt=\"Kanu- und Kajakstrecke auf der Ari&#xE8;ge\" class=\"wp-image-7785\" srcset=\"https:\/\/www.vap-camping.fr\/wp-content\/uploads\/2026\/03\/kayak-camping-riviere-ariege.webp 2284w, https:\/\/www.vap-camping.fr\/wp-content\/uploads\/2026\/03\/kayak-camping-riviere-ariege-600x336.webp 600w, https:\/\/www.vap-camping.fr\/wp-content\/uploads\/2026\/03\/kayak-camping-riviere-ariege-1024x574.webp 1024w, https:\/\/www.vap-camping.fr\/wp-content\/uploads\/2026\/03\/kayak-camping-riviere-ariege-768x430.webp 768w, https:\/\/www.vap-camping.fr\/wp-content\/uploads\/2026\/03\/kayak-camping-riviere-ariege-1536x861.webp 1536w, https:\/\/www.vap-camping.fr\/wp-content\/uploads\/2026\/03\/kayak-camping-riviere-ariege-2048x1148.webp 2048w\" sizes=\"(max-width: 2284px) 100vw, 2284px\" \/><\/figure>\n<\/div>\n<\/div>\n<\/div>\n\n\n\n<div class=\"wp-block-group reveal has-global-padding is-layout-constrained wp-container-core-group-is-layout-8a400663 wp-block-group-is-layout-constrained\">\n<h3 class=\"wp-block-heading has-text-align-center has-secondary-color has-text-color has-link-color wp-elements-768b9a1449b9f7a15e582b314a7e7181\"><br\/><strong>Wanderungen und Herausforderungen in der Natur<\/strong><\/h3>\n\n\n\n<div style=\"height:25px\" aria-hidden=\"true\" class=\"wp-block-spacer\"><\/div>\n\n\n\n<p>Sie fahren direkt zum <strong>Col de la Serre<\/strong>. Dies ist eine der <a href=\"https:\/\/www.vap-camping.fr\/de\/plus-belles-randonnees-ariege\/\">unumg\u00e4nglichen Wanderungen in der Ari\u00e8ge<\/a>, in der N\u00e4he des Col des Marrous: 8 km mit +350 m H\u00f6henunterschied. Genau das Richtige, um die Oberschenkel zu w\u00e4rmen. Die Strecke f\u00fchrt Sie durch die W\u00e4lder der Ari\u00e8ge und bietet einen atemberaubenden Blick auf das Barguilli\u00e8re-Tal und Foix, wo man manchmal Hirsche beobachten kann.     <\/p>\n\n\n\n<div style=\"height:25px\" aria-hidden=\"true\" class=\"wp-block-spacer\"><\/div>\n\n\n\n<p>\u00dcber die kurvenreichen Stra\u00dfen der Ari\u00e8ge geht es dann mit dem Auto ins<strong> Vall\u00e9e d&#8217;Orlu<\/strong>. Entdecken Sie ein unber\u00fchrtes Naturschutzgebiet, das von den 246 m hohen <strong>Ars-Wasserf\u00e4llen<\/strong>, den aus der Ferne beobachtenden Asseln und den mit dem Hang spielenden Wanderwegen dominiert wird. Hier ist der Berg nicht dekorativ, sondern lebendig.  <\/p>\n\n\n\n<div style=\"height:25px\" aria-hidden=\"true\" class=\"wp-block-spacer\"><\/div>\n\n\n\n<p>Tempowechsel in <strong>Ax 3 Domaines<\/strong>. E-Mountainbike-Modus eingeschaltet, Enduro-Pisten, die zwischen Lapiaz und Unterholz Slalom fahren, Steilkurven, Steine, die unter den Reifen knirschen. Und zum Schluss geht es auf die <strong>Via Ferrata des Rocher de Tabe<\/strong>. Senkrechte Linie, straffes Seil, rechts eine deutliche Leere: Clip f\u00fcr Clip geht es voran, zwischen Konzentration und purem Nervenkitzel. Die Panoramaversion der Ari\u00e8ge &#8211; rau, technisch, unvergesslich.    <\/p>\n\n\n\n<div style=\"height:25px\" aria-hidden=\"true\" class=\"wp-block-spacer\"><\/div>\n\n\n\n<h3 class=\"wp-block-heading has-text-align-center has-secondary-color has-text-color has-link-color wp-elements-96c4de24e0f3c671ddae7ce6ea301bcf\"><strong>Outdoor-Aktivit\u00e4ten und Nervenkitzel<\/strong><\/h3>\n\n\n\n<div style=\"height:25px\" aria-hidden=\"true\" class=\"wp-block-spacer\"><\/div>\n\n\n\n<p>Erster Adrenalinschub im <strong>Akrobranch d&#8217;Orlu<\/strong>, in der N\u00e4he von Ax les Thermes: 14 Parcours, die \u00fcber der Schlucht h\u00e4ngen, darunter 250 m lange Seilrutschen, die das Gef\u00fchl vermitteln, \u00fcber das Tal zu fliegen. Wald, Leere unter den F\u00fc\u00dfen, hallende Schreie &#8211; das Wochenende ist er\u00f6ffnet. Weiter geht es ohne Druck mit einer <strong>Kajakfahrt auf der Ari\u00e8ge<\/strong> in <strong>Tarascon-sur-Ari\u00e8ge<\/strong>. Helm aufgesetzt, Paddel in der Hand und unter den Augen der Lehrer folgt eine Stromschnelle auf die andere. Es spritzt, es sch\u00fcttelt, es lacht laut: die perfekte Kombination aus Technik und Spa\u00df.    <\/p>\n\n\n\n<div style=\"height:25px\" aria-hidden=\"true\" class=\"wp-block-spacer\"><\/div>\n\n\n\n<p>In <strong>Guzet<\/strong> wechselte die Atmosph\u00e4re, um die Sommerversion des Biathlons zu testen. Schie\u00dfen mit dem Gewehr, pulsierendes Herz, maximale Konzentration &#8211; und das alles gemischt mit nordischem Skilanglauf auf Gras. Der Geist der Berge, auch ohne Schnee. Zum Abschluss des Wochenendes geht es zu den Tilleuls de Guzet. Geformte Granitklippen, technische Routen, die bei Kletterern beliebt sind: hier wird das Klettern vertikal und \u00e4sthetisch gelebt. Die Finger suchen nach dem perfekten Griff, der Blick schweift \u00fcber das Tal. Vorhang auf f\u00fcr ein intensives, wildes und s\u00fcchtig machendes Wochenende.      <\/p>\n\n\n\n<div style=\"height:25px\" aria-hidden=\"true\" class=\"wp-block-spacer\"><\/div>\n\n\n\n<h3 class=\"wp-block-heading has-text-align-center has-secondary-color has-text-color has-link-color wp-elements-25021806c248691fbba71f26ff0b9a53\"><strong>Besteigung des Montcalm<\/strong><\/h3>\n\n\n\n<div style=\"height:25px\" aria-hidden=\"true\" class=\"wp-block-spacer\"><\/div>\n\n\n\n<p>Apotheose dieses<strong> <\/strong>Sport- und Naturwochenende in Ari\u00e8ge Pyr\u00e9n\u00e9es: <strong>der Pic de Montcalm (3.057 m)<\/strong>. Vom <strong>Val d&#8217;Ari\u00e8ge<\/strong> aus beginnt der Aufstieg gem\u00e4chlich&#8230; dann wird die Umgebung muskul\u00f6ser. Die Luft wird sch\u00e4rfer, der Fels rauer und die Gipfel luftiger. Je h\u00f6her man kommt, desto mehr zeichnet sich die spanische Grenze ab und das Panorama \u00f6ffnet sich im Weitwinkel. 360\u00b0 der Pyren\u00e4en, nur das. Unter den Sohlen: technische Lapiaz und spielerische Passagen, die das Adrenalin ankurbeln. Im Rucksack: nur das N\u00f6tigste, um bis zur H\u00fctte<strong>\u00c9tang d&#8217;Arbu<\/strong> vorzudringen und ein Biwak vor den Gipfeln zu improvisieren. Goldenes Abendlicht, XXL-Stille, das Gef\u00fchl, winzig und lebendig zugleich zu sein.       <\/p>\n\n\n\n<div style=\"height:25px\" aria-hidden=\"true\" class=\"wp-block-spacer\"><\/div>\n\n\n\n<p>Und da man einen Gipfel nie wirklich ruhig verlassen kann, ist der Abstieg ein absolutes Vergn\u00fcgen: Freeride oder befreiendes Trailrunning, je nach Stimmung. Das Ergebnis? 48 Stunden voller Anstrengung, verr\u00fcckter Aussichten und Endorphine. Die Ari\u00e8ge in der Version des gro\u00dfen Nervenkitzels.   <\/p>\n\n\n\n<div style=\"height:25px\" aria-hidden=\"true\" class=\"wp-block-spacer\"><\/div>\n\n\n\n<ul class=\"wp-block-list\">\n<li>Wenn Sie noch weiter gehen m\u00f6chten, lesen Sie unseren umfassenden F\u00fchrer: <a href=\"https:\/\/www.vap-camping.fr\/de\/que-faire-en-ariege\/\">Was kann man in der Ari\u00e8ge<\/a> unternehmen, der die besten Aktivit\u00e4ten nach Ihren W\u00fcnschen zusammenstellt.<\/li>\n<\/ul>\n\n\n\n<div style=\"height:25px\" aria-hidden=\"true\" class=\"wp-block-spacer\"><\/div>\n<\/div>\n\n\n\n<div style=\"height:100px\" aria-hidden=\"true\" class=\"wp-block-spacer\"><\/div>\n\n\n\n<div class=\"wp-block-group alignwide is-style-title-simple fromTop is-layout-flow wp-block-group-is-layout-flow is-style-title-simple--11\" style=\"margin-top:4rem;margin-bottom:4rem\">\n<p class=\"has-text-align-center has-secondary-color has-text-color has-link-color has-secondary-font-family has-xl-font-size wp-elements-fe8b0621dbdd07656a60133f9cb3e042\">Wo schlafen in der Ari\u00e8ge?<\/p>\n\n\n\n<p class=\"has-text-align-center has-primary-font-family has-sm-font-size\" style=\"text-transform:uppercase\"><strong>Die Camping-Erfahrung in voller Gr\u00f6\u00dfe<\/strong><\/p>\n<\/div>\n\n\n\n<div class=\"wp-block-group reveal has-global-padding is-layout-constrained wp-container-core-group-is-layout-8a400663 wp-block-group-is-layout-constrained\">\n<div class=\"wp-block-group has-global-padding is-layout-constrained wp-container-core-group-is-layout-70f4fdbb wp-block-group-is-layout-constrained\">\n<h2 class=\"wp-block-heading\"><br\/><strong><strong>Wo kann man ein Wochenende in der Ari\u00e8ge buchen<\/strong>: Setzen Sie auf den Campingplatz<\/strong><\/h2>\n\n\n\n<div style=\"height:20px\" aria-hidden=\"true\" class=\"wp-block-spacer\"><\/div>\n\n\n\n<p style=\"border-radius:0px;margin-top:2;margin-right:2;margin-bottom:2;margin-left:2\">Um die Ari\u00e8ge unter den besten Bedingungen zu erkunden, w\u00e4hlen Sie einen<strong> Campingplatz des VAP-Netzes<\/strong>, um sich in der N\u00e4he der Berge niederzulassen und gleichzeitig von einem gepflegten Komfort und angepassten Dienstleistungen zu profitieren.  <\/p>\n\n\n\n<p style=\"border-radius:0px;margin-top:2;margin-right:2;margin-bottom:2;margin-left:2\">Unsere <a href=\"https:\/\/www.vap-camping.fr\/de\/\">3- und 4-Sterne-Campingpl\u00e4tze in der Ari\u00e8ge<\/a> liegen in einer privilegierten nat\u00fcrlichen Umgebung &#8211; am Ufer eines Sees, in einem Tal oder vor den Toren der gro\u00dfen Pyren\u00e4en &#8211; und bieten einen idealen Ausgangspunkt f\u00fcr Wanderungen, Fl\u00fcsse und charaktervolle D\u00f6rfer.  <\/p>\n\n\n\n<p style=\"border-radius:0px;margin-top:2;margin-right:2;margin-bottom:2;margin-left:2\">Ger\u00e4umige <strong>Stellpl\u00e4tze <\/strong>, gut ausgestattete <strong>Mobilheime<\/strong> und ein pers\u00f6nlicher Empfang sorgen f\u00fcr Freiheit, Geselligkeit und Qualit\u00e4t des Aufenthalts. \u00dcbernachten in der Ari\u00e8ge bedeutet, dass Sie das Naturerlebnis bis unter die Sterne verl\u00e4ngern k\u00f6nnen. <\/p>\n\n\n\n<div style=\"height:20px\" aria-hidden=\"true\" class=\"wp-block-spacer\"><\/div>\n<\/div>\n\n\n\n<div style=\"height:25px\" aria-hidden=\"true\" class=\"wp-block-spacer\"><\/div>\n\n\n\n<div style=\"height:25px\" aria-hidden=\"true\" class=\"wp-block-spacer\"><\/div>\n<\/div>\n<\/div>\n","protected":false},"excerpt":{"rendered":"<p>CampingplatzS &amp; &#8211; ariEgEn Wochenende in der Ari\u00e8ge, zwischen Natur, Sport und Kultur Was kann man an einem Wochenende in der Ari\u00e8ge unternehmen? Im Herzen der Pyren\u00e4en gelegen, ist diese wilde Gegend f\u00fcr Naturliebhaber,Geschichtsfreunde undAbenteurer gleicherma\u00dfen attraktiv. Zwischen Katharerburgen, pr\u00e4historischen H\u00f6hlen, spektakul\u00e4ren Wanderungen und Kurorten bietet die Ari\u00e8ge eine Vielzahl von Erlebnissen f\u00fcr einen abwechslungsreichen [&hellip;]<\/p>\n","protected":false},"author":1,"featured_media":7923,"comment_status":"closed","ping_status":"closed","sticky":false,"template":"","format":"standard","meta":{"_acf_changed":false,"_seopress_robots_primary_cat":"none","_seopress_titles_title":"Wochenende in der Ari\u00e8ge: Was kann man zwischen Natur, Sport und Entspannung tun?","_seopress_titles_desc":"Was k\u00f6nnen Sie an einem Wochenende in der Ari\u00e8ge unternehmen? Grotten, Katharerburgen, Wanderungen, Thermalb\u00e4der und Naturaktivit\u00e4ten f\u00fcr einen unvergesslichen Aufenthalt. ","_seopress_robots_index":"","ouverture":"","nombre_de_locations":"","nombre_demplacements":"","adresse":"","numero_de_telephone":"","email":"","url_du_site":"","footnotes":""},"categories":[27],"tags":[],"class_list":["post-8209","post","type-post","status-publish","format-standard","has-post-thumbnail","hentry","category-nicht-kategorisiert"],"acf":[],"_links":{"self":[{"href":"https:\/\/www.vap-camping.fr\/de\/wp-json\/wp\/v2\/posts\/8209","targetHints":{"allow":["GET"]}}],"collection":[{"href":"https:\/\/www.vap-camping.fr\/de\/wp-json\/wp\/v2\/posts"}],"about":[{"href":"https:\/\/www.vap-camping.fr\/de\/wp-json\/wp\/v2\/types\/post"}],"author":[{"embeddable":true,"href":"https:\/\/www.vap-camping.fr\/de\/wp-json\/wp\/v2\/users\/1"}],"replies":[{"embeddable":true,"href":"https:\/\/www.vap-camping.fr\/de\/wp-json\/wp\/v2\/comments?post=8209"}],"version-history":[{"count":1,"href":"https:\/\/www.vap-camping.fr\/de\/wp-json\/wp\/v2\/posts\/8209\/revisions"}],"predecessor-version":[{"id":8211,"href":"https:\/\/www.vap-camping.fr\/de\/wp-json\/wp\/v2\/posts\/8209\/revisions\/8211"}],"wp:featuredmedia":[{"embeddable":true,"href":"https:\/\/www.vap-camping.fr\/de\/wp-json\/wp\/v2\/media\/7923"}],"wp:attachment":[{"href":"https:\/\/www.vap-camping.fr\/de\/wp-json\/wp\/v2\/media?parent=8209"}],"wp:term":[{"taxonomy":"category","embeddable":true,"href":"https:\/\/www.vap-camping.fr\/de\/wp-json\/wp\/v2\/categories?post=8209"},{"taxonomy":"post_tag","embeddable":true,"href":"https:\/\/www.vap-camping.fr\/de\/wp-json\/wp\/v2\/tags?post=8209"}],"curies":[{"name":"wp","href":"https:\/\/api.w.org\/{rel}","templated":true}]}}