{"id":8236,"date":"2026-03-11T15:02:08","date_gmt":"2026-03-11T15:02:08","guid":{"rendered":"https:\/\/www.vap-camping.fr\/ariege-en-moto\/"},"modified":"2026-03-11T20:58:28","modified_gmt":"2026-03-11T20:58:28","slug":"ariege-en-moto","status":"publish","type":"post","link":"https:\/\/www.vap-camping.fr\/de\/ariege-en-moto\/","title":{"rendered":"Motorradfahren in Ari\u00e8ge f\u00fcr den Aufstieg"},"content":{"rendered":"\n<div class=\"wp-block-group alignfull is-layout-flow wp-container-core-group-is-layout-8af317cd wp-block-group-is-layout-flow\">\n<div class=\"wp-block-group hero-camp fromOpacity is-layout-flow wp-block-group-is-layout-flow\" style=\"margin-bottom:20rem\">\n<div class=\"wp-block-group alignfull hero-img fromOpacity is-layout-flow wp-block-group-is-layout-flow\">\n<figure class=\"wp-block-image size-full\"><img decoding=\"async\" width=\"1536\" height=\"1024\" src=\"https:\/\/www.vap-camping.fr\/wp-content\/uploads\/2026\/03\/image-12.jpeg\" alt=\"Ariege en Moto\" class=\"wp-image-8103\" srcset=\"https:\/\/www.vap-camping.fr\/wp-content\/uploads\/2026\/03\/image-12.jpeg 1536w, https:\/\/www.vap-camping.fr\/wp-content\/uploads\/2026\/03\/image-12-600x400.jpeg 600w, https:\/\/www.vap-camping.fr\/wp-content\/uploads\/2026\/03\/image-12-1024x683.jpeg 1024w, https:\/\/www.vap-camping.fr\/wp-content\/uploads\/2026\/03\/image-12-768x512.jpeg 768w\" sizes=\"(max-width: 1536px) 100vw, 1536px\" \/><\/figure>\n<\/div>\n\n\n\n<div class=\"wp-block-group hero-desc has-secondary-background-color has-background fromOpacity is-layout-flow wp-block-group-is-layout-flow\" style=\"border-top-right-radius:90px;border-bottom-right-radius:90px;padding-top:2rem;padding-bottom:2rem;padding-left:5rem\"><h1 style=\"font-size:clamp(3.037rem, 3.037rem + ((1vw - 0.2rem) * 4.018), 6rem);\" class=\"has-link-color wp-elements-971196805a816ee349c8ae4f34a1c7a7 wp-block-post-title has-text-color has-white-color has-secondary-font-family\">Motorradfahren in Ari\u00e8ge f\u00fcr den Aufstieg<\/h1>\n\n\n<div class=\"wp-block-group is-nowrap is-layout-flex wp-container-core-group-is-layout-3b4e9d3e wp-block-group-is-layout-flex\">\n<p class=\"has-white-color has-text-color has-link-color has-sm-font-size wp-elements-8c9d322482b98d060e3df17865cb138f\" style=\"font-style:normal;font-weight:500;text-transform:uppercase\">CampingplatzS<\/p>\n\n\n\n<figure class=\"wp-block-image size-full\"><img alt=\"\" decoding=\"async\" src=\"https:\/\/www.vap-camping.fr\/wp-content\/themes\/vap\/assets\/img\/svg\/star-white.svg\" alt=\"\" class=\"wp-image-657\"\/><\/figure>\n\n\n\n<figure class=\"wp-block-image size-full\"><img alt=\"\" decoding=\"async\" src=\"https:\/\/www.vap-camping.fr\/wp-content\/themes\/vap\/assets\/img\/svg\/star-white.svg\" alt=\"\" class=\"wp-image-657\"\/><\/figure>\n\n\n\n<figure class=\"wp-block-image size-full\"><img alt=\"\" decoding=\"async\" src=\"https:\/\/www.vap-camping.fr\/wp-content\/themes\/vap\/assets\/img\/svg\/star-white.svg\" alt=\"\" class=\"wp-image-657\"\/><\/figure>\n\n\n\n<p class=\"has-white-color has-text-color has-link-color has-sm-font-size wp-elements-607150ecce0303d631b7810c1641f883\" style=\"font-style:normal;font-weight:500;text-transform:uppercase\">&amp;<\/p>\n\n\n\n<figure class=\"wp-block-image size-full\"><img alt=\"\" decoding=\"async\" src=\"https:\/\/www.vap-camping.fr\/wp-content\/themes\/vap\/assets\/img\/svg\/star-white.svg\" alt=\"\" class=\"wp-image-657\"\/><\/figure>\n\n\n\n<figure class=\"wp-block-image size-full\"><img alt=\"\" decoding=\"async\" src=\"https:\/\/www.vap-camping.fr\/wp-content\/themes\/vap\/assets\/img\/svg\/star-white.svg\" alt=\"\" class=\"wp-image-657\"\/><\/figure>\n\n\n\n<figure class=\"wp-block-image size-full\"><img alt=\"\" decoding=\"async\" src=\"https:\/\/www.vap-camping.fr\/wp-content\/themes\/vap\/assets\/img\/svg\/star-white.svg\" alt=\"\" class=\"wp-image-657\"\/><\/figure>\n\n\n\n<figure class=\"wp-block-image size-full\"><img alt=\"\" decoding=\"async\" src=\"https:\/\/www.vap-camping.fr\/wp-content\/themes\/vap\/assets\/img\/svg\/star-white.svg\" alt=\"\" class=\"wp-image-657\"\/><\/figure>\n\n\n\n<p class=\"has-white-color has-text-color has-link-color has-sm-font-size wp-elements-11ac8d1920c59fbb3018ca5fc5f71eb1\" style=\"font-style:normal;font-weight:500;text-transform:uppercase\">&#8211; ariEgEn<\/p>\n<\/div>\n<\/div>\n<\/div>\n\n\n\n<div class=\"wp-block-group has-global-padding is-layout-constrained wp-block-group-is-layout-constrained\">\n<div class=\"wp-block-columns alignfull m-ti is-layout-flex wp-container-core-columns-is-layout-0c0b91ec wp-block-columns-is-layout-flex\">\n<div class=\"wp-block-column is-vertically-aligned-center leftRight m-ti-text is-layout-flow wp-block-column-is-layout-flow\" style=\"padding-left:10rem;flex-basis:40%\">\n<div class=\"wp-block-group is-style-title-left is-layout-flow wp-block-group-is-layout-flow is-style-title-left--1\">\n<p class=\"has-secondary-color has-text-color has-link-color has-secondary-font-family has-xl-font-size wp-elements-a34999cb0367ca333934d5765fcb9d6c\"><em>Road Trip  <\/em><\/p>\n\n\n\n<p class=\"has-primary-color has-text-color has-link-color has-primary-font-family has-sm-font-size wp-elements-6bef5455d49a50a0e0d9ffd3a83ebae9\" style=\"text-transform:uppercase\"><strong>in Ari\u00e8ge<\/strong><\/p>\n<\/div>\n\n\n\n<h1 class=\"wp-block-heading has-m-font-size\"><strong>Die Pyr\u00e9n\u00e9es ari\u00e9geoises <strong>mit dem Motorrad<\/strong> entdecken?<\/strong><\/h1>\n\n\n\n<p>Das Himmelfahrtswochenende ist eine der besten Zeiten, um <strong>die Ari\u00e8ge mit dem Motorrad zu<\/strong> erkunden. Die Stra\u00dfen sind vor der Hochsaison noch ruhig, die Landschaft ist sehr gr\u00fcn und die Temperaturen sind ideal, um \u00fcber die <strong>P\u00e4sse der Pyren\u00e4en der Ari\u00e8ge<\/strong> zu fahren. <\/p>\n\n\n\n<div style=\"height:20px\" aria-hidden=\"true\" class=\"wp-block-spacer\"><\/div>\n<\/div>\n\n\n\n<div class=\"wp-block-column is-vertically-aligned-stretch rightLeft m-ti-image is-style-simple-right is-layout-flow wp-block-column-is-layout-flow is-style-simple-right--2\" style=\"flex-basis:60%\">\n<figure class=\"wp-block-image alignright size-large\"><img alt=\"\" decoding=\"async\" width=\"1024\" height=\"683\" src=\"https:\/\/www.vap-camping.fr\/wp-content\/uploads\/2026\/03\/image-13-1024x683.jpeg\" alt=\"\" class=\"wp-image-8112\" srcset=\"https:\/\/www.vap-camping.fr\/wp-content\/uploads\/2026\/03\/image-13-1024x683.jpeg 1024w, https:\/\/www.vap-camping.fr\/wp-content\/uploads\/2026\/03\/image-13-600x400.jpeg 600w, https:\/\/www.vap-camping.fr\/wp-content\/uploads\/2026\/03\/image-13-768x512.jpeg 768w, https:\/\/www.vap-camping.fr\/wp-content\/uploads\/2026\/03\/image-13.jpeg 1536w\" sizes=\"(max-width: 1024px) 100vw, 1024px\" \/><\/figure>\n<\/div>\n<\/div>\n<\/div>\n\n\n\n<div class=\"wp-block-group alignwide is-style-title-simple fromTop is-layout-flow wp-block-group-is-layout-flow is-style-title-simple--3\" style=\"margin-top:4rem;margin-bottom:4rem\">\n<p class=\"has-text-align-center has-secondary-color has-text-color has-link-color has-secondary-font-family has-xl-font-size wp-elements-cd99e737319fc4df501a0b0fa0fa061c\"><em><em>Ideale Rundreise  <\/em><\/em><\/p>\n\n\n\n<p class=\"has-text-align-center has-primary-font-family has-sm-font-size\" style=\"text-transform:uppercase\"><strong><em><em>f\u00fcr das Himmelfahrtswochenende  <\/em><\/em><\/strong><\/p>\n<\/div>\n\n\n\n<div class=\"wp-block-columns alignwide are-vertically-aligned-center m-ti is-layout-flex wp-container-core-columns-is-layout-0c0b91ec wp-block-columns-is-layout-flex\">\n<div class=\"wp-block-column is-vertically-aligned-center wp-block-image alignright size-large has-custom-border is-style-simple-left m-ti-image is-layout-flow wp-block-column-is-layout-flow is-style-simple-left--4\" style=\"flex-basis:60%\">\n<figure class=\"wp-block-image size-full is-style-rounded\" style=\"margin-top:0;margin-right:0;margin-bottom:0;margin-left:0\"><img decoding=\"async\" width=\"2121\" height=\"1413\" src=\"https:\/\/www.vap-camping.fr\/wp-content\/uploads\/2026\/03\/image-8.jpeg\" alt=\"Motorradfahren in den Bergen\" class=\"wp-image-8095\" srcset=\"https:\/\/www.vap-camping.fr\/wp-content\/uploads\/2026\/03\/image-8.jpeg 2121w, https:\/\/www.vap-camping.fr\/wp-content\/uploads\/2026\/03\/image-8-600x400.jpeg 600w, https:\/\/www.vap-camping.fr\/wp-content\/uploads\/2026\/03\/image-8-1024x682.jpeg 1024w, https:\/\/www.vap-camping.fr\/wp-content\/uploads\/2026\/03\/image-8-768x512.jpeg 768w, https:\/\/www.vap-camping.fr\/wp-content\/uploads\/2026\/03\/image-8-1536x1023.jpeg 1536w, https:\/\/www.vap-camping.fr\/wp-content\/uploads\/2026\/03\/image-8-2048x1364.jpeg 2048w\" sizes=\"(max-width: 2121px) 100vw, 2121px\" \/><\/figure>\n<\/div>\n\n\n\n<div class=\"wp-block-column is-vertically-aligned-center m-ti-text is-layout-flow wp-container-core-column-is-layout-58dbe9e9 wp-block-column-is-layout-flow\" style=\"padding-left:10rem;flex-basis:40%\">\n<div class=\"wp-block-group is-style-title-left is-layout-flow wp-block-group-is-layout-flow is-style-title-left--5\">\n<p class=\"has-secondary-color has-text-color has-link-color has-secondary-font-family has-xl-font-size wp-elements-6086c6cf371d1bb6c19daf08cb7fc1f6\">Road Trip  <\/p>\n\n\n\n<p class=\"has-primary-color has-text-color has-link-color has-primary-font-family has-sm-font-size wp-elements-e54a70ba9354b71756f138c474d36342\" style=\"text-transform:uppercase\"><strong><strong><em><strong><em><strong><strong>f\u00fcr die MAI-FERIEN<\/strong><\/strong><\/em><\/strong><\/em><\/strong><\/strong><\/p>\n<\/div>\n\n\n\n<h2 class=\"wp-block-heading text-title\"><strong>In K\u00fcrze<\/strong><\/h2>\n\n\n\n<ul class=\"wp-block-list\">\n<li>Ideale Dauer: 3-4 Tage w\u00e4hrend der Himmelfahrtsbr\u00fccke  <\/li>\n\n\n\n<li>Thema: Motorrad-Roadtrip in der Ari\u00e8ge \u00fcber das HimmelfahrtswochenendeAbfahrtsort: Foix, Dufort oder Les Cabannes<\/li>\n\n\n\n<li>Unterk\u00fcnfte: Camping du Lac, Camping Le Bourdieu, Complexe des Oustalous<\/li>\n\n\n\n<li>Gel\u00e4nde: Bergstra\u00dfen, T\u00e4ler, D\u00f6rfer und P\u00e4sse in den Pyren\u00e4en<\/li>\n\n\n\n<li>Zielgruppe: Motorradfahrer, Gruppen von Freunden, die sich f\u00fcr Motorr\u00e4der begeistern, Freundesgruppen, Motorradclubs<\/li>\n<\/ul>\n<\/div>\n<\/div>\n\n\n\n<div class=\"wp-block-group reveal has-global-padding is-layout-constrained wp-container-core-group-is-layout-8a400663 wp-block-group-is-layout-constrained\">\n<h3 class=\"wp-block-heading has-text-align-center has-secondary-color has-text-color has-link-color wp-elements-61d4c7281d2bcbb23828bf00383c375a\"><strong>Tag 1: Toulouse \u2192 Mas d&#8217;Azil \u2192 Lac de Bethmale \u2192 Camping le Bourdieu<\/strong><\/h3>\n\n\n\n<div style=\"height:25px\" aria-hidden=\"true\" class=\"wp-block-spacer\"><\/div>\n\n\n\n<div style=\"height:25px\" aria-hidden=\"true\" class=\"wp-block-spacer\"><\/div>\n\n\n\n<p>Der Roadtrip beginnt in Toulouse und f\u00fchrt Sie zur <strong>Grotte von Mas d&#8217;Azil<\/strong>, wo Sie eine faszinierende F\u00fchrung erhalten, gefolgt von einer Mittagspause im Dorf. Danach geht es weiter zum <em>See von Bethmale<\/em>, wo Sie einen magischen Sonnenuntergang genie\u00dfen k\u00f6nnen. Die Nacht verbringen Sie auf dem Campingplatz Le Bourdieu in Le Dufort, perfekt f\u00fcr einen erholsamen Familienabend.  <\/p>\n\n\n\n<div style=\"height:100px\" aria-hidden=\"true\" class=\"wp-block-spacer\"><\/div>\n\n\n\n<h3 class=\"wp-block-heading has-text-align-center has-secondary-color has-text-color has-link-color wp-elements-0981797e0388130e707d59aeeb4a9fdb\">Tag 2: Bischofspalast von Saint-Lizier \u2192 Foix<\/h3>\n\n\n\n<div style=\"height:25px\" aria-hidden=\"true\" class=\"wp-block-spacer\"><\/div>\n\n\n\n<p>Der zweite Tag ist der kulturellen Entdeckung gewidmet. Nach dem Besuch des pr\u00e4chtigen Bischofspalastes in Saint-Lizier fahren Sie nach Foix. Dort k\u00f6nnen Sie auf dem lokalen Freitagsmarkt zu Mittag essen, eine authentische und gesellige Erfahrung. Am Nachmittag k\u00f6nnen Sie das Schloss von Foix erkunden, bevor Sie den Tag auf dem Gipfel des <strong>Prat d&#8217;Albis<\/strong> bei einem weiteren spektakul\u00e4ren Sonnenuntergang ausklingen lassen. R\u00fcckkehr und \u00dcbernachtung auf dem <em>Campingplatz du Lac.<\/em>    <\/p>\n\n\n\n<div style=\"height:25px\" aria-hidden=\"true\" class=\"wp-block-spacer\"><\/div>\n\n\n\n<h3 class=\"wp-block-heading has-text-align-center has-secondary-color has-text-color has-link-color wp-elements-c67bebe847e00b4ab5bbe6080f2d6964\">Tag 3: Foix \u2192 Plateau de Beille \u2192 Oustalous-Komplex<\/h3>\n\n\n\n<div style=\"height:25px\" aria-hidden=\"true\" class=\"wp-block-spacer\"><\/div>\n\n\n\n<p>Eine sportliche Etappe erwartet Sie mit einer Fahrt \u00fcber die Bergstra\u00dfen, um das <strong>Plateau de Beille<\/strong> zu entdecken, ein au\u00dfergew\u00f6hnlicher Ort f\u00fcr Liebhaber alpiner Landschaften und starker Gef\u00fchle. Die \u00dcbernachtung erfolgt im Complexe des Oustalous, der komfortabel und f\u00fcr Motorradfahrer geeignet ist. <\/p>\n\n\n\n<div style=\"height:25px\" aria-hidden=\"true\" class=\"wp-block-spacer\"><\/div>\n\n\n\n<h3 class=\"wp-block-heading has-text-align-center has-secondary-color has-text-color has-link-color wp-elements-5894a7ae3f1750e7c8ed2ddf9dc61eda\">4. Tag: R\u00fcckreise<\/h3>\n\n\n\n<p>Die letzte Etappe auf dem Weg zur\u00fcck zu Ihrem Ausgangspunkt oder Ihrem n\u00e4chsten Ziel.<\/p>\n<\/div>\n\n\n\n<div class=\"wp-block-group alignwide is-style-title-simple fromTop is-layout-flow wp-block-group-is-layout-flow is-style-title-simple--6\" style=\"margin-top:4rem;margin-bottom:4rem\">\n<p class=\"has-text-align-center has-secondary-color has-text-color has-link-color has-secondary-font-family has-xl-font-size wp-elements-11bec27d1d20ff1ccb72bf7a80c46d0a\">Ein Road Trip  <\/p>\n\n\n\n<p class=\"has-text-align-center has-primary-font-family has-sm-font-size\" style=\"text-transform:uppercase\"><strong><strong><strong>  unter Freunden<\/strong><\/strong><\/strong><\/p>\n<\/div>\n\n\n\n<div class=\"wp-block-group leftRight has-global-padding is-layout-constrained wp-block-group-is-layout-constrained\">\n<div class=\"wp-block-columns alignwide are-vertically-aligned-center m-ti is-layout-flex wp-container-core-columns-is-layout-0c0b91ec wp-block-columns-is-layout-flex\">\n<div class=\"wp-block-column is-vertically-aligned-center wp-block-image alignright size-large has-custom-border is-style-simple-left m-ti-image is-layout-flow wp-block-column-is-layout-flow is-style-simple-left--7\" style=\"flex-basis:60%\">\n<figure class=\"wp-block-image size-full is-style-rounded\" style=\"margin-top:0;margin-right:0;margin-bottom:0;margin-left:0\"><img decoding=\"async\" width=\"1536\" height=\"1024\" src=\"https:\/\/www.vap-camping.fr\/wp-content\/uploads\/2026\/03\/image-12.jpeg\" alt=\"Ariege en Moto\" class=\"wp-image-8103\" srcset=\"https:\/\/www.vap-camping.fr\/wp-content\/uploads\/2026\/03\/image-12.jpeg 1536w, https:\/\/www.vap-camping.fr\/wp-content\/uploads\/2026\/03\/image-12-600x400.jpeg 600w, https:\/\/www.vap-camping.fr\/wp-content\/uploads\/2026\/03\/image-12-1024x683.jpeg 1024w, https:\/\/www.vap-camping.fr\/wp-content\/uploads\/2026\/03\/image-12-768x512.jpeg 768w\" sizes=\"(max-width: 1536px) 100vw, 1536px\" \/><\/figure>\n<\/div>\n\n\n\n<div class=\"wp-block-column is-vertically-aligned-center m-ti-text is-layout-flow wp-container-core-column-is-layout-58dbe9e9 wp-block-column-is-layout-flow\" style=\"padding-left:10rem;flex-basis:40%\">\n<h2 class=\"wp-block-heading text-title\"><strong>  F\u00fcr wen ist dieser Motorrad-Roadtrip in der Ari\u00e8ge geeignet?<\/strong><\/h2>\n\n\n\n<p class=\"has-m-font-size\" style=\"padding-left:2rem\">Diese Tour ist ideal f\u00fcr Gruppen von Motorradfahrern, die eine abwechslungsreiche Landschaft mit Natur, Bergen und Kulturerbe lieben. Sie eignet sich sowohl f\u00fcr erfahrene Motorradfahrer, die sch\u00f6ne Bergstra\u00dfen fahren m\u00f6chten, als auch f\u00fcr Gruppen von Freunden, die kulturelle Besichtigungen mit Entspannung kombinieren m\u00f6chten. Schlie\u00dflich ist dieser Roadtrip auch f\u00fcr einen Fr\u00fchlingsausflug w\u00e4hrend der Himmelfahrtsferien zu empfehlen, wenn das Klima mild und g\u00fcnstig ist.  <\/p>\n<\/div>\n<\/div>\n<\/div>\n\n\n\n<div class=\"wp-block-group reveal has-global-padding is-layout-constrained wp-container-core-group-is-layout-8a400663 wp-block-group-is-layout-constrained\">\n<h3 class=\"wp-block-heading has-text-align-center has-secondary-color has-text-color has-link-color wp-elements-7462b5b4f88cd4f951ab5b3bf630bbd1\">Sicherheits- und Vorbereitungstipps f\u00fcr Ihren Roadtrip<\/h3>\n\n\n\n<div style=\"height:25px\" aria-hidden=\"true\" class=\"wp-block-spacer\"><\/div>\n\n\n\n<p>Um Ihr Motorradabenteuer in vollen Z\u00fcgen genie\u00dfen zu k\u00f6nnen, sollten Sie sich unbedingt mit zugelassener Schutzkleidung (Helm, verst\u00e4rkte Jacke, Handschuhe, Stiefel) ausstatten. Verwenden Sie ein GPS oder eine geeignete Anwendung, um der Route auf den manchmal kurvigen Stra\u00dfen ohne Stress zu folgen. Denken Sie daran, das Wetter und den Zustand Ihres Motorrads jeden Tag zu \u00fcberpr\u00fcfen.  <\/p>\n\n\n\n<div style=\"height:25px\" aria-hidden=\"true\" class=\"wp-block-spacer\"><\/div>\n\n\n\n<h3 class=\"wp-block-heading has-text-align-center has-secondary-color has-text-color has-link-color wp-elements-5964f077aef610e1a0967015bc4bbee0\">Andere Erfahrungen in der Umgebung unserer Einrichtungen<\/h3>\n\n\n\n<div style=\"height:25px\" aria-hidden=\"true\" class=\"wp-block-spacer\"><\/div>\n\n\n\n<p>Nutzen Sie auch die zahlreichen Aktivit\u00e4ten in der N\u00e4he des Campingplatzes: Kanu- und Kajakfahrten auf der Ari\u00e8ge, Wanderungen auf dem 1 km entfernten Voie Verte, Entdeckung der lokalen M\u00e4rkte, Angeln im See&#8230; Foix und seine Umgebung sind reich an malerischen D\u00f6rfern und bemerkenswerten Naturgebieten, die Sie zwischen zwei Motorradtouren erkunden k\u00f6nnen. <\/p>\n\n\n\n<div style=\"height:25px\" aria-hidden=\"true\" class=\"wp-block-spacer\"><\/div>\n\n\n\n<div style=\"height:25px\" aria-hidden=\"true\" class=\"wp-block-spacer\"><\/div>\n\n\n\n<h3 class=\"wp-block-heading has-secondary-color has-text-color has-link-color wp-elements-c28b532363538e861cdb4ef7120fc878\">  Praktische Informationen  <\/h3>\n\n\n\n<ul class=\"wp-block-list\">\n<li>\ud83d\uddd3\ufe0f Bester Zeitraum: Himmelfahrtsferien, Mai 2026<\/li>\n\n\n\n<li>\ud83d\udccd Startpunkt: Camping du Lac, 09000 Foix, Ari\u00e8ge<\/li>\n\n\n\n<li>\ud83c\udfd5\ufe0f Unterk\u00fcnfte: Camping du Lac, Camping le Bourdieu, Complexe des Oustalous<\/li>\n\n\n\n<li>\u26a0\ufe0f Obligatorische Ausr\u00fcstung: vollst\u00e4ndige Motorrad-Sicherheitskleidung<\/li>\n\n\n\n<li>\u26a1 Wifi verf\u00fcgbar auf dem Campingplatz du Lac<\/li>\n\n\n\n<li>\ud83d\udcf1 GPS oder Smartphone-App verwenden, um die Route zu verfolgen<\/li>\n\n\n\n<li>\ud83c\udf10 Online-Buchungen f\u00fcr Campingpl\u00e4tze m\u00f6glich: <a href=\"https:\/\/reservation.secureholiday.net\/group\/fr\/108\/\" target=\"_blank\" rel=\"noreferrer noopener\">Buchen<\/a><\/li>\n<\/ul>\n<\/div>\n\n\n\n<div class=\"wp-block-group alignwide is-style-title-simple fromTop is-layout-flow wp-block-group-is-layout-flow is-style-title-simple--8\" style=\"margin-top:4rem;margin-bottom:4rem\">\n<h2 class=\"wp-block-heading has-text-align-center has-secondary-color has-text-color has-link-color has-xl-font-size wp-elements-e848614148cfd6d274c04e6d49af81f6\">H\u00e4ufig gestellte Fragen<\/h2>\n\n\n\n<h2 class=\"wp-block-heading has-text-align-center has-sm-font-size\"><strong>auf Motorradtouren<\/strong><\/h2>\n\n\n\n<p>l<\/p>\n<\/div>\n\n\n\n<div class=\"wp-block-group alignwide has-global-padding is-layout-constrained wp-block-group-is-layout-constrained\">\n<h3 class=\"wp-block-heading\">Wie lang ist die Gesamtstrecke dieses Motorrad-Roadtrips in der Ari\u00e8ge?<\/h3>\n\n\n\n<p>Die Strecke betr\u00e4gt ca. 200 km, verteilt auf 3 bis 4 Tage, mit mehreren kulturellen und landschaftlichen Etappen.<\/p>\n\n\n\n<h3 class=\"wp-block-heading\">Welche Sehensw\u00fcrdigkeiten kann man auf dieser Route sehen?<\/h3>\n\n\n\n<p>Die wichtigsten Sehensw\u00fcrdigkeiten sind die Grotte von Mas d&#8217;Azil, der Bischofspalast von Saint-Lizier, das Schloss von Foix, Prat d&#8217;Albis und das Plateau de Beille.<\/p>\n\n\n\n<h3 class=\"wp-block-heading\">Wann ist die beste Zeit f\u00fcr einen Roadtrip?<\/h3>\n\n\n\n<p>Die Himmelfahrtsferien im Mai sind perfekt, um das milde Klima und die touristische Hochsaison in der Ari\u00e8ge zu genie\u00dfen.<\/p>\n\n\n\n<h3 class=\"wp-block-heading\">Warum sollten Sie die Ari\u00e8ge f\u00fcr einen Motorrad-Roadtrip w\u00e4hlen?<\/h3>\n\n\n\n<p>Die Ari\u00e8ge ist ein beliebtes Ziel f\u00fcr Motorradtouren, dank ihrer kurvenreichen Stra\u00dfen, Bergpanoramen, charaktervollen D\u00f6rfern und den gro\u00dfen Pyren\u00e4enrouten.  <\/p>\n\n\n\n<h3 class=\"wp-block-heading\">Welches Niveau muss man haben, um in der Ari\u00e8ge Motorrad fahren zu k\u00f6nnen?<\/h3>\n\n\n\n<p>Die Routen in der Arie eignen sich vor allem f\u00fcr Motorradfahrer, die sich auf Bergstra\u00dfen wohlf\u00fchlen. Die Kurven, die H\u00f6henunterschiede und einige schmalere Abschnitte erfordern Aufmerksamkeit, besonders nach Regen oder am fr\u00fchen Morgen. <\/p>\n\n\n\n<h3 class=\"wp-block-heading\">Ist eine spezielle Ausr\u00fcstung f\u00fcr diese Motorradtour erforderlich?<\/h3>\n\n\n\n<p>Ja, das Tragen einer vollst\u00e4ndigen Sicherheitsausr\u00fcstung (Helm, Jacke, Handschuhe, Stiefel) wird zu Ihrer Sicherheit und Bequemlichkeit dringend empfohlen.<\/p>\n<\/div>\n\n\n\n<div class=\"wp-block-group alignwide has-global-padding is-layout-constrained wp-block-group-is-layout-constrained\">\n<div class=\"wp-block-group alignwide is-style-title-simple fromTop is-layout-flow wp-block-group-is-layout-flow is-style-title-simple--9\" style=\"margin-top:4rem;margin-bottom:4rem\">\n<h2 class=\"wp-block-heading has-text-align-center has-secondary-color has-text-color has-link-color has-xl-font-size wp-elements-43578cd66f1a7382d26df11c9e24a4ac\">Wo schlafen?<\/h2>\n\n\n\n<h2 class=\"wp-block-heading has-text-align-center has-sm-font-size\">W\u00e4hrend Ihres Roadtrips  <\/h2>\n<\/div>\n<\/div>\n\n\n\n<div class=\"wp-block-group reveal has-global-padding is-layout-constrained wp-block-group-is-layout-constrained\">\n<div style=\"height:25px\" aria-hidden=\"true\" class=\"wp-block-spacer\"><\/div>\n\n\n\n<div class=\"wp-block-group has-global-padding is-layout-constrained wp-block-group-is-layout-constrained\"><div class=\"campings-wrapper is-layout-flow wp-block-slider-campings-is-layout-flow\">\n            <div class=\"campings-list\">\n                            <div class=\"camping-item\"\n                    style=\"background-image: linear-gradient(to top, rgba(0, 0, 0, 0.6), transparent), url('https:\/\/www.vap-camping.fr\/wp-content\/uploads\/2025\/04\/camping-avec-piscine-1024x767.jpg');\">\n                    <a href=\"https:\/\/www.vap-camping.fr\/de\/campings\/camping-du-lac\/\" title=\"Campingplatz du lac(Foix)\" class=\"camping-link\">\n                        <p class=\"title\">Campingplatz du lac(Foix)<\/p>\n                        <p class=\"camping-button\">Entdecken<\/p>\n                    <\/a>\n                <\/div>\n                            <div class=\"camping-item\"\n                    style=\"background-image: linear-gradient(to top, rgba(0, 0, 0, 0.6), transparent), url('https:\/\/www.vap-camping.fr\/wp-content\/uploads\/2025\/04\/img_5291-1024x768-1.jpg');\">\n                    <a href=\"https:\/\/www.vap-camping.fr\/de\/campings\/complexe-des-oustalous\/\" title=\"Oustalous-Komplex\" class=\"camping-link\">\n                        <p class=\"title\">Oustalous-Komplex<\/p>\n                        <p class=\"camping-button\">Entdecken<\/p>\n                    <\/a>\n                <\/div>\n                            <div class=\"camping-item\"\n                    style=\"background-image: linear-gradient(to top, rgba(0, 0, 0, 0.6), transparent), url('https:\/\/www.vap-camping.fr\/wp-content\/uploads\/2025\/04\/4479-1024x461.jpeg');\">\n                    <a href=\"https:\/\/www.vap-camping.fr\/de\/campings\/camping-le-bourdieu\/\" title=\"Campingplatz Le Bourdieu\" class=\"camping-link\">\n                        <p class=\"title\">Campingplatz Le Bourdieu<\/p>\n                        <p class=\"camping-button\">Entdecken<\/p>\n                    <\/a>\n                <\/div>\n                    <\/div>\n    <\/div>\n\n<\/div>\n\n\n\n<div style=\"height:25px\" aria-hidden=\"true\" class=\"wp-block-spacer\"><\/div>\n\n\n\n{\n  &#8220;@context&#8221;: &#8220;https:\/\/schema.org&#8221;,\n  &#8220;@graph&#8221;: [\n    {\n      &#8220;@type&#8221;: &#8220;BlogPosting&#8221;,\n      &#8220;headline&#8221;: &#8220;Road trip moto en Ari\u00e8ge : d\u00e9couvrir les Pyr\u00e9n\u00e9es ari\u00e9geoises pendant le week-end de l\u2019Ascension&#8221;,\n      &#8220;description&#8221;: &#8220;Circuit moto de 3 \u00e0 4 jours en Ari\u00e8ge pendant le week-end de l\u2019Ascension : Mas d\u2019Azil, Bethmale, Foix, Plateau de Beille et Prat d\u2019Albis avec h\u00e9bergements en camping.&#8221;,\n      &#8220;keywords&#8221;: [\n        &#8220;road trip moto Ari\u00e8ge&#8221;,\n        &#8220;circuit moto Pyr\u00e9n\u00e9es&#8221;,\n        &#8220;week-end Ascension Ari\u00e8ge moto&#8221;,\n        &#8220;moto Foix Ari\u00e8ge&#8221;,\n        &#8220;balade moto Pyr\u00e9n\u00e9es ari\u00e9geoises&#8221;\n      ],\n      &#8220;author&#8221;: {\n        &#8220;@type&#8221;: &#8220;Organization&#8221;,\n        &#8220;name&#8221;: &#8220;VAP Campings et G\u00eetes&#8221;\n      },\n      &#8220;publisher&#8221;: {\n        &#8220;@type&#8221;: &#8220;Organization&#8221;,\n        &#8220;name&#8221;: &#8220;VAP Campings et G\u00eetes&#8221;\n      },\n      &#8220;mainEntityOfPage&#8221;: {\n        &#8220;@type&#8221;: &#8220;WebPage&#8221;,\n        &#8220;@id&#8221;: &#8220;https:\/\/www.vap-camping.fr\/road-trip-moto-ariege&#8221;\n      },\n      &#8220;about&#8221;: {\n        &#8220;@type&#8221;: &#8220;TouristTrip&#8221;,\n        &#8220;name&#8221;: &#8220;Road trip moto dans les Pyr\u00e9n\u00e9es ari\u00e9geoises&#8221;,\n        &#8220;touristType&#8221;: [\n          &#8220;motards&#8221;,\n          &#8220;groupes d&#8217;amis&#8221;,\n          &#8220;clubs moto&#8221;\n        ],\n        &#8220;itinerary&#8221;: [\n          {\n            &#8220;@type&#8221;: &#8220;TouristAttraction&#8221;,\n            &#8220;name&#8221;: &#8220;Grotte du Mas d\u2019Azil&#8221;\n          },\n          {\n            &#8220;@type&#8221;: &#8220;TouristAttraction&#8221;,\n            &#8220;name&#8221;: &#8220;Lac de Bethmale&#8221;\n          },\n          {\n            &#8220;@type&#8221;: &#8220;TouristAttraction&#8221;,\n            &#8220;name&#8221;: &#8220;Palais des \u00c9v\u00eaques de Saint-Lizier&#8221;\n          },\n          {\n            &#8220;@type&#8221;: &#8220;TouristAttraction&#8221;,\n            &#8220;name&#8221;: &#8220;Ch\u00e2teau de Foix&#8221;\n          },\n          {\n            &#8220;@type&#8221;: &#8220;TouristAttraction&#8221;,\n            &#8220;name&#8221;: &#8220;Prat d&#8217;Albis&#8221;\n          },\n          {\n            &#8220;@type&#8221;: &#8220;TouristAttraction&#8221;,\n            &#8220;name&#8221;: &#8220;Plateau de Beille&#8221;\n          }\n        ],\n        &#8220;provider&#8221;: {\n          &#8220;@type&#8221;: &#8220;Organization&#8221;,\n          &#8220;name&#8221;: &#8220;VAP Campings et G\u00eetes&#8221;\n        }\n      }\n    },\n\n    {\n      &#8220;@type&#8221;: &#8220;FAQPage&#8221;,\n      &#8220;mainEntity&#8221;: [\n        {\n          &#8220;@type&#8221;: &#8220;Question&#8221;,\n          &#8220;name&#8221;: &#8220;Quelle est la distance totale de ce roadtrip moto en Ari\u00e8ge ?&#8221;,\n          &#8220;acceptedAnswer&#8221;: {\n            &#8220;@type&#8221;: &#8220;Answer&#8221;,\n            &#8220;text&#8221;: &#8220;Le parcours fait environ 200 km r\u00e9partis sur 3 \u00e0 4 jours avec plusieurs \u00e9tapes culturelles et panoramiques dans les Pyr\u00e9n\u00e9es ari\u00e9geoises.&#8221;\n          }\n        },\n        {\n          &#8220;@type&#8221;: &#8220;Question&#8221;,\n          &#8220;name&#8221;: &#8220;Quels sites incontournables peut-on voir sur ce circuit moto ?&#8221;,\n          &#8220;acceptedAnswer&#8221;: {\n            &#8220;@type&#8221;: &#8220;Answer&#8221;,\n            &#8220;text&#8221;: &#8220;Le circuit passe notamment par la Grotte du Mas d\u2019Azil, le lac de Bethmale, le Palais des \u00e9v\u00eaques de Saint-Lizier, le Ch\u00e2teau de Foix, le Prat d\u2019Albis et le Plateau de Beille.&#8221;\n          }\n        },\n        {\n          &#8220;@type&#8221;: &#8220;Question&#8221;,\n          &#8220;name&#8221;: &#8220;Quelle est la meilleure p\u00e9riode pour faire un road trip moto en Ari\u00e8ge ?&#8221;,\n          &#8220;acceptedAnswer&#8221;: {\n            &#8220;@type&#8221;: &#8220;Answer&#8221;,\n            &#8220;text&#8221;: &#8220;Les vacances de l\u2019Ascension au mois de mai sont id\u00e9ales pour d\u00e9couvrir l\u2019Ari\u00e8ge \u00e0 moto gr\u00e2ce aux temp\u00e9ratures douces et aux routes encore calmes.&#8221;\n          }\n        },\n        {\n          &#8220;@type&#8221;: &#8220;Question&#8221;,\n          &#8220;name&#8221;: &#8220;Pourquoi choisir l\u2019Ari\u00e8ge pour un road trip \u00e0 moto ?&#8221;,\n          &#8220;acceptedAnswer&#8221;: {\n            &#8220;@type&#8221;: &#8220;Answer&#8221;,\n            &#8220;text&#8221;: &#8220;L\u2019Ari\u00e8ge est r\u00e9put\u00e9e pour ses routes sinueuses de montagne, ses paysages des Pyr\u00e9n\u00e9es, ses villages de caract\u00e8re et ses grands itin\u00e9raires panoramiques.&#8221;\n          }\n        },\n        {\n          &#8220;@type&#8221;: &#8220;Question&#8221;,\n          &#8220;name&#8221;: &#8220;Quel niveau faut-il pour rouler \u00e0 moto en Ari\u00e8ge ?&#8221;,\n          &#8220;acceptedAnswer&#8221;: {\n            &#8220;@type&#8221;: &#8220;Answer&#8221;,\n            &#8220;text&#8221;: &#8220;Les routes de montagne de l\u2019Ari\u00e8ge conviennent surtout aux motards \u00e0 l\u2019aise avec les virages, les d\u00e9nivel\u00e9s et les routes sinueuses.&#8221;\n          }\n        },\n        {\n          &#8220;@type&#8221;: &#8220;Question&#8221;,\n          &#8220;name&#8221;: &#8220;Faut-il un \u00e9quipement sp\u00e9cifique pour ce road trip moto ?&#8221;,\n          &#8220;acceptedAnswer&#8221;: {\n            &#8220;@type&#8221;: &#8220;Answer&#8221;,\n            &#8220;text&#8221;: &#8220;Un \u00e9quipement complet de s\u00e9curit\u00e9 est recommand\u00e9 : casque homologu\u00e9, blouson renforc\u00e9, gants, bottes et protections adapt\u00e9es.&#8221;\n          }\n        }\n      ]\n    }\n  ]\n}\n\n<\/div>\n<\/div>\n","protected":false},"excerpt":{"rendered":"<p>Motorradfahren in der Ariege<\/p>\n","protected":false},"author":1,"featured_media":8105,"comment_status":"closed","ping_status":"closed","sticky":false,"template":"","format":"standard","meta":{"_acf_changed":false,"_seopress_robots_primary_cat":"none","_seopress_titles_title":"Ari\u00e8ge mit dem Motorrad unter Freunden","_seopress_titles_desc":"Machen Sie einen 3-4-t\u00e4gigen Motorrad-Roadtrip durch die Ari\u00e8ge. Strecke, Panoramen. Buchen Sie Ihren Aufenthalt jetzt!  ","_seopress_robots_index":"","ouverture":"","nombre_de_locations":"","nombre_demplacements":"","adresse":"","numero_de_telephone":"","email":"","url_du_site":"","footnotes":""},"categories":[19],"tags":[],"class_list":["post-8236","post","type-post","status-publish","format-standard","has-post-thumbnail","hentry","category-actualites"],"acf":[],"_links":{"self":[{"href":"https:\/\/www.vap-camping.fr\/de\/wp-json\/wp\/v2\/posts\/8236","targetHints":{"allow":["GET"]}}],"collection":[{"href":"https:\/\/www.vap-camping.fr\/de\/wp-json\/wp\/v2\/posts"}],"about":[{"href":"https:\/\/www.vap-camping.fr\/de\/wp-json\/wp\/v2\/types\/post"}],"author":[{"embeddable":true,"href":"https:\/\/www.vap-camping.fr\/de\/wp-json\/wp\/v2\/users\/1"}],"replies":[{"embeddable":true,"href":"https:\/\/www.vap-camping.fr\/de\/wp-json\/wp\/v2\/comments?post=8236"}],"version-history":[{"count":3,"href":"https:\/\/www.vap-camping.fr\/de\/wp-json\/wp\/v2\/posts\/8236\/revisions"}],"predecessor-version":[{"id":8256,"href":"https:\/\/www.vap-camping.fr\/de\/wp-json\/wp\/v2\/posts\/8236\/revisions\/8256"}],"wp:featuredmedia":[{"embeddable":true,"href":"https:\/\/www.vap-camping.fr\/de\/wp-json\/wp\/v2\/media\/8105"}],"wp:attachment":[{"href":"https:\/\/www.vap-camping.fr\/de\/wp-json\/wp\/v2\/media?parent=8236"}],"wp:term":[{"taxonomy":"category","embeddable":true,"href":"https:\/\/www.vap-camping.fr\/de\/wp-json\/wp\/v2\/categories?post=8236"},{"taxonomy":"post_tag","embeddable":true,"href":"https:\/\/www.vap-camping.fr\/de\/wp-json\/wp\/v2\/tags?post=8236"}],"curies":[{"name":"wp","href":"https:\/\/api.w.org\/{rel}","templated":true}]}}