{"id":8582,"date":"2026-03-12T23:07:57","date_gmt":"2026-03-12T23:07:57","guid":{"rendered":"https:\/\/www.vap-camping.fr\/le-week-end-de-pentecote-2026-en-ariege\/"},"modified":"2026-04-01T20:27:30","modified_gmt":"2026-04-01T20:27:30","slug":"le-week-end-de-pentecote-2026-en-ariege","status":"publish","type":"post","link":"https:\/\/www.vap-camping.fr\/de\/le-week-end-de-pentecote-2026-en-ariege\/","title":{"rendered":"Das Pfingstwochenende 2026 in der Ari\u00e8ge"},"content":{"rendered":"\n<div class=\"wp-block-group alignfull is-layout-flow wp-container-core-group-is-layout-8af317cd wp-block-group-is-layout-flow\">\n<div class=\"wp-block-group hero-camp fromOpacity is-layout-flow wp-block-group-is-layout-flow\" style=\"margin-bottom:20rem\">\n<div class=\"wp-block-group alignfull hero-img fromOpacity is-layout-flow wp-block-group-is-layout-flow\">\n<figure class=\"wp-block-image size-full\"><img decoding=\"async\" width=\"2560\" height=\"1920\" src=\"https:\/\/www.vap-camping.fr\/wp-content\/uploads\/2025\/05\/AdobeStock_1312971900.jpeg\" alt=\"Wandern Ari&#xE8;ge\" class=\"wp-image-1159\" srcset=\"https:\/\/www.vap-camping.fr\/wp-content\/uploads\/2025\/05\/AdobeStock_1312971900.jpeg 2560w, https:\/\/www.vap-camping.fr\/wp-content\/uploads\/2025\/05\/AdobeStock_1312971900-600x450.jpeg 600w, https:\/\/www.vap-camping.fr\/wp-content\/uploads\/2025\/05\/AdobeStock_1312971900-1024x768.jpeg 1024w, https:\/\/www.vap-camping.fr\/wp-content\/uploads\/2025\/05\/AdobeStock_1312971900-768x576.jpeg 768w, https:\/\/www.vap-camping.fr\/wp-content\/uploads\/2025\/05\/AdobeStock_1312971900-1536x1152.jpeg 1536w, https:\/\/www.vap-camping.fr\/wp-content\/uploads\/2025\/05\/AdobeStock_1312971900-2048x1536.jpeg 2048w\" sizes=\"(max-width: 2560px) 100vw, 2560px\" \/><\/figure>\n<\/div>\n\n\n\n<div class=\"wp-block-group hero-desc has-secondary-background-color has-background fromOpacity is-layout-flow wp-block-group-is-layout-flow\" style=\"border-top-right-radius:90px;border-bottom-right-radius:90px;padding-top:2rem;padding-bottom:2rem;padding-left:5rem\"><h1 style=\"font-size:clamp(3.037rem, 3.037rem + ((1vw - 0.2rem) * 4.018), 6rem);\" class=\"has-link-color wp-elements-971196805a816ee349c8ae4f34a1c7a7 wp-block-post-title has-text-color has-white-color has-secondary-font-family\">Das Pfingstwochenende 2026 in der Ari\u00e8ge<\/h1>\n\n\n<div class=\"wp-block-group is-nowrap is-layout-flex wp-container-core-group-is-layout-3b4e9d3e wp-block-group-is-layout-flex\">\n<p class=\"has-white-color has-text-color has-link-color has-sm-font-size wp-elements-8c9d322482b98d060e3df17865cb138f\" style=\"font-style:normal;font-weight:500;text-transform:uppercase\">CampingplatzS<\/p>\n\n\n\n<figure class=\"wp-block-image size-full\"><img alt=\"\" decoding=\"async\" src=\"https:\/\/www.vap-camping.fr\/wp-content\/themes\/vap\/assets\/img\/svg\/star-white.svg\" alt=\"\" class=\"wp-image-657\"\/><\/figure>\n\n\n\n<figure class=\"wp-block-image size-full\"><img alt=\"\" decoding=\"async\" src=\"https:\/\/www.vap-camping.fr\/wp-content\/themes\/vap\/assets\/img\/svg\/star-white.svg\" alt=\"\" class=\"wp-image-657\"\/><\/figure>\n\n\n\n<figure class=\"wp-block-image size-full\"><img alt=\"\" decoding=\"async\" src=\"https:\/\/www.vap-camping.fr\/wp-content\/themes\/vap\/assets\/img\/svg\/star-white.svg\" alt=\"\" class=\"wp-image-657\"\/><\/figure>\n\n\n\n<p class=\"has-white-color has-text-color has-link-color has-sm-font-size wp-elements-607150ecce0303d631b7810c1641f883\" style=\"font-style:normal;font-weight:500;text-transform:uppercase\">&amp;<\/p>\n\n\n\n<figure class=\"wp-block-image size-full\"><img alt=\"\" decoding=\"async\" src=\"https:\/\/www.vap-camping.fr\/wp-content\/themes\/vap\/assets\/img\/svg\/star-white.svg\" alt=\"\" class=\"wp-image-657\"\/><\/figure>\n\n\n\n<figure class=\"wp-block-image size-full\"><img alt=\"\" decoding=\"async\" src=\"https:\/\/www.vap-camping.fr\/wp-content\/themes\/vap\/assets\/img\/svg\/star-white.svg\" alt=\"\" class=\"wp-image-657\"\/><\/figure>\n\n\n\n<figure class=\"wp-block-image size-full\"><img alt=\"\" decoding=\"async\" src=\"https:\/\/www.vap-camping.fr\/wp-content\/themes\/vap\/assets\/img\/svg\/star-white.svg\" alt=\"\" class=\"wp-image-657\"\/><\/figure>\n\n\n\n<figure class=\"wp-block-image size-full\"><img alt=\"\" decoding=\"async\" src=\"https:\/\/www.vap-camping.fr\/wp-content\/themes\/vap\/assets\/img\/svg\/star-white.svg\" alt=\"\" class=\"wp-image-657\"\/><\/figure>\n\n\n\n<p class=\"has-white-color has-text-color has-link-color has-sm-font-size wp-elements-11ac8d1920c59fbb3018ca5fc5f71eb1\" style=\"font-style:normal;font-weight:500;text-transform:uppercase\">&#8211; ariEgEn<\/p>\n<\/div>\n<\/div>\n<\/div>\n\n\n\n<div class=\"wp-block-group has-global-padding is-layout-constrained wp-block-group-is-layout-constrained\">\n<div class=\"wp-block-columns alignfull m-ti is-layout-flex wp-container-core-columns-is-layout-0c0b91ec wp-block-columns-is-layout-flex\">\n<div class=\"wp-block-column is-vertically-aligned-center leftRight m-ti-text is-layout-flow wp-block-column-is-layout-flow\" style=\"padding-left:10rem;flex-basis:40%\">\n<div class=\"wp-block-group is-style-title-left is-layout-flow wp-block-group-is-layout-flow is-style-title-left--1\">\n<p class=\"has-secondary-color has-text-color has-link-color has-secondary-font-family has-xl-font-size wp-elements-b6afdb150489218eda699cf53ff0312f\"><em>Ende des Winters  <\/em><\/p>\n\n\n\n<p class=\"has-primary-color has-text-color has-link-color has-primary-font-family has-sm-font-size wp-elements-8c9bad3b8f7a31f9e0275d0a7bc031e9\" style=\"text-transform:uppercase\"><strong>in Ariege  <\/strong><\/p>\n<\/div>\n\n\n\n<h1 class=\"wp-block-heading has-m-font-size\"><strong>Ein Natururlaub zwischen Pyren\u00e4en, Fl\u00fcssen und authentischen D\u00f6rfern<\/strong>!<\/h1>\n\n\n\n<p>Zwischen Ende Mai und Anfang Juni bieten die Landschaften der Ari\u00e8ge eine bemerkenswerte Vielfalt. Innerhalb weniger Kilometer gelangt man von mittelalterlichen D\u00f6rfern zu wilden T\u00e4lern, von tiefen W\u00e4ldern zu offenen Hochebenen mit Blick auf die <strong>Gipfel der Pyren\u00e4en<\/strong>. <\/p>\n\n\n\n<p>Fl\u00fcsse wie <strong>die Ari\u00e8ge, der Vicdessos oder der Hers<\/strong> flie\u00dfen durch gr\u00fcne T\u00e4ler, in denen Sie wandern, Rad fahren oder einfach die frische Bergluft genie\u00dfen k\u00f6nnen.<\/p>\n\n\n\n<div style=\"height:20px\" aria-hidden=\"true\" class=\"wp-block-spacer\"><\/div>\n<\/div>\n\n\n\n<div class=\"wp-block-column is-vertically-aligned-stretch rightLeft m-ti-image is-style-simple-right is-layout-flow wp-block-column-is-layout-flow is-style-simple-right--2\" style=\"flex-basis:60%\">\n<figure class=\"wp-block-image alignright size-large\"><img decoding=\"async\" width=\"1024\" height=\"673\" src=\"https:\/\/www.vap-camping.fr\/wp-content\/uploads\/2026\/03\/image-18-1024x673.jpeg\" alt=\"ari&#xE8;ge im Fr&#xFC;hling  \" class=\"wp-image-8335\" srcset=\"https:\/\/www.vap-camping.fr\/wp-content\/uploads\/2026\/03\/image-18-1024x673.jpeg 1024w, https:\/\/www.vap-camping.fr\/wp-content\/uploads\/2026\/03\/image-18-600x394.jpeg 600w, https:\/\/www.vap-camping.fr\/wp-content\/uploads\/2026\/03\/image-18-768x505.jpeg 768w, https:\/\/www.vap-camping.fr\/wp-content\/uploads\/2026\/03\/image-18.jpeg 1280w\" sizes=\"(max-width: 1024px) 100vw, 1024px\" \/><\/figure>\n<\/div>\n<\/div>\n<\/div>\n\n\n\n<div class=\"wp-block-group alignwide is-style-title-simple fromTop is-layout-flow wp-block-group-is-layout-flow is-style-title-simple--3\" style=\"margin-top:4rem;margin-bottom:4rem\">\n<p class=\"has-text-align-center has-secondary-color has-text-color has-link-color has-secondary-font-family has-xl-font-size wp-elements-5fcc3b633c46549c5abcfc35c173b768\"><em><em>Die Landschaften der Ari\u00e8ge<\/em><\/em><\/p>\n\n\n\n<p class=\"has-text-align-center has-primary-font-family has-sm-font-size\" style=\"text-transform:uppercase\"><strong><em><em>Im Fr\u00fchling  <\/em><\/em><\/strong><\/p>\n<\/div>\n\n\n\n<div class=\"wp-block-columns alignwide are-vertically-aligned-center m-ti is-layout-flex wp-container-core-columns-is-layout-0c0b91ec wp-block-columns-is-layout-flex\">\n<div class=\"wp-block-column is-vertically-aligned-center wp-block-image alignright size-large has-custom-border is-style-simple-left m-ti-image is-layout-flow wp-block-column-is-layout-flow is-style-simple-left--4\" style=\"flex-basis:60%\">\n<figure class=\"wp-block-image size-full is-style-rounded\" style=\"margin-top:0;margin-right:0;margin-bottom:0;margin-left:0\"><img decoding=\"async\" width=\"512\" height=\"384\" src=\"https:\/\/www.vap-camping.fr\/wp-content\/uploads\/2026\/03\/image-19.jpeg\" alt=\"esel in ari&#xE8;ge  \" class=\"wp-image-8339\"\/><\/figure>\n<\/div>\n\n\n\n<div class=\"wp-block-column is-vertically-aligned-center m-ti-text is-layout-flow wp-container-core-column-is-layout-58dbe9e9 wp-block-column-is-layout-flow\" style=\"padding-left:10rem;flex-basis:40%\">\n<div class=\"wp-block-group is-style-title-left is-layout-flow wp-block-group-is-layout-flow is-style-title-left--5\">\n<p class=\"has-primary-color has-text-color has-link-color has-primary-font-family has-sm-font-size wp-elements-92609c2f9bb1889f0aa75aa989f84321\" style=\"text-transform:uppercase\"><strong><strong><em><strong><em><strong><strong>frei wie ein Vogel  <\/strong><\/strong><\/em><\/strong><\/em><\/strong><\/strong><\/p>\n<\/div>\n\n\n\n<h2 class=\"wp-block-heading text-title\">In K\u00fcrze: Pfingstwochenende in der Ari\u00e8ge<\/h2>\n\n\n\n<p>\ud83d\udcc5 Zeitraum: Pfingstwochenende 2026<\/p>\n\n\n\n<p>\ud83d\udccd Reiseziel: Ari\u00e8ge, Pyren\u00e4en, Okzitanien<\/p>\n\n\n\n<p>\ud83c\udf3f Thema: Natur, Wandern, D\u00f6rfer und Entdeckungen<\/p>\n\n\n\n<p>\ud83c\udfd5 Unterk\u00fcnfte: Camping du Lac in Foix, Camping La Bastide in Maz\u00e8res, Camping Le Bourdieu in Dufort, Complexe des Oustalous in Les Cabannes.<\/p>\n\n\n\n<p>\ud83d\udc68\u200d\ud83d\udc69\u200d\ud83d\udc67 \u00d6ffentlich: Familien, Paare, Gruppen von Freunden, Naturliebhaber<\/p>\n\n\n\n<p>\ud83d\udeb4 Aktivit\u00e4ten: Wandern, Vogelbeobachtung, charaktervolle D\u00f6rfer, Pyren\u00e4enpanorama<\/p>\n<\/div>\n<\/div>\n\n\n\n<div class=\"wp-block-group reveal has-global-padding is-layout-constrained wp-container-core-group-is-layout-8a400663 wp-block-group-is-layout-constrained\">\n<h3 class=\"wp-block-heading has-text-align-center has-secondary-color has-text-color has-link-color wp-elements-fd9094a19502daa14f627771b98cb028\"><strong>Eine Panoramawanderung zum Pic des Trois Seigneurs<\/strong><\/h3>\n\n\n\n<div style=\"height:25px\" aria-hidden=\"true\" class=\"wp-block-spacer\"><\/div>\n\n\n\n<div style=\"height:25px\" aria-hidden=\"true\" class=\"wp-block-spacer\"><\/div>\n\n\n\n<p>F\u00fcr Liebhaber spektakul\u00e4rer Landschaften ist ein Ausflug zum <strong>Pic des Trois Seigneurs<\/strong> ein Muss in der N\u00e4he von <strong>Foix<\/strong>.<\/p>\n\n\n\n<p>Diese Wanderung ist bis zum Col de Port mit dem Auto zu erreichen und bietet dann einen relativ einfachen Weg zu einem der sch\u00f6nsten <strong>Aussichtspunkte der Pyren\u00e4en der Ari\u00e8ge<\/strong>. Vom Gipfel aus k\u00f6nnen Sie die gesamte Pyren\u00e4enkette \u00fcberblicken. <\/p>\n\n\n\n<p>Warum das Pfingstwochenende ideal ist :<\/p>\n\n\n\n<ul class=\"wp-block-list\">\n<li>meist kein Schnee auf den Wanderwegen<\/li>\n\n\n\n<li>Angenehme Temperaturen zum Wandern<\/li>\n\n\n\n<li>sehr gr\u00fcne Landschaften im Fr\u00fchsommer<\/li>\n<\/ul>\n\n\n\n<p>Vom <strong>Camping du Lac in Foix<\/strong> aus ist der Pass in etwa <strong>40 Minuten mit<\/strong> dem Auto zu erreichen, so dass Sie diesen Ausflug problemlos als Halbtagesausflug durchf\u00fchren k\u00f6nnen.<\/p>\n\n\n\n<div style=\"height:100px\" aria-hidden=\"true\" class=\"wp-block-spacer\"><\/div>\n\n\n\n<h3 class=\"wp-block-heading has-text-align-center has-secondary-color has-text-color has-link-color wp-elements-caba74df72a25a815b5ba3fa23bd041a\">Vogelbeobachtung in der Domaine des Oiseaux<\/h3>\n\n\n\n<div style=\"height:25px\" aria-hidden=\"true\" class=\"wp-block-spacer\"><\/div>\n\n\n\n<p>Nur wenige Minuten vom <strong>Campingplatz La Bastide in Maz\u00e8res<\/strong> entfernt liegt die <strong>Domaine des Oiseaux<\/strong>, ein bemerkenswertes Naturgebiet, in dem Sie die lokale Biodiversit\u00e4t entdecken k\u00f6nnen.<\/p>\n\n\n\n<p>Dieser Naturpark besteht aus mehreren Teichen, die von Wanderwegen und Observatorien umgeben sind. Hier k\u00f6nnen Sie viele verschiedene Arten beobachten: <\/p>\n\n\n\n<ul class=\"wp-block-list\">\n<li>Reiher<\/li>\n\n\n\n<li>St\u00f6rche<\/li>\n\n\n\n<li>Wildenten<\/li>\n\n\n\n<li>Zugv\u00f6gel<\/li>\n<\/ul>\n\n\n\n<p>Im Fr\u00fchling und Fr\u00fchsommer ist die Tierwelt besonders aktiv. Diese Aktivit\u00e4t ist ideal f\u00fcr : <\/p>\n\n\n\n<ul class=\"wp-block-list\">\n<li>Familien mit Kindern<\/li>\n\n\n\n<li>Liebhaber der Naturfotografie<\/li>\n\n\n\n<li>Besucher, die einen ruhigen Spaziergang suchen<\/li>\n<\/ul>\n\n\n\n<p>Der Ort ist eine ausgezeichnete Idee f\u00fcr einen Spaziergang w\u00e4hrend des <strong>Pfingstwochenendes in der Ari\u00e8ge<\/strong>.<\/p>\n\n\n\n<div style=\"height:25px\" aria-hidden=\"true\" class=\"wp-block-spacer\"><\/div>\n\n\n\n<h3 class=\"wp-block-heading has-text-align-center has-secondary-color has-text-color has-link-color wp-elements-11bd9404a23c777cf6298853daedabc7\">Entdecken Sie das Dorf und die Landschaft rund um Camon<\/h3>\n\n\n\n<div style=\"height:25px\" aria-hidden=\"true\" class=\"wp-block-spacer\"><\/div>\n\n\n\n<p>In der N\u00e4he des <strong>Campingplatzes Le Bourdieu<\/strong> liegt das Dorf <strong>Camon<\/strong>, eines der charmantesten D\u00f6rfer der Ari\u00e8ge.<\/p>\n\n\n\n<p>Camon, das auch das <strong>Dorf der hundert Rosenstr\u00e4ucher<\/strong> genannt wird, ist von einer Stadtmauer umgeben und wird von einer alten Abtei dominiert. Besucher k\u00f6nnen hier durch blumengeschm\u00fcckte Gassen spazieren und einen herrlichen Blick \u00fcber das Hers-Tal genie\u00dfen. <\/p>\n\n\n\n<p>Im Juni stehen die Rosenstr\u00e4ucher oft in voller Bl\u00fcte, was den Besuch noch angenehmer macht.<\/p>\n\n\n\n<p>Von <strong>Dufort<\/strong> aus bietet dieser Ausflug eine Kombination aus :  <\/p>\n\n\n\n<ul class=\"wp-block-list\">\n<li>Gourmetpause in einem lokalen Caf\u00e9<\/li>\n\n\n\n<li>  Spaziergang durch ein mittelalterliches Dorf<\/li>\n\n\n\n<li>Entdeckung einer typischen Landschaft des Pyren\u00e4enpiemonts.<\/li>\n<\/ul>\n\n\n\n<div style=\"height:0px\" aria-hidden=\"true\" class=\"wp-block-spacer\"><\/div>\n\n\n\n<div style=\"height:25px\" aria-hidden=\"true\" class=\"wp-block-spacer\"><\/div>\n\n\n\n<h3 class=\"wp-block-heading has-text-align-center has-secondary-color has-text-color has-link-color wp-elements-bafe8aea0b03a8ba2ba734e662923610\">Entdecken Sie das Ax-Tal und das Plateau de Beille<\/h3>\n\n\n\n<div style=\"height:30px\" aria-hidden=\"true\" class=\"wp-block-spacer\"><\/div>\n\n\n\n<p>Vom <strong>Complexe des Oustalous<\/strong> in Les Cabannes ist das <strong>Plateau de Beille<\/strong> sehr schnell zu erreichen.<\/p>\n\n\n\n<p>Diese gro\u00dfe Hochebene bietet einen spektakul\u00e4ren Blick auf die <strong>Pyren\u00e4en<\/strong> und ist ein ausgezeichnetes Gebiet f\u00fcr :<\/p>\n\n\n\n<ul class=\"wp-block-list\">\n<li>leichte Wanderungen<\/li>\n\n\n\n<li>Spazierg\u00e4nge mit der Familie<\/li>\n\n\n\n<li>Beobachtung von Berglandschaften<\/li>\n<\/ul>\n\n\n\n<p>Auch au\u00dferhalb der Wintersaison bleibt das Plateau ein beliebter Ort f\u00fcr seine weiten Fl\u00e4chen und seine Ruhe.<\/p>\n\n\n\n<p>Am <strong>Pfingstwochenende<\/strong> ist dies der perfekte Ort, um die Berge zu genie\u00dfen, ohne die Menschenmassen des Sommers.<\/p>\n<\/div>\n\n\n\n<div class=\"wp-block-group alignwide is-style-title-simple fromTop is-layout-flow wp-block-group-is-layout-flow is-style-title-simple--6\" style=\"margin-top:4rem;margin-bottom:4rem\">\n<p class=\"has-text-align-center has-secondary-color has-text-color has-link-color has-secondary-font-family has-xl-font-size wp-elements-ca8822e748bc3fd71a05df7086f1fff7\">Ein ideales Wochenende  <\/p>\n\n\n\n<p class=\"has-text-align-center has-primary-font-family has-sm-font-size\" style=\"text-transform:uppercase\"><strong><strong><strong>in den Pyren\u00e4en von Ariege<\/strong><\/strong><\/strong><\/p>\n<\/div>\n\n\n\n<div class=\"wp-block-group leftRight has-global-padding is-layout-constrained wp-block-group-is-layout-constrained\">\n<div class=\"wp-block-columns alignwide are-vertically-aligned-center m-ti is-layout-flex wp-container-core-columns-is-layout-0c0b91ec wp-block-columns-is-layout-flex\">\n<div class=\"wp-block-column is-vertically-aligned-center wp-block-image alignright size-large has-custom-border is-style-simple-left m-ti-image is-layout-flow wp-block-column-is-layout-flow is-style-simple-left--7\" style=\"flex-basis:60%\">\n<figure class=\"wp-block-image size-full is-style-rounded\" style=\"margin-top:0;margin-right:0;margin-bottom:0;margin-left:0\"><img decoding=\"async\" width=\"2560\" height=\"1707\" src=\"https:\/\/www.vap-camping.fr\/wp-content\/uploads\/2025\/05\/AdobeStock_1440628082-scaled.jpeg\" alt=\"Wasserfall Ari&#xE8;ge\" class=\"wp-image-1274\" srcset=\"https:\/\/www.vap-camping.fr\/wp-content\/uploads\/2025\/05\/AdobeStock_1440628082-scaled.jpeg 2560w, https:\/\/www.vap-camping.fr\/wp-content\/uploads\/2025\/05\/AdobeStock_1440628082-600x400.jpeg 600w, https:\/\/www.vap-camping.fr\/wp-content\/uploads\/2025\/05\/AdobeStock_1440628082-1024x683.jpeg 1024w, https:\/\/www.vap-camping.fr\/wp-content\/uploads\/2025\/05\/AdobeStock_1440628082-768x512.jpeg 768w, https:\/\/www.vap-camping.fr\/wp-content\/uploads\/2025\/05\/AdobeStock_1440628082-1536x1024.jpeg 1536w, https:\/\/www.vap-camping.fr\/wp-content\/uploads\/2025\/05\/AdobeStock_1440628082-2048x1365.jpeg 2048w\" sizes=\"(max-width: 2560px) 100vw, 2560px\" \/><\/figure>\n<\/div>\n\n\n\n<div class=\"wp-block-column is-vertically-aligned-center m-ti-text is-layout-flow wp-container-core-column-is-layout-58dbe9e9 wp-block-column-is-layout-flow\" style=\"padding-left:10rem;flex-basis:40%\">\n<h2 class=\"wp-block-heading text-title\"><strong>  F\u00fcr wen ist der Pfingsturlaub in der Ari\u00e8ge geeignet?<\/strong><\/h2>\n\n\n\n<p class=\"has-m-font-size\" style=\"padding-left:2rem\">Das <strong>Pfingstwochenende in der Ari\u00e8ge<\/strong> richtet sich an alle, die ein Naturziel in den <strong>Pyren\u00e4en der Ari\u00e8ge<\/strong> suchen, weit weg vom Massentourismus. Mit ihren abwechslungsreichen Landschaften, gr\u00fcnen T\u00e4lern und vielen Wanderwegen ist die Ari\u00e8ge ein perfektes Ziel f\u00fcr einen <strong>3-4-t\u00e4gigen Kurzurlaub<\/strong> im Fr\u00fchling. Die Ari\u00e8ge liegt s\u00fcdlich von <strong>Toulouse in Okzitanien<\/strong> und ist ein noch unber\u00fchrtes Gebiet, das Reisende auf der Suche nach <strong>Natur, Weite und Authentizit\u00e4t<\/strong> anzieht. Hier sind einige weitere Ideen f\u00fcr Ihr Abenteuer.     <\/p>\n<\/div>\n<\/div>\n<\/div>\n\n\n\n<div class=\"wp-block-group reveal has-global-padding is-layout-constrained wp-container-core-group-is-layout-8a400663 wp-block-group-is-layout-constrained\">\n<h3 class=\"wp-block-heading has-text-align-center has-secondary-color has-text-color has-link-color wp-elements-22cb819dd0c82f342b327fb3fd3810b6\">Paragliding rund um die Pyren\u00e4en  <\/h3>\n\n\n\n<div style=\"height:25px\" aria-hidden=\"true\" class=\"wp-block-spacer\"><\/div>\n\n\n\n<p>F\u00fcr eine andere Erfahrung k\u00f6nnen Sie <strong>auf dem Prat d&#8217;Albis<\/strong> oberhalb von Foix das <strong>Paragliding<\/strong> ausprobieren. Dieser Ort bietet eine spektakul\u00e4re Aussicht auf das Tal und die umliegenden Berge. Auch ohne zu fliegen, ist die Wanderung zum Plateau bereits ein sch\u00f6ner Ausflug.  <\/p>\n\n\n\n<div style=\"height:25px\" aria-hidden=\"true\" class=\"wp-block-spacer\"><\/div>\n\n\n\n<h3 class=\"wp-block-heading has-text-align-center has-secondary-color has-text-color has-link-color wp-elements-3df4ff5412764d9f42a078ea9c2a1cb1\">Der Gr\u00fcne Weg mit dem Fahrrad  <\/h3>\n\n\n\n<div style=\"height:25px\" aria-hidden=\"true\" class=\"wp-block-spacer\"><\/div>\n\n\n\n<p>Familien k\u00f6nnen einfache und erschwingliche Aktivit\u00e4ten genie\u00dfen, wie einen Spaziergang entlang des <strong>Voie Verte in der N\u00e4he von Foix<\/strong>, einen Spaziergang am Ufer des Flusses Ari\u00e8ge oder den Besuch eines <strong>p\u00e4dagogischen Bauernhofs in den T\u00e4lern der Ari\u00e8ge<\/strong>, um die Tiere der Berge zu entdecken.<\/p>\n\n\n\n<div style=\"height:35px\" aria-hidden=\"true\" class=\"wp-block-spacer\"><\/div>\n\n\n\n<h3 class=\"wp-block-heading has-text-align-center has-secondary-color has-text-color has-link-color wp-elements-26bf8c4d5d45aa4d2a357331313b8e3c\">Lokale M\u00e4rkte und Erzeuger in der Ari\u00e8ge  <\/h3>\n\n\n\n<div style=\"height:29px\" aria-hidden=\"true\" class=\"wp-block-spacer\"><\/div>\n\n\n\n<p>Das Pfingstwochenende ist auch eine gute Gelegenheit, die <strong>lokalen M\u00e4rkte und Erzeuger<\/strong> zu entdecken. In den D\u00f6rfern der Ari\u00e8ge k\u00f6nnen Sie auf den Fr\u00fchlingsm\u00e4rkten lokale Spezialit\u00e4ten wie Bergk\u00e4se, Honig oder handwerkliche Produkte probieren. <\/p>\n\n\n\n<details class=\"wp-block-details is-layout-flow wp-block-details-is-layout-flow\"><summary>Lesen Sie mehr<\/summary>\n<p>Fortsetzung: Das Pfingstwochenende ist auch eine Gelegenheit, die <strong>lokalen M\u00e4rkte und Erzeuger<\/strong> zu entdecken. In den D\u00f6rfern der Ari\u00e8ge k\u00f6nnen Sie auf den Fr\u00fchlingsm\u00e4rkten lokale Spezialit\u00e4ten wie Bergk\u00e4se, Honig oder handwerkliche Produkte probieren. <\/p>\n<\/details>\n\n\n\n<div style=\"height:25px\" aria-hidden=\"true\" class=\"wp-block-spacer\"><\/div>\n\n\n\n<div style=\"height:25px\" aria-hidden=\"true\" class=\"wp-block-spacer\"><\/div>\n\n\n\n<h3 class=\"wp-block-heading has-secondary-color has-text-color has-link-color wp-elements-70b075d44c3efe6678144256733f13d1\">  Praktische Informationen zur Organisation Ihres Aufenthalts  <\/h3>\n\n\n\n<div style=\"height:33px\" aria-hidden=\"true\" class=\"wp-block-spacer\"><\/div>\n\n\n\n<ul class=\"wp-block-list\">\n<li><strong>Wann kommen Sie?  <\/strong>Pfingstwochenende: Das Pfingstwochenende vom 23. bis 25. Mai. Die Temperaturen liegen meist zwischen <strong>18 und 26\u00b0C<\/strong>. <\/li>\n\n\n\n<li><strong>Wie kommen Sie hin?<\/strong> Zug: Bahnhof <strong>Foix<\/strong> oder <strong>Les Cabannes<\/strong>, Auto: Zugang \u00fcber die A66 von Toulouse, Fahrrad: Einige T\u00e4ler sind \u00fcber die <strong>Voie Verte<\/strong> zug\u00e4nglich.<\/li>\n\n\n\n<li><strong>Ideale Aufenthaltsdauer<\/strong>: 3 bis 4 Tage, um das Gebiet voll zu genie\u00dfen.<\/li>\n\n\n\n<li><strong>Praktische Ratschl\u00e4ge<\/strong>: Unterkunft im Voraus buchen, Wanderschuhe mitbringen, Windjacke mitnehmen (wechselhaftes Wetter in den Bergen).<\/li>\n\n\n\n<li><strong>Entdecken Sie das Sonderangebot<\/strong>: <a href=\"https:\/\/reservation.secureholiday.net\/group\/fr\/108\/\" target=\"_blank\" rel=\"noreferrer noopener\">Buchen<\/a><\/li>\n<\/ul>\n<\/div>\n\n\n\n<div class=\"wp-block-group alignwide is-style-title-simple fromTop is-layout-flow wp-block-group-is-layout-flow is-style-title-simple--8\" style=\"margin-top:4rem;margin-bottom:4rem\">\n<h2 class=\"wp-block-heading has-text-align-center has-secondary-color has-text-color has-link-color has-xl-font-size wp-elements-cb6e3a14e6463ef865c7329794835237\">Fragen<\/h2>\n\n\n\n<h2 class=\"wp-block-heading has-text-align-center has-sm-font-size\">H\u00e4ufig  <\/h2>\n\n\n\n<p>l<\/p>\n<\/div>\n\n\n\n<div class=\"wp-block-group alignwide has-global-padding is-layout-constrained wp-block-group-is-layout-constrained\">\n<h3 class=\"wp-block-heading\">Wann f\u00e4llt das Pfingstwochenende 2026?<\/h3>\n\n\n\n<p>23. bis 25. Mai 2026.  <\/p>\n\n\n\n<h3 class=\"wp-block-heading\">Warum sollten Sie die Ari\u00e8ge im Fr\u00fchling besuchen?  <\/h3>\n\n\n\n<p>Im Fr\u00fchling sind die T\u00e4ler und Berge der Ari\u00e8ge besonders gr\u00fcn. Die Temperaturen sind angenehm f\u00fcr Aktivit\u00e4ten im Freien und der Tourismus ist ruhiger als im Sommer. <\/p>\n\n\n\n<h3 class=\"wp-block-heading\">Kann man Ende Mai wandern?<\/h3>\n\n\n\n<p>Ja, es ist eine ideale Zeit. Es gibt viele Wanderwege in den T\u00e4lern und auf den Hochebenen der Pyren\u00e4en von Ari\u00e8ge. <\/p>\n\n\n\n<h3 class=\"wp-block-heading\">Ist die Ari\u00e8ge familienfreundlich?<\/h3>\n\n\n\n<p>Ja, mit vielen Naturaktivit\u00e4ten.<\/p>\n\n\n\n<h3 class=\"wp-block-heading\">Kann man mit dem Zug anreisen?<\/h3>\n\n\n\n<p>Einige Gebiete wie <strong>Foix oder Les Cabannes<\/strong> sind mit dem Zug erreichbar, aber ein Auto macht es einfacher, die T\u00e4ler und Landschaften der Pyren\u00e4en der Ari\u00e8ge zu entdecken.<\/p>\n\n\n\n<h3 class=\"wp-block-heading\">Ist die Ari\u00e8ge f\u00fcr Fahrr\u00e4der geeignet?<\/h3>\n\n\n\n<p>Ja, mehrere gr\u00fcne Wege und Talstra\u00dfen.<\/p>\n\n\n\n<h3 class=\"wp-block-heading\"><strong>Gibt es Sonderangebote f\u00fcr die Pfingstferien auf dem Campingplatz?<\/strong><\/h3>\n\n\n\n<p>Ja, Camping du Lac und Camping la Bastide haben Sonderangebote f\u00fcr die Pfingstferien: <a href=\"https:\/\/reservation.secureholiday.net\/group\/fr\/108\/\" target=\"_blank\" rel=\"noreferrer noopener\">Buchen<\/a>  <\/p>\n<\/div>\n\n\n\n<div class=\"wp-block-group alignwide has-global-padding is-layout-constrained wp-block-group-is-layout-constrained\">\n<div class=\"wp-block-group alignwide is-style-title-simple fromTop is-layout-flow wp-block-group-is-layout-flow is-style-title-simple--9\" style=\"margin-top:4rem;margin-bottom:4rem\">\n<h2 class=\"wp-block-heading has-text-align-center has-secondary-color has-text-color has-link-color has-xl-font-size wp-elements-43578cd66f1a7382d26df11c9e24a4ac\">Wo schlafen?<\/h2>\n\n\n\n<h2 class=\"wp-block-heading has-text-align-center has-sm-font-size\">W\u00e4hrend Ihres Pfingsturlaubs<\/h2>\n<\/div>\n<\/div>\n\n\n\n<div class=\"wp-block-group reveal is-layout-flow wp-block-group-is-layout-flow\">\n<div style=\"height:25px\" aria-hidden=\"true\" class=\"wp-block-spacer\"><\/div>\n\n\n\n<div class=\"wp-block-group is-layout-flow wp-block-group-is-layout-flow\"><div class=\"campings-wrapper is-layout-flow wp-block-slider-campings-is-layout-flow\">\n            <div class=\"campings-list\">\n                            <div class=\"camping-item\"\n                    style=\"background-image: linear-gradient(to top, rgba(0, 0, 0, 0.6), transparent), url('https:\/\/www.vap-camping.fr\/wp-content\/uploads\/2025\/04\/camping-avec-piscine-1024x767.jpg');\">\n                    <a href=\"https:\/\/www.vap-camping.fr\/de\/campings\/camping-du-lac\/\" title=\"Campingplatz du lac(Foix)\" class=\"camping-link\">\n                        <p class=\"title\">Campingplatz du lac(Foix)<\/p>\n                        <p class=\"camping-button\">Entdecken<\/p>\n                    <\/a>\n                <\/div>\n                            <div class=\"camping-item\"\n                    style=\"background-image: linear-gradient(to top, rgba(0, 0, 0, 0.6), transparent), url('https:\/\/www.vap-camping.fr\/wp-content\/uploads\/2025\/07\/dji_0589-2-1024x767.jpg');\">\n                    <a href=\"https:\/\/www.vap-camping.fr\/de\/campings\/camping-la-bastide\/\" title=\"Campingplatz la Bastide(Maz\u00e8res)\" class=\"camping-link\">\n                        <p class=\"title\">Campingplatz la Bastide(Maz\u00e8res)<\/p>\n                        <p class=\"camping-button\">Entdecken<\/p>\n                    <\/a>\n                <\/div>\n                            <div class=\"camping-item\"\n                    style=\"background-image: linear-gradient(to top, rgba(0, 0, 0, 0.6), transparent), url('https:\/\/www.vap-camping.fr\/wp-content\/uploads\/2025\/04\/img_5291-1024x768-1.jpg');\">\n                    <a href=\"https:\/\/www.vap-camping.fr\/de\/campings\/complexe-des-oustalous\/\" title=\"Oustalous-Komplex\" class=\"camping-link\">\n                        <p class=\"title\">Oustalous-Komplex<\/p>\n                        <p class=\"camping-button\">Entdecken<\/p>\n                    <\/a>\n                <\/div>\n                            <div class=\"camping-item\"\n                    style=\"background-image: linear-gradient(to top, rgba(0, 0, 0, 0.6), transparent), url('https:\/\/www.vap-camping.fr\/wp-content\/uploads\/2025\/04\/4479-1024x461.jpeg');\">\n                    <a href=\"https:\/\/www.vap-camping.fr\/de\/campings\/camping-le-bourdieu\/\" title=\"Campingplatz Le Bourdieu\" class=\"camping-link\">\n                        <p class=\"title\">Campingplatz Le Bourdieu<\/p>\n                        <p class=\"camping-button\">Entdecken<\/p>\n                    <\/a>\n                <\/div>\n                    <\/div>\n    <\/div>\n\n<\/div>\n\n\n\n<div style=\"height:25px\" aria-hidden=\"true\" class=\"wp-block-spacer\"><\/div>\n<\/div>\n<\/div>\n","protected":false},"excerpt":{"rendered":"<p>CampingplatzS &amp; &#8211; ariEgEn Ende des Winters in Ariege Ein Natururlaub zwischen Pyren\u00e4en, Fl\u00fcssen und authentischen D\u00f6rfern! Zwischen Ende Mai und Anfang Juni bieten die Landschaften der Ari\u00e8ge eine bemerkenswerte Vielfalt. Innerhalb weniger Kilometer gelangt man von mittelalterlichen D\u00f6rfern zu wilden T\u00e4lern, von tiefen W\u00e4ldern zu offenen Hochebenen mit Blick auf die Gipfel der Pyren\u00e4en. [&hellip;]<\/p>\n","protected":false},"author":1,"featured_media":3009,"comment_status":"closed","ping_status":"closed","sticky":false,"template":"","format":"standard","meta":{"_acf_changed":false,"_seopress_robots_primary_cat":"none","_seopress_titles_title":"Pfingstwochenende 2026 mit VAP Campingpl\u00e4tze und Ferienh\u00e4user","_seopress_titles_desc":"Fahren Sie im Mai mit Ihren Kindern in den Urlaub zwischen Natur und Abenteuer!","_seopress_robots_index":"","ouverture":"","nombre_de_locations":"","nombre_demplacements":"","adresse":"","numero_de_telephone":"","email":"","url_du_site":"","footnotes":""},"categories":[27],"tags":[],"class_list":["post-8582","post","type-post","status-publish","format-standard","has-post-thumbnail","hentry","category-nicht-kategorisiert"],"acf":[],"_links":{"self":[{"href":"https:\/\/www.vap-camping.fr\/de\/wp-json\/wp\/v2\/posts\/8582","targetHints":{"allow":["GET"]}}],"collection":[{"href":"https:\/\/www.vap-camping.fr\/de\/wp-json\/wp\/v2\/posts"}],"about":[{"href":"https:\/\/www.vap-camping.fr\/de\/wp-json\/wp\/v2\/types\/post"}],"author":[{"embeddable":true,"href":"https:\/\/www.vap-camping.fr\/de\/wp-json\/wp\/v2\/users\/1"}],"replies":[{"embeddable":true,"href":"https:\/\/www.vap-camping.fr\/de\/wp-json\/wp\/v2\/comments?post=8582"}],"version-history":[{"count":1,"href":"https:\/\/www.vap-camping.fr\/de\/wp-json\/wp\/v2\/posts\/8582\/revisions"}],"predecessor-version":[{"id":8584,"href":"https:\/\/www.vap-camping.fr\/de\/wp-json\/wp\/v2\/posts\/8582\/revisions\/8584"}],"wp:featuredmedia":[{"embeddable":true,"href":"https:\/\/www.vap-camping.fr\/de\/wp-json\/wp\/v2\/media\/3009"}],"wp:attachment":[{"href":"https:\/\/www.vap-camping.fr\/de\/wp-json\/wp\/v2\/media?parent=8582"}],"wp:term":[{"taxonomy":"category","embeddable":true,"href":"https:\/\/www.vap-camping.fr\/de\/wp-json\/wp\/v2\/categories?post=8582"},{"taxonomy":"post_tag","embeddable":true,"href":"https:\/\/www.vap-camping.fr\/de\/wp-json\/wp\/v2\/tags?post=8582"}],"curies":[{"name":"wp","href":"https:\/\/api.w.org\/{rel}","templated":true}]}}