{"id":8197,"date":"2026-03-03T12:40:24","date_gmt":"2026-03-03T12:40:24","guid":{"rendered":"https:\/\/www.vap-camping.fr\/que-faire-a-foix\/"},"modified":"2026-03-11T20:28:33","modified_gmt":"2026-03-11T20:28:33","slug":"que-faire-a-foix","status":"publish","type":"post","link":"https:\/\/www.vap-camping.fr\/en\/que-faire-a-foix\/","title":{"rendered":"What to do in Foix Must-sees in the capital of Ari\u00e8ge"},"content":{"rendered":"\n<div class=\"wp-block-group alignfull is-layout-flow wp-container-core-group-is-layout-8af317cd wp-block-group-is-layout-flow\">\n<div class=\"wp-block-group hero-camp fromOpacity is-layout-flow wp-block-group-is-layout-flow\" style=\"margin-bottom:20rem\">\n<div class=\"wp-block-group alignfull hero-img fromOpacity is-layout-flow wp-block-group-is-layout-flow\">\n<figure class=\"wp-block-image size-full\"><img decoding=\"async\" width=\"1920\" height=\"1439\" src=\"https:\/\/www.vap-camping.fr\/wp-content\/uploads\/2026\/03\/chateau-foix-camping-ariege.webp\" alt=\"Journey back to the Middle Ages at Ch&#xE2;teau de Foix\" class=\"wp-image-7767\" srcset=\"https:\/\/www.vap-camping.fr\/wp-content\/uploads\/2026\/03\/chateau-foix-camping-ariege.webp 1920w, https:\/\/www.vap-camping.fr\/wp-content\/uploads\/2026\/03\/chateau-foix-camping-ariege-600x450.webp 600w, https:\/\/www.vap-camping.fr\/wp-content\/uploads\/2026\/03\/chateau-foix-camping-ariege-1024x767.webp 1024w, https:\/\/www.vap-camping.fr\/wp-content\/uploads\/2026\/03\/chateau-foix-camping-ariege-768x576.webp 768w, https:\/\/www.vap-camping.fr\/wp-content\/uploads\/2026\/03\/chateau-foix-camping-ariege-1536x1151.webp 1536w\" sizes=\"(max-width: 1920px) 100vw, 1920px\" \/><\/figure>\n<\/div>\n\n\n\n<div class=\"wp-block-group hero-desc has-secondary-background-color has-background fromOpacity is-layout-flow wp-block-group-is-layout-flow\" style=\"border-top-right-radius:90px;border-bottom-right-radius:90px;padding-top:2rem;padding-bottom:2rem;padding-left:5rem\"><h1 style=\"font-size:clamp(3.037rem, 3.037rem + ((1vw - 0.2rem) * 4.018), 6rem);\" class=\"has-link-color wp-elements-971196805a816ee349c8ae4f34a1c7a7 wp-block-post-title has-text-color has-white-color has-secondary-font-family\">What to do in Foix Must-sees in the capital of Ari\u00e8ge<\/h1>\n\n\n<div class=\"wp-block-group is-nowrap is-layout-flex wp-container-core-group-is-layout-3b4e9d3e wp-block-group-is-layout-flex\">\n<p class=\"has-white-color has-text-color has-link-color has-sm-font-size wp-elements-af4ffb2f1acedfebbe0ee8d584798e6c\" style=\"font-style:normal;font-weight:500;text-transform:uppercase\">CampingS<\/p>\n\n\n\n<figure class=\"wp-block-image size-full\"><img alt=\"\" decoding=\"async\" src=\"https:\/\/www.vap-camping.fr\/wp-content\/themes\/vap\/assets\/img\/svg\/star-white.svg\" alt=\"\" class=\"wp-image-657\"\/><\/figure>\n\n\n\n<figure class=\"wp-block-image size-full\"><img alt=\"\" decoding=\"async\" src=\"https:\/\/www.vap-camping.fr\/wp-content\/themes\/vap\/assets\/img\/svg\/star-white.svg\" alt=\"\" class=\"wp-image-657\"\/><\/figure>\n\n\n\n<figure class=\"wp-block-image size-full\"><img alt=\"\" decoding=\"async\" src=\"https:\/\/www.vap-camping.fr\/wp-content\/themes\/vap\/assets\/img\/svg\/star-white.svg\" alt=\"\" class=\"wp-image-657\"\/><\/figure>\n\n\n\n<p class=\"has-white-color has-text-color has-link-color has-sm-font-size wp-elements-607150ecce0303d631b7810c1641f883\" style=\"font-style:normal;font-weight:500;text-transform:uppercase\">&amp;<\/p>\n\n\n\n<figure class=\"wp-block-image size-full\"><img alt=\"\" decoding=\"async\" src=\"https:\/\/www.vap-camping.fr\/wp-content\/themes\/vap\/assets\/img\/svg\/star-white.svg\" alt=\"\" class=\"wp-image-657\"\/><\/figure>\n\n\n\n<figure class=\"wp-block-image size-full\"><img alt=\"\" decoding=\"async\" src=\"https:\/\/www.vap-camping.fr\/wp-content\/themes\/vap\/assets\/img\/svg\/star-white.svg\" alt=\"\" class=\"wp-image-657\"\/><\/figure>\n\n\n\n<figure class=\"wp-block-image size-full\"><img alt=\"\" decoding=\"async\" src=\"https:\/\/www.vap-camping.fr\/wp-content\/themes\/vap\/assets\/img\/svg\/star-white.svg\" alt=\"\" class=\"wp-image-657\"\/><\/figure>\n\n\n\n<figure class=\"wp-block-image size-full\"><img alt=\"\" decoding=\"async\" src=\"https:\/\/www.vap-camping.fr\/wp-content\/themes\/vap\/assets\/img\/svg\/star-white.svg\" alt=\"\" class=\"wp-image-657\"\/><\/figure>\n\n\n\n<p class=\"has-white-color has-text-color has-link-color has-sm-font-size wp-elements-1a34ad81246e10b53e4765b457d96474\" style=\"font-style:normal;font-weight:500;text-transform:uppercase\">&#8211; ariGe<\/p>\n<\/div>\n<\/div>\n<\/div>\n\n\n\n<div class=\"wp-block-group has-global-padding is-layout-constrained wp-block-group-is-layout-constrained\">\n<div class=\"wp-block-columns alignfull m-ti is-layout-flex wp-container-core-columns-is-layout-0c0b91ec wp-block-columns-is-layout-flex\">\n<div class=\"wp-block-column is-vertically-aligned-center leftRight m-ti-text is-layout-flow wp-block-column-is-layout-flow\" style=\"padding-left:10rem;flex-basis:40%\">\n<div class=\"wp-block-group is-style-title-left is-layout-flow wp-block-group-is-layout-flow is-style-title-left--1\">\n<p class=\"has-secondary-color has-text-color has-link-color has-secondary-font-family has-xl-font-size wp-elements-321fa5b8551e8e6ebc0fcca5e4702d0b\"><em>Between medieval castle and Ari\u00e8ge mountains,<\/em><\/p>\n\n\n\n<p class=\"has-primary-color has-text-color has-link-color has-primary-font-family has-sm-font-size wp-elements-7177e6e327b02bdd196cde932bbbb97e\" style=\"text-transform:uppercase\"><strong>Foix reveals itself<\/strong><\/p>\n<\/div>\n\n\n\n<p class=\"has-m-font-size\" style=\"padding-left:2rem\">Foix is quiet. No crowds, no queues, no mass tourism. And yet, the prefecture of Ari\u00e8ge has all the makings of a great city: a<strong> medieval castle<\/strong> that adorns postcards, an <strong>old town<\/strong> where the cobbled streets still exude the atmosphere of the Middle Ages, <strong>markets <\/strong>that are full of the flavors of the land, and the Pyrenees as a backdrop.    <\/p>\n\n\n\n<div style=\"height:25px\" aria-hidden=\"true\" class=\"wp-block-spacer\"><\/div>\n\n\n\n<p class=\"has-m-font-size\" style=\"padding-left:2rem\">Whether you&#8217;re spending the day or <a href=\"https:\/\/www.vap-camping.fr\/es\/campings\/camping-du-lac\/\">camping in Foix<\/a>, the <strong>capital of the Ari\u00e8ge<\/strong> can be visited on foot, with no set itinerary &#8211; just by chance and whim. Here&#8217;s how to<strong> visit Foix in Ari\u00e8ge and not miss a thing<\/strong>: must-see sites, walks, local culture and great places to eat like a local. <br\/><\/p>\n\n\n\n<div style=\"height:20px\" aria-hidden=\"true\" class=\"wp-block-spacer\"><\/div>\n<\/div>\n\n\n\n<div class=\"wp-block-column is-vertically-aligned-stretch rightLeft m-ti-image is-style-simple-right is-layout-flow wp-block-column-is-layout-flow is-style-simple-right--2\" style=\"flex-basis:60%\">\n<figure class=\"wp-block-image alignright size-large\"><img decoding=\"async\" width=\"1024\" height=\"683\" src=\"https:\/\/www.vap-camping.fr\/wp-content\/uploads\/2026\/03\/visite-centre-ville-foix-camping-ariege-1024x683.webp\" alt=\"The town of Foix grew up at the foot of the castle, overlooked by the Prat d'Albi.\" class=\"wp-image-7806\" srcset=\"https:\/\/www.vap-camping.fr\/wp-content\/uploads\/2026\/03\/visite-centre-ville-foix-camping-ariege-1024x683.webp 1024w, https:\/\/www.vap-camping.fr\/wp-content\/uploads\/2026\/03\/visite-centre-ville-foix-camping-ariege-600x400.webp 600w, https:\/\/www.vap-camping.fr\/wp-content\/uploads\/2026\/03\/visite-centre-ville-foix-camping-ariege-768x512.webp 768w, https:\/\/www.vap-camping.fr\/wp-content\/uploads\/2026\/03\/visite-centre-ville-foix-camping-ariege-1536x1024.webp 1536w, https:\/\/www.vap-camping.fr\/wp-content\/uploads\/2026\/03\/visite-centre-ville-foix-camping-ariege.webp 1920w\" sizes=\"(max-width: 1024px) 100vw, 1024px\" \/><\/figure>\n<\/div>\n<\/div>\n<\/div>\n\n\n\n<div class=\"wp-block-group alignwide is-style-title-simple fromTop is-layout-flow wp-block-group-is-layout-flow is-style-title-simple--3\" style=\"margin-top:4rem;margin-bottom:4rem\">\n<p class=\"has-text-align-center has-secondary-color has-text-color has-link-color has-secondary-font-family has-xl-font-size wp-elements-0aa34268775716f73ee23ca65cbfe374\"><em>All the essentials for<\/em><\/p>\n\n\n\n<p class=\"has-text-align-center has-primary-font-family has-sm-font-size\" style=\"text-transform:uppercase\"><strong>visit Foix in Ari\u00e8ge<\/strong><\/p>\n<\/div>\n\n\n\n<div style=\"background-image:url(&#039;https:\/\/www.vap-camping.fr\/wp-content\/uploads\/2026\/03\/visite-chateau-foix-camping-ariege.webp&#039;);background-position:95% 57.99999999999999%;background-size:cover;\" class=\"wp-block-group bg-img-part reveal is-layout-flow wp-block-group-is-layout-flow has-background\">\n<div class=\"wp-block-columns alignfull is-layout-flex wp-container-core-columns-is-layout-28f84493 wp-block-columns-is-layout-flex\">\n<div class=\"wp-block-column part-void is-layout-flow wp-block-column-is-layout-flow\" style=\"flex-basis:55%\"><\/div>\n\n\n\n<div class=\"wp-block-column part-content is-layout-flow wp-block-column-is-layout-flow\" style=\"flex-basis:45%\">\n<div class=\"wp-block-group is-bg-rounded is-layout-flow wp-container-core-group-is-layout-75c87b2e wp-block-group-is-layout-flow\">\n<div class=\"wp-block-group is-style-title-flip has-global-padding is-layout-constrained wp-block-group-is-layout-constrained is-style-title-flip--4\">\n<p class=\"has-text-align-right has-secondary-font-family has-xl-font-size\">City of stone,<\/p>\n\n\n\n<p class=\"has-text-align-right has-sm-font-size\" style=\"text-transform:uppercase\">history and memory<\/p>\n\n\n\n<h2 class=\"wp-block-heading has-text-align-right text-title\"><br\/>Visit Foix in Ari\u00e8ge: its monuments and historic sites<\/h2>\n\n\n\n<p class=\"has-text-align-right\"><br\/>Foix is a town that wears its history with pride. Founded around its <strong>castle <\/strong>in the early <strong>11th century<\/strong>, it was for generations the seat of one of the most influential counties in the Midi. This dense and sometimes tormented history can still be seen in its stonework, narrow streets and religious buildings.  <\/p>\n<\/div>\n<\/div>\n<\/div>\n<\/div>\n<\/div>\n\n\n\n<div class=\"wp-block-group reveal has-global-padding is-layout-constrained wp-container-core-group-is-layout-8a400663 wp-block-group-is-layout-constrained\">\n<h3 class=\"wp-block-heading has-text-align-center has-secondary-color has-text-color has-link-color wp-elements-5d82e1accb0e300fc8e8c7f3e9f03355\">The Ch\u00e2teau de Foix in Ari\u00e8ge: history, visit and advice<\/h3>\n\n\n\n<div style=\"height:25px\" aria-hidden=\"true\" class=\"wp-block-spacer\"><\/div>\n\n\n\n<p>There are monuments that make a town.<a href=\"https:\/\/www.vap-camping.fr\/es\/lieux\/chateau-de-foix\/\"> Ch\u00e2teau de Foix<\/a>, <strong><strong>former home of Count Gaston Phoebus,<\/strong><\/strong> is one of them. Its three towers (two square, one round) have dominated the city from a steep rocky spur for over a thousand years. You can see it from everywhere, from every angle, at any time of day.   <\/p>\n\n\n\n<div style=\"height:25px\" aria-hidden=\"true\" class=\"wp-block-spacer\"><\/div>\n\n\n\n<p>The interior has been completely redesigned: the <strong>museum dedicated to the history of the Counts of Foix<\/strong> is built around an immersive, intelligent scenography that avoids dusty showcases and uninteresting labels. You can see how this county stood up to the kings of France, how it intertwined with<strong>Cathar history<\/strong>, and how the region forged its Occitan identity. <\/p>\n\n\n\n<div style=\"height:25px\" aria-hidden=\"true\" class=\"wp-block-spacer\"><\/div>\n\n\n\n<p>Climb the chemin de ronde in the late afternoon, when the light turns the tiles of the lower town red and the Pyrenees are clearly visible on the horizon. That&#8217;s the best time. <\/p>\n\n\n\n<div style=\"height:25px\" aria-hidden=\"true\" class=\"wp-block-spacer\"><\/div>\n\n\n\n<p><strong>Practical info<\/strong>: open all year round. Allow 1h30 for the visit. Adult price around \u20ac7. Access on foot from the center in 5 minutes. The tourist office (rue Pierre Cazals, a stone&#8217;s throw away) distributes free maps and advice on organizing your visit.    <\/p>\n\n\n\n<div style=\"height:25px\" aria-hidden=\"true\" class=\"wp-block-spacer\"><\/div>\n\n\n\n<div style=\"height:25px\" aria-hidden=\"true\" class=\"wp-block-spacer\"><\/div>\n\n\n\n<ul class=\"wp-block-list\">\n<li>Practical info: open all year round, adult price around \u20ac7. Ideal at the start of your stay to understand the historical context of the d\u00e9partement. <\/li>\n<\/ul>\n\n\n\n<div style=\"height:25px\" aria-hidden=\"true\" class=\"wp-block-spacer\"><\/div>\n\n\n\n<div style=\"height:25px\" aria-hidden=\"true\" class=\"wp-block-spacer\"><\/div>\n\n\n\n<h3 class=\"wp-block-heading has-text-align-center has-secondary-color has-text-color has-link-color wp-elements-f165efa5a475af1fb34f4267dac04bdb\">Saint-Volusien Abbey: Gothic elegance in the heart of the old town<\/h3>\n\n\n\n<div style=\"height:25px\" aria-hidden=\"true\" class=\"wp-block-spacer\"><\/div>\n\n\n\n<p>Nestled in the heart of the old town, the<strong>Abbey Church of Saint-Volusien<\/strong> is striking for the quality of its stained glass and the sobriety of its Gothic architecture. Dating back to the 6th century, the building was long linked to the history of the Counts of Foix and the county&#8217;s religious influence. <\/p>\n\n\n\n<div style=\"height:25px\" aria-hidden=\"true\" class=\"wp-block-spacer\"><\/div>\n\n\n\n<p><strong>Admission is free<\/strong>. Allow <strong>around 30 minutes for the visit<\/strong>, to let your eyes adjust to the half-light and take in the details of the sculpted capitals. A welcome moment of calm between two explorations, especially as the Place Saint-Volusien in front of the square is one of the busiest in town on <strong>market days<\/strong>.  <\/p>\n\n\n\n<div style=\"height:25px\" aria-hidden=\"true\" class=\"wp-block-spacer\"><\/div>\n\n\n\n<ul class=\"wp-block-list\">\n<li>Practical info: free admission. Open daily during the day. Also worth seeing: the arcades and half-timbered facades of the adjacent streets.  <\/li>\n<\/ul>\n\n\n\n<div style=\"height:25px\" aria-hidden=\"true\" class=\"wp-block-spacer\"><\/div>\n\n\n\n<div style=\"height:25px\" aria-hidden=\"true\" class=\"wp-block-spacer\"><\/div>\n\n\n\n<h3 class=\"wp-block-heading has-text-align-center has-secondary-color has-text-color has-link-color wp-elements-d31a5b4f36fe92637d8e601193a48d12\">Notre-Dame de Montgauzy chapel: Foix from above<\/h3>\n\n\n\n<div style=\"height:25px\" aria-hidden=\"true\" class=\"wp-block-spacer\"><\/div>\n\n\n\n<p>The <strong>Notre-Dame de Montgauzy chapel<\/strong> is not the most spectacular monument in Foix. But the climb up to it, which <strong>takes 20-30 minutes from the town center<\/strong>, is one of the <strong>most beautiful urban walks<\/strong> in the area. The path climbs gently through gardens and old walls, before leading to a natural belvedere offering a splendid <strong>panorama <\/strong>of the <strong>castle <\/strong>opposite, the<strong> red roofs of<\/strong> the lower town below and the<strong> Pyrenean ridges<\/strong> in the background. The atmosphere is peaceful, almost secretive. <strong>Few tourists venture here<\/strong>. It&#8217;s the ideal spot to take some never-before-seen photos of Foix.    <\/p>\n\n\n\n<div style=\"height:25px\" aria-hidden=\"true\" class=\"wp-block-spacer\"><\/div>\n<\/div>\n\n\n\n<div class=\"wp-block-group alignwide is-style-title-simple fromTop is-layout-flow wp-block-group-is-layout-flow is-style-title-simple--5\" style=\"margin-top:4rem;margin-bottom:4rem\">\n<p class=\"has-text-align-center has-secondary-color has-text-color has-link-color has-secondary-font-family has-xl-font-size wp-elements-96c2b01270d1b54868c8278dfdc53d7f\"><em><strong><em>A breath of fresh air<\/em><\/strong><\/em><\/p>\n\n\n\n<p class=\"has-text-align-center has-primary-font-family has-sm-font-size\" style=\"text-transform:uppercase\"><strong><strong>a stone&#8217;s throw from the center<\/strong><\/strong><\/p>\n<\/div>\n\n\n\n<div class=\"wp-block-group leftRight has-global-padding is-layout-constrained wp-block-group-is-layout-constrained\">\n<div class=\"wp-block-columns alignfull are-vertically-aligned-center m-ti is-layout-flex wp-container-core-columns-is-layout-0c0b91ec wp-block-columns-is-layout-flex\">\n<div class=\"wp-block-column is-vertically-aligned-center wp-block-image alignright size-large has-custom-border is-style-simple-left m-ti-image is-layout-flow wp-block-column-is-layout-flow is-style-simple-left--6\" style=\"flex-basis:60%\">\n<figure class=\"wp-block-image alignleft size-full\"><img alt=\"\" decoding=\"async\" width=\"1920\" height=\"1440\" src=\"https:\/\/www.vap-camping.fr\/wp-content\/uploads\/2026\/03\/espaces-verts-balade-foix.webp\" alt=\"\" class=\"wp-image-7837\" srcset=\"https:\/\/www.vap-camping.fr\/wp-content\/uploads\/2026\/03\/espaces-verts-balade-foix.webp 1920w, https:\/\/www.vap-camping.fr\/wp-content\/uploads\/2026\/03\/espaces-verts-balade-foix-600x450.webp 600w, https:\/\/www.vap-camping.fr\/wp-content\/uploads\/2026\/03\/espaces-verts-balade-foix-1024x768.webp 1024w, https:\/\/www.vap-camping.fr\/wp-content\/uploads\/2026\/03\/espaces-verts-balade-foix-768x576.webp 768w, https:\/\/www.vap-camping.fr\/wp-content\/uploads\/2026\/03\/espaces-verts-balade-foix-1536x1152.webp 1536w\" sizes=\"(max-width: 1920px) 100vw, 1920px\" \/><\/figure>\n<\/div>\n\n\n\n<div class=\"wp-block-column is-vertically-aligned-center m-ti-text is-layout-flow wp-container-core-column-is-layout-58dbe9e9 wp-block-column-is-layout-flow\" style=\"padding-left:10rem;flex-basis:40%\">\n<div class=\"wp-block-group is-style-title-left is-layout-flow wp-block-group-is-layout-flow is-style-title-left--7\">\n<p class=\"has-secondary-color has-text-color has-link-color has-secondary-font-family has-xl-font-size wp-elements-a0d1bbd29a6cbc0ba8ca5aefebe73cdd\"><em><strong><em><strong><strong>Foix,<\/strong><\/strong><\/em><\/strong><\/em><\/p>\n\n\n\n<p class=\"has-primary-color has-text-color has-link-color has-primary-font-family has-sm-font-size wp-elements-4e2e6f4f49d5f2cc61a3c9685ebb3701\" style=\"text-transform:uppercase\"><strong><strong><strong>a green town on the banks of the Ari\u00e8ge<\/strong><\/strong><\/strong><\/p>\n<\/div>\n\n\n\n<h2 class=\"wp-block-heading text-title\">Nature walks in Foix<\/h2>\n\n\n\n<p class=\"has-m-font-size\" style=\"padding-left:2rem\">We sometimes forget it, but Foix is crossed by the Ari\u00e8ge river and surrounded by wooded hills within walking distance of the town center. The town offers a rare balance between compact urban living and immediate nature &#8211; a quality that its residents are not about to let go of. <\/p>\n<\/div>\n<\/div>\n<\/div>\n\n\n\n<div class=\"wp-block-group reveal has-global-padding is-layout-constrained wp-container-core-group-is-layout-8a400663 wp-block-group-is-layout-constrained\">\n<h3 class=\"wp-block-heading has-text-align-center has-secondary-color has-text-color has-link-color wp-elements-03e553e6b0fea6a344d8aff5109bd638\"><br\/>Bouych\u00e8res Park and the banks of the Ari\u00e8ge: the city&#8217;s green lung<\/h3>\n\n\n\n<div style=\"height:25px\" aria-hidden=\"true\" class=\"wp-block-spacer\"><\/div>\n\n\n\n<p>This is Foix&#8217;s favorite promenade. This large <strong>riverside<\/strong> green space has everything you need for a <strong>family outing with the kids<\/strong>: lawns for picnics, play areas, century-old trees for shade and the murmuring Ari\u00e8ge in the background. <\/p>\n\n\n\n<div style=\"height:26px\" aria-hidden=\"true\" class=\"wp-block-spacer\"><\/div>\n\n\n\n<p>From the park, the stroll<strong> along the riverbanks <\/strong>towards the central bridge is a bucolic walk of great beauty &#8211; shady in summer, colorful in autumn. You&#8217;ll come across <strong>fishermen<\/strong>, <strong>joggers<\/strong> and <strong>families with strollers<\/strong>. It&#8217;s Foix at its most everyday and endearing.  <\/p>\n\n\n\n<div style=\"height:26px\" aria-hidden=\"true\" class=\"wp-block-spacer\"><\/div>\n\n\n\n<ul class=\"wp-block-list\">\n<li>Practical info: free access, open all year round. 10-minute walk from the center. Ideal for a picnic with produce bought at the Friday market.  <\/li>\n<\/ul>\n\n\n\n<div style=\"height:25px\" aria-hidden=\"true\" class=\"wp-block-spacer\"><\/div>\n\n\n\n<h3 class=\"wp-block-heading has-text-align-center has-secondary-color has-text-color has-link-color wp-elements-a1685ff6fae1daef852300ddc3686cc3\">The climb to Montgauzy: gentle hiking for all<\/h3>\n\n\n\n<div style=\"height:25px\" aria-hidden=\"true\" class=\"wp-block-spacer\"><\/div>\n\n\n\n<p>For those looking for a little more effort and a reward to match, Montgauzy hill offers a gentle alternative to mountain hiking. Beyond the chapel, Montgauzy hill offers a network of trails accessible to all levels.   <\/p>\n\n\n\n<div style=\"height:25px\" aria-hidden=\"true\" class=\"wp-block-spacer\"><\/div>\n\n\n\n<p>In 20 to 30 minutes from the center of town, the atmosphere changes: forest, calm, unobstructed views of the city and the peaks. It&#8217;s a no-holds-barred hike &#8211; no car required, no steep gradients, no special equipment. <\/p>\n\n\n\n<div style=\"height:25px\" aria-hidden=\"true\" class=\"wp-block-spacer\"><\/div>\n\n\n\n<p>An ideal outing at the beginning or end of the day, when the light is good and the heat less intense. Regulars do it running, visitors do it stopping every ten meters to photograph the ch\u00e2teau from a new angle. <\/p>\n\n\n\n<div style=\"height:25px\" aria-hidden=\"true\" class=\"wp-block-spacer\"><\/div>\n<\/div>\n\n\n\n<div class=\"wp-block-group alignwide is-style-title-simple fromTop is-layout-flow wp-block-group-is-layout-flow is-style-title-simple--8\" style=\"margin-top:4rem;margin-bottom:4rem\">\n<p class=\"has-text-align-center has-secondary-color has-text-color has-link-color has-secondary-font-family has-xl-font-size wp-elements-feeb6a1749d1a02c840966c88b7d39f0\"><strong><strong>Culture and local life<\/strong><\/strong> :<\/p>\n\n\n\n<p class=\"has-text-align-center has-primary-font-family has-sm-font-size\" style=\"text-transform:uppercase\"><strong><strong>the soul of Foix<\/strong><\/strong><\/p>\n<\/div>\n\n\n\n<div class=\"wp-block-group rightLeft has-global-padding is-layout-constrained wp-block-group-is-layout-constrained\">\n<div class=\"wp-block-columns alignfull are-vertically-aligned-center m-ti is-layout-flex wp-container-core-columns-is-layout-0c0b91ec wp-block-columns-is-layout-flex\">\n<div class=\"wp-block-column is-vertically-aligned-center m-ti-text is-layout-flow wp-container-core-column-is-layout-58dbe9e9 wp-block-column-is-layout-flow\" style=\"padding-left:10rem;flex-basis:40%\">\n<div class=\"wp-block-group is-style-title-left is-layout-flow wp-block-group-is-layout-flow is-style-title-left--9\">\n<p class=\"has-secondary-color has-text-color has-link-color has-secondary-font-family has-xl-font-size wp-elements-a23d23b84733e80b29ebadc772f8a6cf\">A city on a human scale,<\/p>\n\n\n\n<p class=\"has-primary-color has-text-color has-link-color has-primary-font-family has-sm-font-size wp-elements-cb7a7c45858fdb660440a0071410b2ce\" style=\"text-transform:uppercase\"><strong>animated all year round<\/strong><\/p>\n<\/div>\n\n\n\n<h2 class=\"wp-block-heading text-title\">Old town, market and culture in Foix: everyday life in Ari\u00e8ge<\/h2>\n\n\n\n<p class=\"has-m-font-size\" style=\"padding-left:2rem\">Foix is not a museum town stuck in its medieval past. It&#8217;s a living prefecture, with its own rhythms, its own cultural institutions and its own events, all of which deserve to be incorporated into your stay. <\/p>\n<\/div>\n\n\n\n<div class=\"wp-block-column is-vertically-aligned-center wp-block-image alignright size-large has-custom-border m-ti-image is-style-simple-right is-layout-flow wp-block-column-is-layout-flow is-style-simple-right--10\" style=\"flex-basis:60%\">\n<figure class=\"wp-block-image alignright size-full\"><img decoding=\"async\" width=\"1920\" height=\"1280\" src=\"https:\/\/www.vap-camping.fr\/wp-content\/uploads\/2026\/03\/ville-de-foix-ariege-pyrenees.webp\" alt=\"Foix, prefecture of the Ari&#xE8;ge department, is a charming town nestling at the meeting point of two rivers, the Ari&#xE8;ge and the Arget.  \" class=\"wp-image-7829\" srcset=\"https:\/\/www.vap-camping.fr\/wp-content\/uploads\/2026\/03\/ville-de-foix-ariege-pyrenees.webp 1920w, https:\/\/www.vap-camping.fr\/wp-content\/uploads\/2026\/03\/ville-de-foix-ariege-pyrenees-600x400.webp 600w, https:\/\/www.vap-camping.fr\/wp-content\/uploads\/2026\/03\/ville-de-foix-ariege-pyrenees-1024x683.webp 1024w, https:\/\/www.vap-camping.fr\/wp-content\/uploads\/2026\/03\/ville-de-foix-ariege-pyrenees-768x512.webp 768w, https:\/\/www.vap-camping.fr\/wp-content\/uploads\/2026\/03\/ville-de-foix-ariege-pyrenees-1536x1024.webp 1536w\" sizes=\"(max-width: 1920px) 100vw, 1920px\" \/><\/figure>\n<\/div>\n<\/div>\n<\/div>\n\n\n\n<div class=\"wp-block-group reveal has-global-padding is-layout-constrained wp-container-core-group-is-layout-8a400663 wp-block-group-is-layout-constrained\">\n<h3 class=\"wp-block-heading has-text-align-center has-secondary-color has-text-color has-link-color wp-elements-cfa2bffa112e3faa20b51274a6043bf0\">The medieval old town: get lost in the narrow streets<\/h3>\n\n\n\n<div style=\"height:25px\" aria-hidden=\"true\" class=\"wp-block-spacer\"><\/div>\n\n\n\n<p>Between the ch\u00e2teau and the abbey church, the <strong>old town of Foix <\/strong>can be explored without a plan, following the cobbled streets and covered passageways. <strong>Rue des Grands Ducs<\/strong>, Place Duthil, the<strong> arcades around Saint-Volusien <\/strong>: every corner conceals a half-timbered fa\u00e7ade, an elaborate doorway, an unexpected view of the castle towers. <\/p>\n\n\n\n<div style=\"height:25px\" aria-hidden=\"true\" class=\"wp-block-spacer\"><\/div>\n\n\n\n<p>Here you&#8217;ll find <strong>craftsmen<\/strong>, <strong>antique dealers<\/strong>, a few <strong>galleries<\/strong> and the inevitable <strong>brocantes (flea markets) <\/strong>that liven up the sidewalks at weekends. The medieval quarter is small and compact, and can be visited at your own pace &#8211; that of a leisurely stroll. <\/p>\n\n\n\n<div style=\"height:25px\" aria-hidden=\"true\" class=\"wp-block-spacer\"><\/div>\n\n\n\n<h3 class=\"wp-block-heading has-text-align-center has-secondary-color has-text-color has-link-color wp-elements-e7bcdb00df516237f5705aaf6501cf1a\">Friday market: Ari\u00e8ge on the plate<\/h3>\n\n\n\n<div style=\"height:25px\" aria-hidden=\"true\" class=\"wp-block-spacer\"><\/div>\n\n\n\n<p>Foix&#8217;s weekly market, held in <strong>Place Saint-Volusien<\/strong> every <strong>Friday morning<\/strong>, is one of those markets where producers actually sell what they produce. <strong>Sheep&#8217;s milk cheeses<\/strong> and<strong> mountain tommes<\/strong>, <strong>honey from Pyrenean apiaries<\/strong>, local <strong>sausages <\/strong>and <strong>confits<\/strong>, garden vegetables. It&#8217;s also a moment of intense local life, where regulars get together and shopkeepers proudly talk about their products.   <\/p>\n\n\n\n<div style=\"height:25px\" aria-hidden=\"true\" class=\"wp-block-spacer\"><\/div>\n\n\n\n<ul class=\"wp-block-list\">\n<li>Practical info: Friday morning market, Place Saint-Volusien. Arrive around 9am to avoid the crowds and have plenty of choice. Bring a sturdy bag: people rarely leave empty-handed. In summer, night markets complete the program.   <\/li>\n<\/ul>\n\n\n\n<div style=\"height:25px\" aria-hidden=\"true\" class=\"wp-block-spacer\"><\/div>\n\n\n\n<h3 class=\"wp-block-heading has-text-align-center has-secondary-color has-text-color has-link-color wp-elements-85d28cf8fb010eccd6c10412b931061f\">Terraces and caf\u00e9s: the art of doing nothing in Foix<\/h3>\n\n\n\n<div style=\"height:25px\" aria-hidden=\"true\" class=\"wp-block-spacer\"><\/div>\n\n\n\n<p>Place Parmentier, rue des March\u00e9s, along the river banks &#8211; Foix has its typical restaurant-auberges and terraces, where time passes more slowly. Over a cup of coffee, a glass of local wine or a <strong>rouzole <\/strong>(a warm, meat-based galette, a specialty of Foix), the town shows its true face: simple, warm and unpretentious. <\/p>\n\n\n\n<div style=\"height:25px\" aria-hidden=\"true\" class=\"wp-block-spacer\"><\/div>\n\n\n\n<div style=\"height:25px\" aria-hidden=\"true\" class=\"wp-block-spacer\"><\/div>\n\n\n\n<h3 class=\"wp-block-heading has-text-align-center has-secondary-color has-text-color has-link-color wp-elements-b2a9d25ae45c5c9cf10165a65dfe3fa8\">L&#8217;Estive, sc\u00e8ne nationale: a program of surprises<\/h3>\n\n\n\n<div style=\"height:25px\" aria-hidden=\"true\" class=\"wp-block-spacer\"><\/div>\n\n\n\n<p>L&#8217;Estive is the Ari\u00e8ge national stage, based in Foix. Its annual program combines <strong>contemporary theater<\/strong>, <strong>dance<\/strong>, <strong>concerts <\/strong>and <strong>arthouse cinema<\/strong>, with a particular focus on emerging creations and local artists. It is a serious cultural institution with a reputation that extends far beyond the borders of the d\u00e9partement.  <\/p>\n\n\n\n<div style=\"height:25px\" aria-hidden=\"true\" class=\"wp-block-spacer\"><\/div>\n\n\n\n<p>If your <strong>stay in Foix<\/strong> coincides with a <strong>show<\/strong>, don&#8217;t miss it. The main hall is on a human scale, the atmosphere is warm and inviting, and the artistic level is consistently high. <\/p>\n\n\n\n<div style=\"height:25px\" aria-hidden=\"true\" class=\"wp-block-spacer\"><\/div>\n\n\n\n<ul class=\"wp-block-list\">\n<li>Practical info: consult the program on the L&#8217;Estive website before your visit. Reservations recommended for evening shows. <\/li>\n<\/ul>\n\n\n\n<div style=\"height:25px\" aria-hidden=\"true\" class=\"wp-block-spacer\"><\/div>\n\n\n\n<div style=\"height:25px\" aria-hidden=\"true\" class=\"wp-block-spacer\"><\/div>\n<\/div>\n\n\n\n<div class=\"wp-block-group rightLeft has-global-padding is-layout-constrained wp-block-group-is-layout-constrained\">\n<div class=\"wp-block-columns alignfull are-vertically-aligned-center m-ti is-layout-flex wp-container-core-columns-is-layout-0c0b91ec wp-block-columns-is-layout-flex\">\n<div class=\"wp-block-column is-vertically-aligned-center wp-block-image alignright size-large has-custom-border m-ti-image is-style-simple-right is-layout-flow wp-block-column-is-layout-flow is-style-simple-right--11\" style=\"flex-basis:60%\">\n<figure class=\"wp-block-image alignright size-full\"><img decoding=\"async\" width=\"1920\" height=\"1280\" src=\"https:\/\/www.vap-camping.fr\/wp-content\/uploads\/2026\/03\/restaurant-garbure-foix.webp\" alt=\"  let yourself be tempted by a garbure or azinat in Foix's restaurants\" class=\"wp-image-7824\" srcset=\"https:\/\/www.vap-camping.fr\/wp-content\/uploads\/2026\/03\/restaurant-garbure-foix.webp 1920w, https:\/\/www.vap-camping.fr\/wp-content\/uploads\/2026\/03\/restaurant-garbure-foix-600x400.webp 600w, https:\/\/www.vap-camping.fr\/wp-content\/uploads\/2026\/03\/restaurant-garbure-foix-1024x683.webp 1024w, https:\/\/www.vap-camping.fr\/wp-content\/uploads\/2026\/03\/restaurant-garbure-foix-768x512.webp 768w, https:\/\/www.vap-camping.fr\/wp-content\/uploads\/2026\/03\/restaurant-garbure-foix-1536x1024.webp 1536w\" sizes=\"(max-width: 1920px) 100vw, 1920px\" \/><\/figure>\n<\/div>\n\n\n\n<div class=\"wp-block-column is-vertically-aligned-center m-ti-text is-layout-flow wp-container-core-column-is-layout-58dbe9e9 wp-block-column-is-layout-flow\" style=\"padding-left:10rem;flex-basis:40%\">\n<div class=\"wp-block-group is-style-title-left is-layout-flow wp-block-group-is-layout-flow is-style-title-left--12\">\n<p class=\"has-secondary-color has-text-color has-link-color has-secondary-font-family has-xl-font-size wp-elements-3cb381c2094a50a1451a28b971794c9c\"><strong>Sit down<\/strong><\/p>\n\n\n\n<p class=\"has-primary-color has-text-color has-link-color has-primary-font-family has-sm-font-size wp-elements-2ec6a8f5835f8f72dcc66822308a4359\" style=\"text-transform:uppercase\"><strong><strong>and take the time<\/strong><\/strong><\/p>\n<\/div>\n\n\n\n<h2 class=\"wp-block-heading text-title\">Eating well in Foix: garbure, azinat and local specialities<\/h2>\n\n\n\n<p class=\"has-m-font-size\" style=\"padding-left:2rem\"><strong>Foix&#8217;s gastronomy<\/strong> is local. We eat well, without fuss, thanks to passionate <strong>producers <\/strong>and <strong>restaurateurs <\/strong>. Seasonal cuisine and recipes handed down from generation to generation.    <\/p>\n\n\n\n<div style=\"height:25px\" aria-hidden=\"true\" class=\"wp-block-spacer\"><\/div>\n\n\n\n<p class=\"has-m-font-size\" style=\"padding-left:2rem\">If you&#8217;re looking for <strong>a taste of Ari\u00e8ge<\/strong>, there are several dishes to choose from: <strong>garbure<\/strong>, a peasant soup made with cabbage, beans and preserved meat, and <strong>azinat<\/strong>, an even more rustic version typical of the Couserans region. You&#8217;ll also want to try <strong>Mounjetado<\/strong>, <strong>Rouzole <\/strong>and . <\/p>\n\n\n\n<p class=\"has-m-font-size\" style=\"padding-left:2rem\">  To be found in <strong>central brasseries<\/strong> and traditional restaurants  <\/p>\n\n\n\n<p class=\"has-m-font-size\" style=\"padding-left:2rem\"><em>Good to know: the tourist office (rue Pierre Cazals) has an up-to-date list of restaurants and local producers selling direct. A useful step before exploring the department. <\/em><\/p>\n<\/div>\n<\/div>\n<\/div>\n\n\n\n<div style=\"height:100px\" aria-hidden=\"true\" class=\"wp-block-spacer\"><\/div>\n\n\n\n<div class=\"wp-block-group rightLeft has-global-padding is-layout-constrained wp-block-group-is-layout-constrained\">\n<div class=\"wp-block-columns alignfull are-vertically-aligned-center m-ti is-layout-flex wp-container-core-columns-is-layout-0c0b91ec wp-block-columns-is-layout-flex\">\n<div class=\"wp-block-column is-vertically-aligned-center m-ti-text is-layout-flow wp-container-core-column-is-layout-58dbe9e9 wp-block-column-is-layout-flow\" style=\"padding-left:10rem;flex-basis:40%\">\n<div class=\"wp-block-group is-style-title-left is-layout-flow wp-block-group-is-layout-flow is-style-title-left--13\">\n<p class=\"has-secondary-color has-text-color has-link-color has-secondary-font-family has-xl-font-size wp-elements-1d067bcedf71ea0dbb903e5168f88abb\"><strong>Taking the time,<\/strong><\/p>\n\n\n\n<p class=\"has-primary-color has-text-color has-link-color has-primary-font-family has-sm-font-size wp-elements-2384e368fd69309412339d5bfd764af9\" style=\"text-transform:uppercase\"><strong>without missing a beat<\/strong><\/p>\n<\/div>\n\n\n\n<h2 class=\"wp-block-heading text-title\">Practical tips for organizing your stay in Foix<\/h2>\n\n\n\n<p>Foix is a compact town: everything is within walking distance, and nothing is more than 20 minutes from the center. This is one of its major assets: no need for a car, no shuttle bus, no bus ticket to stamp. <\/p>\n\n\n\n<p>Allow a <strong>full day <\/strong>for the castle, the old town, the climb to Montgauzy and the market (if you&#8217;re there on a Friday).  <\/p>\n\n\n\n<p><strong>Two days<\/strong> means you can add the riverbanks, an evening at L&#8217;Estive, and a real evening meal without hurrying.<\/p>\n\n\n\n<p><strong>The best season?<\/strong>  Spring and summer for terraces and light walks. Autumn for colors and tranquility. Winter for Christmas markets and roasted chestnuts in the square. Foix works all year round &#8211; it&#8217;s a real city, not a seasonal theme park.   <\/p>\n<\/div>\n\n\n\n<div class=\"wp-block-column is-vertically-aligned-center wp-block-image alignright size-large has-custom-border m-ti-image is-style-simple-right is-layout-flow wp-block-column-is-layout-flow is-style-simple-right--14\" style=\"flex-basis:60%\">\n<figure class=\"wp-block-image alignright size-full\"><img decoding=\"async\" width=\"1920\" height=\"1280\" src=\"https:\/\/www.vap-camping.fr\/wp-content\/uploads\/2026\/03\/rue-foix-ariege.webp\" alt=\"From downtown Foix, visit the old town and its treasures\" class=\"wp-image-7819\" srcset=\"https:\/\/www.vap-camping.fr\/wp-content\/uploads\/2026\/03\/rue-foix-ariege.webp 1920w, https:\/\/www.vap-camping.fr\/wp-content\/uploads\/2026\/03\/rue-foix-ariege-600x400.webp 600w, https:\/\/www.vap-camping.fr\/wp-content\/uploads\/2026\/03\/rue-foix-ariege-1024x683.webp 1024w, https:\/\/www.vap-camping.fr\/wp-content\/uploads\/2026\/03\/rue-foix-ariege-768x512.webp 768w, https:\/\/www.vap-camping.fr\/wp-content\/uploads\/2026\/03\/rue-foix-ariege-1536x1024.webp 1536w\" sizes=\"(max-width: 1920px) 100vw, 1920px\" \/><\/figure>\n<\/div>\n<\/div>\n<\/div>\n\n\n\n<div class=\"wp-block-group reveal has-global-padding is-layout-constrained wp-container-core-group-is-layout-8a400663 wp-block-group-is-layout-constrained\">\n<div style=\"height:20px\" aria-hidden=\"true\" class=\"wp-block-spacer\"><\/div>\n<\/div>\n\n\n\n<div class=\"wp-block-group alignwide is-style-title-simple fromTop is-layout-flow wp-block-group-is-layout-flow is-style-title-simple--15\" style=\"margin-top:4rem;margin-bottom:4rem\">\n<p class=\"has-text-align-center has-secondary-color has-text-color has-link-color has-secondary-font-family has-xl-font-size wp-elements-bdf248ee915f0e59f2e1f3e78d677d4c\">Where to stay in Foix?<\/p>\n\n\n\n<p class=\"has-text-align-center has-primary-font-family has-sm-font-size\" style=\"text-transform:uppercase\"><strong>The full-scale camping experience<\/strong><\/p>\n<\/div>\n\n\n\n<div class=\"wp-block-group reveal has-global-padding is-layout-constrained wp-container-core-group-is-layout-8a400663 wp-block-group-is-layout-constrained\">\n<div class=\"wp-block-group has-global-padding is-layout-constrained wp-container-core-group-is-layout-70f4fdbb wp-block-group-is-layout-constrained\">\n<h2 class=\"wp-block-heading\">Where to stay in Foix: Camping du Lac, a green heart along the Ari\u00e8ge river<\/h2>\n\n\n\n<div style=\"height:20px\" aria-hidden=\"true\" class=\"wp-block-spacer\"><\/div>\n\n\n\n<p style=\"border-radius:0px;margin-top:2;margin-right:2;margin-bottom:2;margin-left:2\">On the banks of the Ari\u00e8ge, 2 km from the ch\u00e2teau, the <a href=\"https:\/\/www.vap-camping.fr\/es\/campings\/camping-du-lac\/\">4-star Le Lac campsite in Foix<\/a> extends over 5 shaded hectares. Spacious <strong>pitches <\/strong>for tents, caravans and motorhomes, <strong>mobile-home rentals in Foix<\/strong>, cosy cottages, <strong>infinity pool<\/strong>, paddling pool, lively boulodrome, <strong>guinguette<\/strong>, grill-garbure restaurant&#8230;.  <\/p>\n\n\n\n<p style=\"border-radius:0px;margin-top:2;margin-right:2;margin-bottom:2;margin-left:2\">A <strong>free shuttle bus <\/strong>to the old town and station is just 200 m away. The attentive campsite team will be happy to advise you on the must-sees in Foix.   <\/p>\n\n\n\n<div style=\"height:20px\" aria-hidden=\"true\" class=\"wp-block-spacer\"><\/div>\n<\/div>\n\n\n\n<div style=\"height:25px\" aria-hidden=\"true\" class=\"wp-block-spacer\"><\/div>\n\n\n\n<div style=\"height:25px\" aria-hidden=\"true\" class=\"wp-block-spacer\"><\/div>\n<\/div>\n<\/div>\n\n<p><\/p>\n","protected":false},"excerpt":{"rendered":"<p>CampingS &amp; &#8211; ariGe Between medieval castle and Ari\u00e8ge mountains, Foix reveals itself Foix is quiet. No crowds, no queues, no mass tourism. And yet, the prefecture of Ari\u00e8ge has all the makings of a great city: a medieval castle that adorns postcards, an old town where the cobbled streets still exude the atmosphere of [&hellip;]<\/p>\n","protected":false},"author":1,"featured_media":7843,"comment_status":"closed","ping_status":"closed","sticky":false,"template":"","format":"standard","meta":{"_acf_changed":false,"_seopress_robots_primary_cat":"none","_seopress_titles_title":"What to do in Foix Must-sees in Ari\u00e8ge ","_seopress_titles_desc":"Discover what to do in Foix, Ari\u00e8ge: castle, historic center, nature walks and good addresses for a successful weekend in the Ari\u00e8ge capital.","_seopress_robots_index":"","ouverture":"","nombre_de_locations":"","nombre_demplacements":"","adresse":"","numero_de_telephone":"","email":"","url_du_site":"","footnotes":""},"categories":[1],"tags":[],"class_list":["post-8197","post","type-post","status-publish","format-standard","has-post-thumbnail","hentry","category-non-categorise"],"acf":[],"_links":{"self":[{"href":"https:\/\/www.vap-camping.fr\/en\/wp-json\/wp\/v2\/posts\/8197","targetHints":{"allow":["GET"]}}],"collection":[{"href":"https:\/\/www.vap-camping.fr\/en\/wp-json\/wp\/v2\/posts"}],"about":[{"href":"https:\/\/www.vap-camping.fr\/en\/wp-json\/wp\/v2\/types\/post"}],"author":[{"embeddable":true,"href":"https:\/\/www.vap-camping.fr\/en\/wp-json\/wp\/v2\/users\/1"}],"replies":[{"embeddable":true,"href":"https:\/\/www.vap-camping.fr\/en\/wp-json\/wp\/v2\/comments?post=8197"}],"version-history":[{"count":1,"href":"https:\/\/www.vap-camping.fr\/en\/wp-json\/wp\/v2\/posts\/8197\/revisions"}],"predecessor-version":[{"id":8199,"href":"https:\/\/www.vap-camping.fr\/en\/wp-json\/wp\/v2\/posts\/8197\/revisions\/8199"}],"wp:featuredmedia":[{"embeddable":true,"href":"https:\/\/www.vap-camping.fr\/en\/wp-json\/wp\/v2\/media\/7843"}],"wp:attachment":[{"href":"https:\/\/www.vap-camping.fr\/en\/wp-json\/wp\/v2\/media?parent=8197"}],"wp:term":[{"taxonomy":"category","embeddable":true,"href":"https:\/\/www.vap-camping.fr\/en\/wp-json\/wp\/v2\/categories?post=8197"},{"taxonomy":"post_tag","embeddable":true,"href":"https:\/\/www.vap-camping.fr\/en\/wp-json\/wp\/v2\/tags?post=8197"}],"curies":[{"name":"wp","href":"https:\/\/api.w.org\/{rel}","templated":true}]}}