{"id":8228,"date":"2026-03-11T11:44:00","date_gmt":"2026-03-11T11:44:00","guid":{"rendered":"https:\/\/www.vap-camping.fr\/que-faire-pour-le-week-end-du-08-mai-a-foix\/"},"modified":"2026-03-11T20:28:58","modified_gmt":"2026-03-11T20:28:58","slug":"que-faire-pour-le-week-end-du-08-mai-a-foix","status":"publish","type":"post","link":"https:\/\/www.vap-camping.fr\/en\/que-faire-pour-le-week-end-du-08-mai-a-foix\/","title":{"rendered":"What to do in Foix for the May 08 weekend?"},"content":{"rendered":"\n<div class=\"wp-block-group alignfull is-layout-flow wp-container-core-group-is-layout-8af317cd wp-block-group-is-layout-flow\">\n<div class=\"wp-block-group hero-camp fromOpacity is-layout-flow wp-block-group-is-layout-flow\" style=\"margin-bottom:20rem\">\n<div class=\"wp-block-group alignfull hero-img fromOpacity is-layout-flow wp-block-group-is-layout-flow\">\n<figure class=\"wp-block-image size-full\"><img decoding=\"async\" width=\"1024\" height=\"772\" src=\"https:\/\/www.vap-camping.fr\/wp-content\/uploads\/2025\/07\/chateau-de-foix_ariege.jpg\" alt=\"ch&#xE2;teau de foix\" class=\"wp-image-3254\" srcset=\"https:\/\/www.vap-camping.fr\/wp-content\/uploads\/2025\/07\/chateau-de-foix_ariege.jpg 1024w, https:\/\/www.vap-camping.fr\/wp-content\/uploads\/2025\/07\/chateau-de-foix_ariege-600x452.jpg 600w, https:\/\/www.vap-camping.fr\/wp-content\/uploads\/2025\/07\/chateau-de-foix_ariege-768x579.jpg 768w\" sizes=\"(max-width: 1024px) 100vw, 1024px\" \/><\/figure>\n<\/div>\n\n\n\n<div class=\"wp-block-group hero-desc has-secondary-background-color has-background fromOpacity is-layout-flow wp-block-group-is-layout-flow\" style=\"border-top-right-radius:90px;border-bottom-right-radius:90px;padding-top:2rem;padding-bottom:2rem;padding-left:5rem\"><h1 style=\"font-size:clamp(3.037rem, 3.037rem + ((1vw - 0.2rem) * 4.018), 6rem);\" class=\"has-link-color wp-elements-971196805a816ee349c8ae4f34a1c7a7 wp-block-post-title has-text-color has-white-color has-secondary-font-family\">What to do in Foix for the May 08 weekend?<\/h1>\n\n\n<div class=\"wp-block-group is-nowrap is-layout-flex wp-container-core-group-is-layout-3b4e9d3e wp-block-group-is-layout-flex\">\n<p class=\"has-white-color has-text-color has-link-color has-sm-font-size wp-elements-16ec13a91c591559d8fce1cdd8186148\" style=\"font-style:normal;font-weight:500;text-transform:uppercase\">Camping du lac \u00e0 foix<\/p>\n\n\n\n<figure class=\"wp-block-image size-full\"><img alt=\"\" decoding=\"async\" src=\"https:\/\/www.vap-camping.fr\/wp-content\/themes\/vap\/assets\/img\/svg\/star-white.svg\" alt=\"\" class=\"wp-image-657\"\/><\/figure>\n\n\n\n<figure class=\"wp-block-image size-full\"><img alt=\"\" decoding=\"async\" src=\"https:\/\/www.vap-camping.fr\/wp-content\/themes\/vap\/assets\/img\/svg\/star-white.svg\" alt=\"\" class=\"wp-image-657\"\/><\/figure>\n\n\n\n<p class=\"has-white-color has-text-color has-link-color has-sm-font-size wp-elements-73eb7b06cc742c9b9a10ca0932df8577\" style=\"font-style:normal;font-weight:500;text-transform:uppercase\"><\/p>\n\n\n\n<figure class=\"wp-block-image size-full\"><img alt=\"\" decoding=\"async\" src=\"https:\/\/www.vap-camping.fr\/wp-content\/themes\/vap\/assets\/img\/svg\/star-white.svg\" alt=\"\" class=\"wp-image-657\"\/><\/figure>\n\n\n\n<figure class=\"wp-block-image size-full\"><img alt=\"\" decoding=\"async\" src=\"https:\/\/www.vap-camping.fr\/wp-content\/themes\/vap\/assets\/img\/svg\/star-white.svg\" alt=\"\" class=\"wp-image-657\"\/><\/figure>\n\n\n\n<p class=\"has-white-color has-text-color has-link-color has-sm-font-size wp-elements-60462d971fe67fbc416ea5b5557d0850\" style=\"font-style:normal;font-weight:500;text-transform:uppercase\">&#8211; ariEgE 09<\/p>\n<\/div>\n<\/div>\n<\/div>\n\n\n\n<div class=\"wp-block-group has-global-padding is-layout-constrained wp-block-group-is-layout-constrained\">\n<div class=\"wp-block-columns alignfull m-ti is-layout-flex wp-container-core-columns-is-layout-0c0b91ec wp-block-columns-is-layout-flex\">\n<div class=\"wp-block-column is-vertically-aligned-center leftRight m-ti-text is-layout-flow wp-block-column-is-layout-flow\" style=\"padding-left:10rem;flex-basis:40%\">\n<div class=\"wp-block-group is-style-title-left is-layout-flow wp-block-group-is-layout-flow is-style-title-left--1\">\n<p class=\"has-secondary-color has-text-color has-link-color has-secondary-font-family has-xl-font-size wp-elements-a1d06da1f60773df51ff172eaf141e2a\"><em>Weekend in Foix,<\/em><\/p>\n\n\n\n<p class=\"has-primary-color has-text-color has-link-color has-primary-font-family has-sm-font-size wp-elements-9f3d9aadac852a8408c74478c4e7a3a5\" style=\"text-transform:uppercase\"><strong>For May 08<\/strong><\/p>\n<\/div>\n\n\n\n<h1 class=\"wp-block-heading has-m-font-size\"><strong>What to do around Foix <\/strong><strong>May 08 weekend?<\/strong> <\/h1>\n\n\n\n<p>The weekend of May 08 is one of the best times to discover Ari\u00e8ge without the summer crowds. In 2026, May 8th falls on a Friday: ideal for arriving in Foix, taking advantage of the market, visiting the Comtale town, and then spending the whole weekend exploring the region&#8217;s heritage, nature and major sites. Foix has a real strategic advantage: in just a few kilometers, you can go from a lively historic center to nature walks, caves and major cultural sites.    <\/p>\n\n\n\n<div style=\"height:20px\" aria-hidden=\"true\" class=\"wp-block-spacer\"><\/div>\n<\/div>\n\n\n\n<div class=\"wp-block-column is-vertically-aligned-stretch rightLeft m-ti-image is-style-simple-right is-layout-flow wp-block-column-is-layout-flow is-style-simple-right--2\" style=\"flex-basis:60%\">\n<figure class=\"wp-block-image alignright size-large\"><img decoding=\"async\" width=\"1024\" height=\"668\" src=\"https:\/\/www.vap-camping.fr\/wp-content\/uploads\/2026\/02\/camping-gr10-ariege-1024x668.webp\" alt=\"hiking\" class=\"wp-image-7545\" srcset=\"https:\/\/www.vap-camping.fr\/wp-content\/uploads\/2026\/02\/camping-gr10-ariege-1024x668.webp 1024w, https:\/\/www.vap-camping.fr\/wp-content\/uploads\/2026\/02\/camping-gr10-ariege-600x392.webp 600w, https:\/\/www.vap-camping.fr\/wp-content\/uploads\/2026\/02\/camping-gr10-ariege-768x501.webp 768w, https:\/\/www.vap-camping.fr\/wp-content\/uploads\/2026\/02\/camping-gr10-ariege-1536x1002.webp 1536w, https:\/\/www.vap-camping.fr\/wp-content\/uploads\/2026\/02\/camping-gr10-ariege.webp 1920w\" sizes=\"(max-width: 1024px) 100vw, 1024px\" \/><\/figure>\n<\/div>\n<\/div>\n<\/div>\n\n\n\n<div class=\"wp-block-group alignwide is-style-title-simple fromTop is-layout-flow wp-block-group-is-layout-flow is-style-title-simple--3\" style=\"margin-top:4rem;margin-bottom:4rem\">\n<p class=\"has-text-align-center has-secondary-color has-text-color has-link-color has-secondary-font-family has-xl-font-size wp-elements-ca7d767d97543a355a46cc814598ef5a\"><em><em>Program idea<\/em><\/em><\/p>\n\n\n\n<p class=\"has-text-align-center has-primary-font-family has-sm-font-size\" style=\"text-transform:uppercase\"><strong><em><em>for the may 08 weekend  <\/em><\/em><\/strong><\/p>\n<\/div>\n\n\n\n<div style=\"background-image:url(&#039;https:\/\/www.vap-camping.fr\/wp-content\/uploads\/2026\/03\/visite-chateau-foix-camping-ariege.webp&#039;);background-position:95% 57.99999999999999%;background-size:cover;\" class=\"wp-block-group bg-img-part reveal is-layout-flow wp-block-group-is-layout-flow has-background\">\n<div class=\"wp-block-columns alignfull is-layout-flex wp-container-core-columns-is-layout-28f84493 wp-block-columns-is-layout-flex\">\n<div class=\"wp-block-column part-void is-layout-flow wp-block-column-is-layout-flow\" style=\"flex-basis:55%\"><\/div>\n\n\n\n<div class=\"wp-block-column part-content is-layout-flow wp-block-column-is-layout-flow\" style=\"flex-basis:45%\">\n<div class=\"wp-block-group is-bg-rounded is-layout-flow wp-container-core-group-is-layout-75c87b2e wp-block-group-is-layout-flow\">\n<div class=\"wp-block-group is-style-title-flip has-global-padding is-layout-constrained wp-block-group-is-layout-constrained is-style-title-flip--4\">\n<h2 class=\"wp-block-heading has-text-align-right has-secondary-color has-text-color has-link-color has-xl-font-size wp-elements-6bd26868cae9092eb8ec171fab668298\">In Brief<\/h2>\n\n\n\n<p class=\"has-text-align-right has-primary-color has-text-color has-link-color has-sm-font-size wp-elements-576d84282cf65baafdd82508560129ee\"><strong>On the program  <\/strong><\/p>\n\n\n\n<h2 class=\"wp-block-heading has-text-align-right text-title\"><br\/>3 nights \/ 4 days around Foix: ideas for visits!<\/h2>\n\n\n\n<p class=\"has-text-align-center\"><br\/>\ud83c\udfaf May 08 vacation in Ari\u00e8ge, relaxation &amp; nature break<\/p>\n\n\n\n<p>\ud83d\udc65 Families with children, hikers, cyclists<\/p>\n\n\n\n<p>\ud83d\udccd Camping du Lac, Foix (Ari\u00e8ge, Occitanie)<\/p>\n\n\n\n<p>\ud83d\udcc5 May 8 to 10, 2026<\/p>\n\n\n\n<p class=\"has-text-align-center\">\u2728 Children&#8217;s play areas, nearby trails, Accueil V\u00e9lo label<\/p>\n<\/div>\n<\/div>\n<\/div>\n<\/div>\n\n\n\n<p><\/p>\n<\/div>\n\n\n\n<div class=\"wp-block-group reveal has-global-padding is-layout-constrained wp-container-core-group-is-layout-8a400663 wp-block-group-is-layout-constrained\">\n<h3 class=\"wp-block-heading has-text-align-center has-secondary-color has-text-color has-link-color wp-elements-032d2afcc1f3a04abc8f427ced665901\">Foix market<\/h3>\n\n\n\n<div style=\"height:25px\" aria-hidden=\"true\" class=\"wp-block-spacer\"><\/div>\n\n\n\n<p>Day 1: Arrive at the campsite in Foix on Thursday evening, then take advantage of Friday to discover<strong> one of the most beautiful markets in Ari\u00e8ge: the Foix market.<\/strong> Stroll between the stalls, taste the local produce and compose your lunch in town with the flavors of the market. In the afternoon, take a stroll through the historic streets of <strong>Foix<\/strong>, before ending the day with a visit to the <strong>Ch\u00e2teau de Foix<\/strong>, an emblematic site in the <strong>Ari\u00e8ge Pyrenees<\/strong>. <\/p>\n\n\n\n<div style=\"height:25px\" aria-hidden=\"true\" class=\"wp-block-spacer\"><\/div>\n\n\n\n<div style=\"height:25px\" aria-hidden=\"true\" class=\"wp-block-spacer\"><\/div>\n\n\n\n<h3 class=\"wp-block-heading has-text-align-center has-secondary-color has-text-color has-link-color wp-elements-47a8917c95ae590fb8780d6e8162c82c\">Cycling on the greenway from Foix to Saint Girons<\/h3>\n\n\n\n<div style=\"height:25px\" aria-hidden=\"true\" class=\"wp-block-spacer\"><\/div>\n\n\n\n<p>Day 2: For this second day, get on your bikes and enjoy the <strong>voie verte between Foix and Saint-Girons<\/strong>, a great route in the <strong>Ari\u00e8ge<\/strong> to do with the family, as a couple or solo. With its pleasant itinerary, low gradient and beautiful scenery in the heart of the <strong>Ari\u00e8ge Pyrenees<\/strong>, it&#8217;s the ideal activity for getting some fresh air and sharing a good time. If you&#8217;re riding with children, it&#8217;s best to choose a section suited to their age and energy level, so you can take it easy, take a few breaks and enjoy the ride without rushing. Between nature, villages and a relaxing atmosphere, this <strong>bike ride in Ari\u00e8ge<\/strong> promises a simple, friendly day full of good memories. Take the opportunity to visit the famous <strong>Labouiche underground river <\/strong>along the way.    <\/p>\n\n\n\n<div style=\"height:25px\" aria-hidden=\"true\" class=\"wp-block-spacer\"><\/div>\n\n\n\n<h3 class=\"wp-block-heading has-text-align-center has-secondary-color has-text-color has-link-color wp-elements-cc575db5a52f576206272ac603b0a567\">Prehistory Park<\/h3>\n\n\n\n<div style=\"height:25px\" aria-hidden=\"true\" class=\"wp-block-spacer\"><\/div>\n\n\n\n<p>Day 3: Located near Tarascon-sur-Ari\u00e8ge, this immersive park lets children discover life in the Magdalenian period: flintknapping workshops, cave painting, prehistoric fire demonstrations&#8230; Did you know that 15,000-year-old seashells have been found here, evidence of trade over 300 km? Allow 3 hours minimum, perfect for 5-14 year olds.  <\/p>\n\n\n\n<div style=\"height:25px\" aria-hidden=\"true\" class=\"wp-block-spacer\"><\/div>\n<\/div>\n\n\n\n<div class=\"wp-block-group alignwide is-style-title-simple fromTop is-layout-flow wp-block-group-is-layout-flow is-style-title-simple--5\" style=\"margin-top:4rem;margin-bottom:4rem\">\n<p class=\"has-text-align-center has-secondary-color has-text-color has-link-color has-secondary-font-family has-xl-font-size wp-elements-8890683aec24783647be43fb08859b7f\">Other Activities  <\/p>\n\n\n\n<p class=\"has-text-align-center has-primary-font-family has-sm-font-size\" style=\"text-transform:uppercase\"><strong><strong><strong>Around Foix<\/strong><\/strong><\/strong><\/p>\n<\/div>\n\n\n\n<div class=\"wp-block-group leftRight has-global-padding is-layout-constrained wp-block-group-is-layout-constrained\">\n<div class=\"wp-block-columns alignwide are-vertically-aligned-center m-ti is-layout-flex wp-container-core-columns-is-layout-0c0b91ec wp-block-columns-is-layout-flex\">\n<div class=\"wp-block-column is-vertically-aligned-center wp-block-image alignright size-large has-custom-border is-style-simple-left m-ti-image is-layout-flow wp-block-column-is-layout-flow is-style-simple-left--6\" style=\"flex-basis:60%\">\n<figure class=\"wp-block-image size-full is-style-rounded\" style=\"margin-top:0;margin-right:0;margin-bottom:0;margin-left:0\"><img decoding=\"async\" width=\"1536\" height=\"1024\" src=\"https:\/\/www.vap-camping.fr\/wp-content\/uploads\/2026\/03\/image-7.jpeg\" alt=\"family cycling on the greenway in Ari&#xE8;ge\" class=\"wp-image-8067\" srcset=\"https:\/\/www.vap-camping.fr\/wp-content\/uploads\/2026\/03\/image-7.jpeg 1536w, https:\/\/www.vap-camping.fr\/wp-content\/uploads\/2026\/03\/image-7-600x400.jpeg 600w, https:\/\/www.vap-camping.fr\/wp-content\/uploads\/2026\/03\/image-7-1024x683.jpeg 1024w, https:\/\/www.vap-camping.fr\/wp-content\/uploads\/2026\/03\/image-7-768x512.jpeg 768w\" sizes=\"(max-width: 1536px) 100vw, 1536px\" \/><\/figure>\n<\/div>\n\n\n\n<div class=\"wp-block-column is-vertically-aligned-center m-ti-text is-layout-flow wp-container-core-column-is-layout-58dbe9e9 wp-block-column-is-layout-flow\" style=\"padding-left:10rem;flex-basis:40%\">\n<div class=\"wp-block-group is-style-title-left is-layout-flow wp-block-group-is-layout-flow is-style-title-left--7\">\n<p class=\"has-secondary-color has-text-color has-link-color has-secondary-font-family has-xl-font-size wp-elements-8b12bf76089f3ba2ae542a29210a1b73\">A Weekend<\/p>\n\n\n\n<p class=\"has-primary-color has-text-color has-link-color has-primary-font-family has-sm-font-size wp-elements-d6d836a937f4f194e1746f81cdebd87c\" style=\"text-transform:uppercase\"><strong><strong><em><strong><em><strong><strong>Free as a bird<\/strong><\/strong><\/em><\/strong><\/em><\/strong><\/strong><\/p>\n<\/div>\n\n\n\n<h2 class=\"wp-block-heading text-title\"><strong>Other activities around Foix for the May 08 weekend!<\/strong><\/h2>\n\n\n\n<p class=\"has-m-font-size\" style=\"padding-left:2rem\">Here are plenty of other ideas for the<strong> weekend of May 08 around Foix<\/strong>, between nature, history and sport.  <\/p>\n<\/div>\n<\/div>\n<\/div>\n\n\n\n<div class=\"wp-block-group reveal has-global-padding is-layout-constrained wp-container-core-group-is-layout-8a400663 wp-block-group-is-layout-constrained\">\n<h3 class=\"wp-block-heading has-text-align-center has-secondary-color has-text-color has-link-color wp-elements-4f53e65df6d5d03da07f8d6648ea02c7\"><br\/>A half-day at the Forges de Pyr\u00e8ne<\/h3>\n\n\n\n<div style=\"height:25px\" aria-hidden=\"true\" class=\"wp-block-spacer\"><\/div>\n\n\n\n<p>The <strong>Forges de Pyr\u00e8ne<\/strong>, in Montgailhard near Foix, are ideal for a <strong>family outing<\/strong> over the May 8th weekend. Between demonstrations, workshops and the village atmosphere of yesteryear, children will discover old trades in a lively and fun way. It&#8217;s a great idea to enrich a <strong>family weekend around Foix<\/strong> with a cultural activity that&#8217;s fun and easy to fit into the program. The site is <strong>open from 10 a.m. to 6 p.m. from May 4 to 10, 2026<\/strong>.   <\/p>\n\n\n\n<div style=\"height:25px\" aria-hidden=\"true\" class=\"wp-block-spacer\"><\/div>\n\n\n\n<h3 class=\"wp-block-heading has-text-align-center has-secondary-color has-text-color has-link-color wp-elements-1692c72176c88a31e6ab81e83ff857e0\">A day at the Bison Farm in Lapenne<\/h3>\n\n\n\n<div style=\"height:25px\" aria-hidden=\"true\" class=\"wp-block-spacer\"><\/div>\n\n\n\n<p>For a <strong>family nature outing around Foix<\/strong>, the <strong>Ferme aux Bisons<\/strong> in Lapenne works very well with children. The animal park is about <strong>35 minutes from Foix<\/strong> and offers the discovery of <strong>almost 40 species<\/strong>, a mini-farm and a <strong>guided tractor tour at 3pm<\/strong>. It&#8217;s the perfect idea for a <strong>weekend in Ari\u00e8ge with children<\/strong>, especially if you want to combine fresh air, animals and relaxation. In <strong>April, May and June<\/strong>, the site is open on <strong>weekends, Wednesdays, public holidays and zone C school vacations<\/strong>, from <strong>10.30am to 6pm<\/strong>.     <\/p>\n\n\n\n<div style=\"height:25px\" aria-hidden=\"true\" class=\"wp-block-spacer\"><\/div>\n\n\n\n<h3 class=\"wp-block-heading has-text-align-center has-secondary-color has-text-color has-link-color wp-elements-833ef69f23fde2ae866b037ddb48d10f\"><strong>Prat d&#8217;Albis<\/strong> <\/h3>\n\n\n\n<div style=\"height:25px\" aria-hidden=\"true\" class=\"wp-block-spacer\"><\/div>\n\n\n\n<p>The <strong>Prat d&#8217;Albis<\/strong>, located above <strong>Foix<\/strong> at an <strong>altitude<\/strong> of around <strong>1,211 m<\/strong>, is the perfect idea for a <strong>family outing in Ari\u00e8ge<\/strong>. On this large, easily accessible plateau, everyone can choose their own pace: the more adventurous can try <strong>paragliding<\/strong> with an incredible view of <strong>Foix<\/strong>, the <strong>Barguill\u00e8re valley<\/strong> and the <strong>Plantaurel<\/strong>, while those who prefer to keep their feet on the ground can enjoy a <strong>hike<\/strong> or a pretty panoramic walk in a very natural setting. It&#8217;s an ideal activity for a <strong>family weekend near Foix<\/strong>, with plenty of fresh air, beautiful scenery and memories to share.    <\/p>\n\n\n\n<div style=\"height:25px\" aria-hidden=\"true\" class=\"wp-block-spacer\"><\/div>\n\n\n\n<h3 class=\"wp-block-heading has-secondary-color has-text-color has-link-color wp-elements-291f51727b598d8f7a1ba421432e124f\">  Practical information for your stay on May 8th<\/h3>\n\n\n\n<ul class=\"wp-block-list\">\n<li>Dates: weekend of May 08, 2026<\/li>\n\n\n\n<li>Campsite opening: March to November 2026<\/li>\n\n\n\n<li class=\"has-primary-color has-text-color has-link-color wp-elements-15e3e6f9e8318bd2c7339e34c9a8d32d\">We recommend that you book even in May: <a href=\"https:\/\/reservation.secureholiday.net\/group\/fr\/108\/\" target=\"_blank\" rel=\"noreferrer noopener\">Booking<\/a><\/li>\n\n\n\n<li>Access: 1.5 km from Foix SNCF train station, 1 km from the greenway  <\/li>\n\n\n\n<li>Location: on the banks of the Ari\u00e8ge river<\/li>\n<\/ul>\n<\/div>\n\n\n\n<div class=\"wp-block-group alignwide is-style-title-simple fromTop is-layout-flow wp-block-group-is-layout-flow is-style-title-simple--8\" style=\"margin-top:4rem;margin-bottom:4rem\">\n<h2 class=\"wp-block-heading has-text-align-center has-secondary-color has-text-color has-link-color has-xl-font-size wp-elements-4a16f620c8adaee35051c2de86f2b1e5\">Frequently asked questions<\/h2>\n\n\n\n<h2 class=\"wp-block-heading has-text-align-center has-sm-font-size\"><strong>Ariege holidays with children<\/strong><\/h2>\n\n\n\n<p>l<\/p>\n<\/div>\n\n\n\n<div class=\"wp-block-group alignwide has-global-padding is-layout-constrained wp-block-group-is-layout-constrained\">\n<h3 class=\"wp-block-heading\">What to do in Ari\u00e8ge with children over the May 08 weekend?<\/h3>\n\n\n\n<p>In Ari\u00e8ge, families can enjoy a wide range of child-friendly activities: nature walks, local markets, castles, caves, leisure centers, swimming, cycling on the greenway and discovering small villages. It&#8217;s an ideal destination for a <strong>family weekend in Ari\u00e8ge<\/strong>, where you can relax and discover. <\/p>\n\n\n\n<h3 class=\"wp-block-heading\">Is Ari\u00e8ge a good destination for a family vacation?<\/h3>\n\n\n\n<p>Yes, Ari\u00e8ge is perfect for a <strong>family vacation in the Pyrenees<\/strong>. It offers a relaxing natural setting, a variety of activities for young and old, a calmer pace and numerous sites accessible to children. It&#8217;s an excellent idea for a change of scenery without having to travel too far.  <\/p>\n\n\n\n<h3 class=\"wp-block-heading\">Where to stay in Ari\u00e8ge with children?<\/h3>\n\n\n\n<p>For a convenient and enjoyable stay, many families choose accommodation close to <strong>Foix<\/strong>, the mountains or the major tourist sites in the Ari\u00e8ge. A family campsite in Ari\u00e8ge often offers a swimming pool, outdoor spaces, entertainment and a child-friendly environment. <\/p>\n\n\n\n<h3 class=\"wp-block-heading\">Can young children visit Ari\u00e8ge?<\/h3>\n\n\n\n<p>Yes, that&#8217;s right. Ari\u00e8ge is just as suitable for families with babies as it is for those with young children. There are plenty of easy outings: short walks, playgrounds, fun visits, markets, waterside picnics and nature activities. It&#8217;s a simple and pleasant destination for a <strong>stay with children in Ari\u00e8ge<\/strong>.   <\/p>\n\n\n\n<h3 class=\"wp-block-heading\">What nature activities can the family enjoy in Ari\u00e8ge?<\/h3>\n\n\n\n<p>In Ari\u00e8ge, families are particularly keen on waterside walks, easy hikes, bike rides, nature picnics and discoveries around the mountains and valleys. For a <strong>nature holiday with children in Ari\u00e8ge<\/strong>, there&#8217;s no shortage of options between Foix, Tarascon-sur-Ari\u00e8ge and the surrounding area. <\/p>\n\n\n\n<h3 class=\"wp-block-heading\">Is Ari\u00e8ge the ideal place for a short family break from Toulouse?<\/h3>\n\n\n\n<p>Yes, Ari\u00e8ge is a very practical destination for a <strong>family weekend close to Toulouse<\/strong>. In no time at all, you can reach Foix and the surrounding area for a change of scenery, with activities accessible to children without too much driving. <\/p>\n\n\n\n<h3 class=\"wp-block-heading\">What to do in Ari\u00e8ge with children when it rains?<\/h3>\n\n\n\n<p>Even when it&#8217;s raining, there are plenty of great ideas for family outings in the Ariege: caves, the Labouiche underground river, museums, heritage tours, covered spaces and gourmet breaks in Ariege towns. So you can enjoy the Ari\u00e8ge<strong>with your children<\/strong> in any season. <\/p>\n<\/div>\n\n\n\n<div class=\"wp-block-group alignwide has-global-padding is-layout-constrained wp-block-group-is-layout-constrained\">\n<div class=\"wp-block-group alignwide is-style-title-simple fromTop is-layout-flow wp-block-group-is-layout-flow is-style-title-simple--9\" style=\"margin-top:4rem;margin-bottom:4rem\">\n<h2 class=\"wp-block-heading has-text-align-center has-secondary-color has-text-color has-link-color has-xl-font-size wp-elements-bd9cc3aa38eef82a722d397d32879c1a\">Where to stay in Foix?<\/h2>\n\n\n\n<h2 class=\"wp-block-heading has-text-align-center has-sm-font-size\">4-star <strong>campsite <\/strong>in Ari\u00e8ge  <\/h2>\n<\/div>\n<\/div>\n\n\n\n<div class=\"wp-block-group reveal has-global-padding is-layout-constrained wp-block-group-is-layout-constrained\">\n<div style=\"height:25px\" aria-hidden=\"true\" class=\"wp-block-spacer\"><\/div>\n\n\n\n<div class=\"wp-block-group has-global-padding is-layout-constrained wp-block-group-is-layout-constrained\"><div class=\"campings-wrapper is-layout-flow wp-block-slider-campings-is-layout-flow\">\n            <div class=\"campings-list\">\n                            <div class=\"camping-item\"\n                    style=\"background-image: linear-gradient(to top, rgba(0, 0, 0, 0.6), transparent), url('https:\/\/www.vap-camping.fr\/wp-content\/uploads\/2025\/04\/camping-avec-piscine-1024x767.jpg');\">\n                    <a href=\"https:\/\/www.vap-camping.fr\/en\/campings\/camping-du-lac\/\" title=\"Camping du lac(Foix)\" class=\"camping-link\">\n                        <p class=\"title\">Camping du lac(Foix)<\/p>\n                        <p class=\"camping-button\">Discover<\/p>\n                    <\/a>\n                <\/div>\n                    <\/div>\n    <\/div>\n\n<\/div>\n\n\n\n<div style=\"height:25px\" aria-hidden=\"true\" class=\"wp-block-spacer\"><\/div>\n\n\n\n<script type=\"application\/ld+json\">{\n  \"@context\": \"https:\/\/schema.org\",\n  \"@graph\":[\n{\n\"@type\":\"BlogPosting\",\n\"@id\":\"https:\/\/www.tonsite.fr\/weekend-08-mai-foix\/#article\",\n\"headline\":\"Que faire autour de Foix pour le week-end du 08 mai 2026\",\n\"description\":\"Id\u00e9e de s\u00e9jour de 3 nuits autour de Foix en Ari\u00e8ge pour le week-end du 8 mai 2026 : march\u00e9 de Foix, v\u00e9lo sur la voie verte, Parc de la Pr\u00e9histoire et activit\u00e9s nature en famille.\",\n\"keywords\":[\n\"week-end Foix\",\n\"week-end Ari\u00e8ge mai\",\n\"que faire autour de Foix\",\n\"week-end famille Ari\u00e8ge\",\n\"voie verte Foix Saint Girons\",\n\"march\u00e9 de Foix\",\n\"Parc de la Pr\u00e9histoire Ari\u00e8ge\"\n],\n\"inLanguage\":\"fr\",\n\"url\":\"https:\/\/www.tonsite.fr\/weekend-08-mai-foix\/\",\n\"mainEntityOfPage\":{\n\"@type\":\"WebPage\",\n\"@id\":\"https:\/\/www.tonsite.fr\/weekend-08-mai-foix\/\"\n},\n\"about\":{\n\"@id\":\"https:\/\/www.tonsite.fr\/weekend-08-mai-foix\/#trip\"\n},\n\"author\":{\n\"@type\":\"Organization\",\n\"name\":\"Camping du Lac\"\n},\n\"publisher\":{\n\"@type\":\"Organization\",\n\"name\":\"Camping du Lac\",\n\"logo\":{\n\"@type\":\"ImageObject\",\n\"url\":\"https:\/\/www.tonsite.fr\/logo.png\"\n}\n},\n\"image\":[\n\"https:\/\/www.tonsite.fr\/image-weekend-foix.jpg\"\n],\n\"datePublished\":\"2026-03-11\",\n\"dateModified\":\"2026-03-11\"\n},\n\n{\n\"@type\":\"TouristTrip\",\n\"@id\":\"https:\/\/www.tonsite.fr\/weekend-08-mai-foix\/#trip\",\n\"name\":\"S\u00e9jour nature autour de Foix pour le week-end du 8 mai\",\n\"description\":\"Programme de 3 jours autour de Foix pour d\u00e9couvrir l\u2019Ari\u00e8ge au printemps : march\u00e9 de Foix, balade \u00e0 v\u00e9lo sur la voie verte, Parc de la Pr\u00e9histoire et activit\u00e9s nature.\",\n\"touristType\":[\n\"Familles avec enfants\",\n\"Randonneurs\",\n\"Cyclistes\"\n],\n\"itinerary\":{\n\"@id\":\"https:\/\/www.tonsite.fr\/weekend-08-mai-foix\/#programme\"\n},\n\"startLocation\":{\n\"@type\":\"Place\",\n\"name\":\"Camping du Lac\",\n\"address\":{\n\"@type\":\"PostalAddress\",\n\"addressLocality\":\"Foix\",\n\"postalCode\":\"09000\",\n\"addressRegion\":\"Occitanie\",\n\"addressCountry\":\"FR\"\n}\n}\n},\n\n{\n\"@type\":\"ItemList\",\n\"@id\":\"https:\/\/www.tonsite.fr\/weekend-08-mai-foix\/#programme\",\n\"name\":\"Programme du week-end autour de Foix\",\n\"numberOfItems\":3,\n\"itemListElement\":[\n{\n\"@type\":\"ListItem\",\n\"position\":1,\n\"name\":\"March\u00e9 de Foix et visite du ch\u00e2teau\",\n\"description\":\"D\u00e9couverte du march\u00e9 de Foix, d\u00e9gustation de produits locaux, balade dans les ruelles historiques et visite du ch\u00e2teau de Foix.\"\n},\n{\n\"@type\":\"ListItem\",\n\"position\":2,\n\"name\":\"V\u00e9lo sur la voie verte Foix \u2013 Saint-Girons\",\n\"description\":\"Balade \u00e0 v\u00e9lo accessible sur la voie verte entre Foix et Saint-Girons avec possibilit\u00e9 de visiter la rivi\u00e8re souterraine de Labouiche.\"\n},\n{\n\"@type\":\"ListItem\",\n\"position\":3,\n\"name\":\"Parc de la Pr\u00e9histoire\",\n\"description\":\"Visite du Parc de la Pr\u00e9histoire pr\u00e8s de Tarascon-sur-Ari\u00e8ge avec ateliers pr\u00e9historiques et activit\u00e9s ludiques pour les enfants.\"\n}\n]\n},\n\n{\n\"@type\":\"FAQPage\",\n\"@id\":\"https:\/\/www.tonsite.fr\/weekend-08-mai-foix\/#faq\",\n\"mainEntity\":[\n{\n\"@type\":\"Question\",\n\"name\":\"Que faire en Ari\u00e8ge avec des enfants pendant un week-end du 08 mai ?\",\n\"acceptedAnswer\":{\n\"@type\":\"Answer\",\n\"text\":\"Les familles peuvent profiter de balades nature, march\u00e9s locaux, visites de ch\u00e2teaux, grottes, v\u00e9lo sur la voie verte et activit\u00e9s autour de Foix.\"\n}\n},\n{\n\"@type\":\"Question\",\n\"name\":\"L\u2019Ari\u00e8ge est-elle une bonne destination pour des vacances en famille ?\",\n\"acceptedAnswer\":{\n\"@type\":\"Answer\",\n\"text\":\"Oui, l\u2019Ari\u00e8ge offre un environnement naturel pr\u00e9serv\u00e9, des activit\u00e9s vari\u00e9es pour enfants et adultes et un rythme de vacances plus calme.\"\n}\n},\n{\n\"@type\":\"Question\",\n\"name\":\"O\u00f9 s\u00e9journer en Ari\u00e8ge avec des enfants ?\",\n\"acceptedAnswer\":{\n\"@type\":\"Answer\",\n\"text\":\"Un camping familial pr\u00e8s de Foix permet de profiter d\u2019activit\u00e9s nature, d\u2019une piscine et d\u2019un acc\u00e8s facile aux grands sites touristiques ari\u00e9geois.\"\n}\n},\n{\n\"@type\":\"Question\",\n\"name\":\"Peut-on visiter l\u2019Ari\u00e8ge avec de jeunes enfants ?\",\n\"acceptedAnswer\":{\n\"@type\":\"Answer\",\n\"text\":\"Oui, l\u2019Ari\u00e8ge propose de nombreuses sorties faciles : promenades, march\u00e9s, aires de jeux, visites ludiques et activit\u00e9s nature.\"\n}\n},\n{\n\"@type\":\"Question\",\n\"name\":\"L\u2019Ari\u00e8ge est-elle adapt\u00e9e pour un week-end depuis Toulouse ?\",\n\"acceptedAnswer\":{\n\"@type\":\"Answer\",\n\"text\":\"Oui, Foix se situe \u00e0 environ une heure de Toulouse, ce qui en fait une destination id\u00e9ale pour un court s\u00e9jour nature en famille.\"\n}\n}\n]\n}\n\n]\n}\n<\/script>\n<\/div>\n<\/div>\n","protected":false},"excerpt":{"rendered":"<p>Camping du lac \u00e0 foix &#8211; ariEgE 09 Weekend in Foix, For May 08 What to do around Foix May 08 weekend? The weekend of May 08 is one of the best times to discover Ari\u00e8ge without the summer crowds. In 2026, May 8th falls on a Friday: ideal for arriving in Foix, taking advantage [&hellip;]<\/p>\n","protected":false},"author":1,"featured_media":3255,"comment_status":"closed","ping_status":"closed","sticky":false,"template":"","format":"standard","meta":{"_acf_changed":false,"_seopress_robots_primary_cat":"none","_seopress_titles_title":"May 08 weekend in Ari\u00e8ge: what to do with the family?","_seopress_titles_desc":"What to do around Foix on the weekend of May 08 with your family and children?","_seopress_robots_index":"","ouverture":"","nombre_de_locations":"","nombre_demplacements":"","adresse":"","numero_de_telephone":"","email":"","url_du_site":"","footnotes":""},"categories":[19],"tags":[],"class_list":["post-8228","post","type-post","status-publish","format-standard","has-post-thumbnail","hentry","category-actualites"],"acf":[],"_links":{"self":[{"href":"https:\/\/www.vap-camping.fr\/en\/wp-json\/wp\/v2\/posts\/8228","targetHints":{"allow":["GET"]}}],"collection":[{"href":"https:\/\/www.vap-camping.fr\/en\/wp-json\/wp\/v2\/posts"}],"about":[{"href":"https:\/\/www.vap-camping.fr\/en\/wp-json\/wp\/v2\/types\/post"}],"author":[{"embeddable":true,"href":"https:\/\/www.vap-camping.fr\/en\/wp-json\/wp\/v2\/users\/1"}],"replies":[{"embeddable":true,"href":"https:\/\/www.vap-camping.fr\/en\/wp-json\/wp\/v2\/comments?post=8228"}],"version-history":[{"count":1,"href":"https:\/\/www.vap-camping.fr\/en\/wp-json\/wp\/v2\/posts\/8228\/revisions"}],"predecessor-version":[{"id":8231,"href":"https:\/\/www.vap-camping.fr\/en\/wp-json\/wp\/v2\/posts\/8228\/revisions\/8231"}],"wp:featuredmedia":[{"embeddable":true,"href":"https:\/\/www.vap-camping.fr\/en\/wp-json\/wp\/v2\/media\/3255"}],"wp:attachment":[{"href":"https:\/\/www.vap-camping.fr\/en\/wp-json\/wp\/v2\/media?parent=8228"}],"wp:term":[{"taxonomy":"category","embeddable":true,"href":"https:\/\/www.vap-camping.fr\/en\/wp-json\/wp\/v2\/categories?post=8228"},{"taxonomy":"post_tag","embeddable":true,"href":"https:\/\/www.vap-camping.fr\/en\/wp-json\/wp\/v2\/tags?post=8228"}],"curies":[{"name":"wp","href":"https:\/\/api.w.org\/{rel}","templated":true}]}}