{"id":6046,"date":"2026-01-15T14:32:16","date_gmt":"2026-01-15T14:32:16","guid":{"rendered":"https:\/\/www.vap-camping.fr\/coming-soon\/"},"modified":"2026-02-23T13:14:46","modified_gmt":"2026-02-23T13:14:46","slug":"coming-soon","status":"publish","type":"post","link":"https:\/\/www.vap-camping.fr\/es\/coming-soon\/","title":{"rendered":"\u00a1Noticias de Foix!"},"content":{"rendered":"\n<div class=\"wp-block-group alignfull is-layout-flow wp-container-core-group-is-layout-12cc3699 wp-block-group-is-layout-flow\" style=\"padding-top:10rem\">\n<div class=\"wp-block-group has-global-padding is-layout-constrained wp-container-core-group-is-layout-2931b900 wp-block-group-is-layout-constrained\">\n<div class=\"wp-block-columns alignfull are-vertically-aligned-center is-layout-flex wp-container-core-columns-is-layout-0c0b91ec wp-block-columns-is-layout-flex\">\n<div class=\"wp-block-column is-vertically-aligned-center leftRight is-layout-flow wp-container-core-column-is-layout-58dbe9e9 wp-block-column-is-layout-flow\" style=\"padding-left:10rem;flex-basis:40%\">\n<div class=\"wp-block-group is-style-title-left is-layout-flow wp-block-group-is-layout-flow is-style-title-left--1\">\n<p class=\"has-secondary-color has-text-color has-link-color has-secondary-font-family has-xl-font-size wp-elements-ad6ae54ea51c8c0e521d0eecec4bbbea\">Temporada 2026  <\/p>\n\n\n\n<p class=\"has-primary-color has-text-color has-link-color has-primary-font-family has-sm-font-size wp-elements-0cb3481b4646764e7338c582fdfafda1\" style=\"text-transform:uppercase\"><strong>rumbo a Foix<\/strong><\/p>\n<\/div>\n\n\n\n<h1 class=\"wp-block-heading text-title\">\u00a1Pronto empieza de nuevo la temporada en el Camping du Lac de Foix!<\/h1>\n\n\n\n<p class=\"has-m-font-size\" style=\"padding-left:2rem\">En cuanto llegue la primavera, volver\u00e1s a sentir el esp\u00edritu vacacional de Ari\u00e8ge, con su mezcla de naturaleza, confort y ambiente acogedor. Es el momento perfecto para planificar tus fines de semana y vacaciones de marzo a octubre, cuando la regi\u00f3n est\u00e1 en su m\u00e1ximo esplendor&#8230; y los d\u00edas se alargan. <\/p>\n<\/div>\n\n\n\n<div class=\"wp-block-column is-vertically-aligned-center rightLeft wp-block-image alignright size-large has-custom-border is-style-simple-right is-layout-flow wp-block-column-is-layout-flow is-style-simple-right--2\" style=\"border-style:none;border-width:0px;padding-top:0;padding-right:0;padding-bottom:0;padding-left:0;flex-basis:50%\">\n<figure class=\"wp-block-image alignright size-large is-style-default\"><img alt=\"\" decoding=\"async\" width=\"1024\" height=\"767\" src=\"https:\/\/www.vap-camping.fr\/wp-content\/uploads\/2026\/01\/dji_0568-1024x767.jpg\" alt=\"\" class=\"wp-image-6881\" srcset=\"https:\/\/www.vap-camping.fr\/wp-content\/uploads\/2026\/01\/dji_0568-1024x767.jpg 1024w, https:\/\/www.vap-camping.fr\/wp-content\/uploads\/2026\/01\/dji_0568-600x450.jpg 600w, https:\/\/www.vap-camping.fr\/wp-content\/uploads\/2026\/01\/dji_0568-768x575.jpg 768w, https:\/\/www.vap-camping.fr\/wp-content\/uploads\/2026\/01\/dji_0568-1536x1151.jpg 1536w, https:\/\/www.vap-camping.fr\/wp-content\/uploads\/2026\/01\/dji_0568-2048x1534.jpg 2048w\" sizes=\"(max-width: 1024px) 100vw, 1024px\" \/><\/figure>\n<\/div>\n<\/div>\n<\/div>\n\n\n\n<div class=\"wp-block-group has-global-padding is-layout-constrained wp-container-core-group-is-layout-2931b900 wp-block-group-is-layout-constrained\">\n<div class=\"wp-block-columns alignfull are-vertically-aligned-center is-layout-flex wp-container-core-columns-is-layout-0c0b91ec wp-block-columns-is-layout-flex\">\n<div class=\"wp-block-column is-vertically-aligned-center leftRight has-global-padding is-layout-constrained wp-container-core-column-is-layout-3b0bb819 wp-block-column-is-layout-constrained\" style=\"padding-left:10rem;flex-basis:100%\">\n<div class=\"wp-block-group is-style-title-left is-layout-flow wp-block-group-is-layout-flow is-style-title-left--3\">\n<p class=\"has-secondary-color has-text-color has-link-color has-secondary-font-family has-xl-font-size wp-elements-1a2e372dd8a82b2ce731dae9dfe5d3a9\">De un vistazo<\/p>\n\n\n\n<p class=\"has-primary-color has-text-color has-link-color has-primary-font-family has-sm-font-size wp-elements-9becd3d9acbfaef51c493d3c3b580ac5\" style=\"text-transform:uppercase\"><strong>Para tus pr\u00f3ximas vacaciones  <\/strong><\/p>\n<\/div>\n\n\n\n<p>\ud83d\ude80 <strong>Gu\u00eda<\/strong>: elige tu estancia en Foix seg\u00fan tu ritmo y tus deseos<\/p>\n\n\n\n<p>\ud83c\udfaf <strong>\u00bfA qui\u00e9n va dirigido?<\/strong> Familias, parejas, amigos, grupos (escuelas, universidades, asociaciones, deportistas)<\/p>\n\n\n\n<p>\u2b50 <strong>Activos<\/strong>: camping 4 estrellas, ambiente acogedor, piscina, orilla del r\u00edo<\/p>\n\n\n\n<p>\ud83d\udeb2 <strong>Bonus de movilidad suave<\/strong>: f\u00e1cil acceso a la <strong>Voie Verte<\/strong> (\u2248 1 km)  <\/p>\n\n\n\n<p>\ud83d\udccc <strong>Visita obligada<\/strong>: <strong>Castillo de Foix<\/strong>, cerca <strong>del r\u00edo subterr\u00e1neo Labouiche <\/strong>  <\/p>\n<\/div>\n<\/div>\n<\/div>\n\n\n\n<div class=\"wp-block-group has-global-padding is-layout-constrained wp-container-core-group-is-layout-2931b900 wp-block-group-is-layout-constrained\">\n<div class=\"wp-block-columns alignfull are-vertically-aligned-center is-layout-flex wp-container-core-columns-is-layout-0c0b91ec wp-block-columns-is-layout-flex\">\n<div class=\"wp-block-column is-vertically-aligned-center leftRight is-layout-flow wp-container-core-column-is-layout-58dbe9e9 wp-block-column-is-layout-flow\" style=\"padding-left:10rem;flex-basis:100%\">\n<div class=\"wp-block-group is-style-title-left is-layout-flow wp-block-group-is-layout-flow is-style-title-left--4\">\n<p class=\"has-secondary-color has-text-color has-link-color has-secondary-font-family has-xl-font-size wp-elements-c8b0f3e5c24ff528adaebb26bb926dff\"><strong>Los 4 itinerarios de vacaciones<\/strong><\/p>\n\n\n\n<p class=\"has-primary-color has-text-color has-link-color has-primary-font-family has-sm-font-size wp-elements-9a11eb1bf5a5376fc0c5446c4b87b417\" style=\"text-transform:uppercase\"><strong>  los m\u00e1s populares<\/strong><\/p>\n<\/div>\n\n\n\n<p><\/p>\n\n\n\n<h3 class=\"wp-block-heading\">1) La ruta &#8220;fin de semana expr\u00e9s&#8221; (2 d\u00edas, sin quebraderos de cabeza)<\/h3>\n\n\n\n<p>Buscas una escapada corta que realmente te deje tranquilo: llegada, instalarte, piscina, y luego descubrir Foix a tu ritmo. La idea es sencilla: <strong>disfrutar de un gran cl\u00e1sico<\/strong> (el castillo + la ciudad) sin correr, y dejar algo de tiempo para relajarte en el camping. <\/p>\n\n\n\n<h3 class=\"wp-block-heading\">2) La ruta &#8220;familiar relajante&#8221; (de 3 a 7 d\u00edas, ritmo suave)<\/h3>\n\n\n\n<p class=\"has-s-font-size\">Prefieres unas vacaciones f\u00e1ciles: nadar, pasar tiempo juntos, salidas cortas, siestas y helados improvisados. Este formato funciona muy bien si te gusta alternar <strong>una salida al d\u00eda<\/strong> (no m\u00e1s) con tardes m\u00e1s tranquilas en el camping, sobre todo cuando hace calor. <\/p>\n\n\n\n<h3 class=\"wp-block-heading\">3) La ruta &#8220;ciclismo y movilidad suave&#8221; (las vacaciones sin coche)<\/h3>\n\n\n\n<p>Si te gusta moverte sin estr\u00e9s, la voie verte ser\u00e1 tu gu\u00eda para paseos accesibles, escapadas de picnic y peque\u00f1as aventuras junto al agua. Este formato es perfecto si buscas un destino en el que puedas <strong>caminar, montar en bici, respirar<\/strong> y mantener una log\u00edstica sencilla. <\/p>\n\n\n\n<h3 class=\"wp-block-heading\">4) La ruta &#8220;en grupo&#8221; (estancia organizada y eficaz)<\/h3>\n\n\n\n<p>Si vienes como parte de una escuela, universidad, asociaci\u00f3n o equipo deportivo, necesitar\u00e1s un lugar pr\u00e1ctico, acogedor y bien situado para una sucesi\u00f3n de actividades y excursiones. En este caso, el Camping du Lac funciona como un <strong>campamento base<\/strong>: os reun\u00eds, compart\u00eds, os recuper\u00e1is&#8230; y os march\u00e1is al d\u00eda siguiente con un programa claro. <\/p>\n<\/div>\n\n\n\n<div class=\"wp-block-column is-layout-flow wp-block-column-is-layout-flow\"><\/div>\n<\/div>\n<\/div>\n\n\n\n<div class=\"wp-block-group has-global-padding is-layout-constrained wp-container-core-group-is-layout-2931b900 wp-block-group-is-layout-constrained\">\n<div class=\"wp-block-columns alignfull are-vertically-aligned-center is-layout-flex wp-container-core-columns-is-layout-0c0b91ec wp-block-columns-is-layout-flex\">\n<div class=\"wp-block-column is-vertically-aligned-center leftRight is-layout-flow wp-container-core-column-is-layout-58dbe9e9 wp-block-column-is-layout-flow\" style=\"padding-left:10rem;flex-basis:100%\">\n<div class=\"wp-block-group is-style-title-left is-layout-flow wp-block-group-is-layout-flow is-style-title-left--5\">\n<p class=\"has-secondary-color has-text-color has-link-color has-secondary-font-family has-xl-font-size wp-elements-ac4caa15cce15b25ca61f05c3bf082d3\"><strong>Informaci\u00f3n pr\u00e1ctica<\/strong><\/p>\n\n\n\n<p class=\"has-primary-color has-text-color has-link-color has-primary-font-family has-sm-font-size wp-elements-2f9d7aa16807babac3e5f3253057cc08\" style=\"text-transform:uppercase\"><strong>  para una estancia satisfactoria<\/strong><\/p>\n<\/div>\n\n\n\n<p>\ud83d\udca1Periodo m\u00e1s popular: de mayo a septiembre (recuerda planificarlo con antelaci\u00f3n)<\/p>\n\n\n\n<p>\ud83d\udca1 Qu\u00e9 llevar: calzado c\u00f3modo, gorra, crema solar y una lista de control &#8220;piscina + paseos&#8221;.<\/p>\n\n\n\n<p>\ud83d\udca1Tip: si vienes en temporada alta, reserva algunas ma\u00f1anas de &#8220;turismo&#8221; y tardes de &#8220;relax&#8221; para evitar el cansancio y disfrutar de las cosas durante m\u00e1s tiempo.  <\/p>\n\n\n\n<p><\/p>\n<\/div>\n<\/div>\n<\/div>\n\n\n\n<div class=\"wp-block-group has-global-padding is-layout-constrained wp-container-core-group-is-layout-2931b900 wp-block-group-is-layout-constrained\">\n<div class=\"wp-block-columns alignfull are-vertically-aligned-center is-layout-flex wp-container-core-columns-is-layout-0c0b91ec wp-block-columns-is-layout-flex\">\n<div class=\"wp-block-column is-vertically-aligned-center leftRight is-layout-flow wp-container-core-column-is-layout-58dbe9e9 wp-block-column-is-layout-flow\" style=\"padding-left:10rem;flex-basis:100%\">\n<div class=\"wp-block-group is-style-title-left is-layout-flow wp-block-group-is-layout-flow is-style-title-left--6\">\n<p class=\"has-secondary-color has-text-color has-link-color has-secondary-font-family has-xl-font-size wp-elements-962768d40db3e432455c589eeb57ab82\"><strong>F Y Q<\/strong><\/p>\n\n\n\n<p class=\"has-primary-color has-text-color has-link-color has-primary-font-family has-sm-font-size wp-elements-ea68fe5ab70d6ed7698f5e5c16a8b343\" style=\"text-transform:uppercase\"><strong>tus preguntas m\u00e1s frecuentes<\/strong><\/p>\n<\/div>\n\n\n\n<p> <strong>\u00bfQu\u00e9 ruta debes elegir si llevas ni\u00f1os?<\/strong><br\/>La v\u00eda de la &#8220;relajaci\u00f3n familiar&#8221; es la m\u00e1s sencilla: salidas cortas + piscina + tiempo libre, sin una agenda demasiado apretada.<\/p>\n\n\n\n<p><strong>\u00bfQu\u00e9 ruta debes elegir si quieres visitar Foix en concreto?<\/strong><br\/>El itinerario &#8220;fin de semana expr\u00e9s&#8221; (o una versi\u00f3n de 3 d\u00edas) te permite hacer lo esencial sin correr: castillo, centro de la ciudad, pausas gastron\u00f3micas, y luego de vuelta al camping para descansar.<\/p>\n\n\n\n<p><strong>\u00bfQu\u00e9 itinerario debes elegir si vienes en grupo (colegio, universidad, asociaci\u00f3n, equipo deportivo)?<\/strong><br\/>La ruta &#8220;en grupo&#8221; es la m\u00e1s adecuada: ganas en organizaci\u00f3n, comodidad y cohesi\u00f3n, con un punto de encuentro pr\u00e1ctico para todos.<\/p>\n\n\n\n<p><strong>\u00bfEst\u00e1 bien situado el Camping du Lac para descubrir Foix sin conducir demasiado?<\/strong><br\/>S\u00ed: est\u00e1s a la entrada de Foix, lo que significa trayectos m\u00e1s cortos, y la parada del autob\u00fas lanzadera para el centro de la ciudad y la estaci\u00f3n est\u00e1 a s\u00f3lo 3 minutos a pie.<\/p>\n\n\n\n<p><strong>\u00bfEs un camping adecuado si quieres desplazarte en bicicleta?<\/strong><br\/>S\u00ed: la Voie Verte est\u00e1 cerca (a 1 km aproximadamente), por lo que es f\u00e1cil disfrutar del ciclismo y el senderismo sin estr\u00e9s.<\/p>\n\n\n\n<p><strong>\u00bfCu\u00e1nto tiempo se tarda en disfrutar realmente de Foix?<\/strong><br\/>En 2 d\u00edas, puedes hacer todo lo esencial. En 3 a 5 d\u00edas, puedes aprovechar al m\u00e1ximo tus vacaciones (piscina + visitas + paseos). En 1 semana, puedes permitirte el lujo de no precipitarte en nada.  <\/p>\n\n\n\n<p><strong>\u00bfCu\u00e1ndo es el mejor momento para venir?<\/strong><br\/>De mayo a septiembre, puedes aprovechar al m\u00e1ximo el ambiente veraniego y la piscina. Si buscas una \u00e9poca m\u00e1s tranquila, busca marzo\/abril o septiembre\/octubre. <\/p>\n\n\n\n<p><strong>\u00bfTengo que reservar con antelaci\u00f3n?<\/strong><br\/>En temporada alta, s\u00ed: cuanto antes reserves, mayor ser\u00e1 la oferta de alojamientos y parcelas.<\/p>\n\n\n\n<p><strong>\u00bfC\u00f3mo puedes organizar tus d\u00edas para evitar la fatiga (especialmente en verano)?<\/strong><br\/>Lo mejor: hacer turismo por la ma\u00f1ana, nadar\/dormir la siesta por la tarde y una excursi\u00f3n suave al final del d\u00eda. Aprovechas al m\u00e1ximo tus vacaciones, sin tener que ponerte en modo marat\u00f3n. Y aprovecha la animaci\u00f3n del camping, con veladas tem\u00e1ticas en julio y agosto.    <\/p>\n\n\n\n<p><strong>Si es tu primera visita, \u00bfqu\u00e9 es absolutamente imprescindible?<\/strong><br\/>Empieza por Foix + el castillo, luego a\u00f1ade un paseo por la naturaleza (v\u00eda verde \/ ribera): es un combo &#8220;sin remordimientos&#8221;.<\/p>\n\n\n\n<p><strong>\u00bfEl camping es m\u00e1s adecuado para fiesteros o para familias?<\/strong><br\/>M\u00e1s para familias y viajeros a los que les gusta un ambiente agradable y relajado (sin buscar necesariamente un destino &#8220;muy festivo&#8221;).<\/p>\n\n\n\n<p><strong>\u00bfQu\u00e9 debes meter en la maleta para estar tranquilo?<\/strong><br\/>Imprescindible: calzado c\u00f3modo, gorra\/crema solar, ba\u00f1ador, mochila peque\u00f1a para las salidas y una chaqueta ligera para las noches.<\/p>\n<\/div>\n<\/div>\n<\/div>\n<\/div>\n\n<div class=\"wp-block-columns alignfull are-vertically-aligned-center is-layout-flex wp-container-core-columns-is-layout-0c0b91ec wp-block-columns-is-layout-flex\">\n<div class=\"wp-block-column is-layout-flow wp-block-column-is-layout-flow\"><\/div>\n\n\n\n<div class=\"wp-block-column is-layout-flow wp-block-column-is-layout-flow\"><\/div>\n<\/div>\n\n<div class=\"wp-block-group reveal has-global-padding is-layout-constrained wp-block-group-is-layout-constrained\">\n<div class=\"wp-block-group alignwide is-style-title-simple is-layout-flow wp-block-group-is-layout-flow is-style-title-simple--7\" style=\"margin-top:4rem;margin-bottom:4rem\">\n<p class=\"has-text-align-center has-secondary-color has-text-color has-link-color has-secondary-font-family has-xl-font-size wp-elements-62e8568cdda5d35834e57df913a15057\">\n Nuestros establecimientos<\/p>\n\n\n\n<p class=\"has-text-align-center has-primary-font-family has-sm-font-size\" style=\"text-transform:uppercase\">\n                <strong>cerca de<\/strong>\n            <\/p>\n<\/div>\n\n\n<div class=\"campings-wrapper is-layout-flow wp-block-slider-campings-is-layout-flow\">\n            <div class=\"campings-list\">\n                            <div class=\"camping-item\"\n                    style=\"background-image: linear-gradient(to top, rgba(0, 0, 0, 0.6), transparent), url('https:\/\/www.vap-camping.fr\/wp-content\/uploads\/2025\/04\/camping-avec-piscine-1024x767.jpg');\">\n                    <a href=\"https:\/\/www.vap-camping.fr\/es\/campings\/camping-du-lac\/\" title=\"Camping du lac(Foix)\" class=\"camping-link\">\n                        <p class=\"title\">Camping du lac(Foix)<\/p>\n                        <p class=\"camping-button\">Descubre<\/p>\n                    <\/a>\n                <\/div>\n                            <div class=\"camping-item\"\n                    style=\"background-image: linear-gradient(to top, rgba(0, 0, 0, 0.6), transparent), url('https:\/\/www.vap-camping.fr\/wp-content\/uploads\/2025\/07\/dji_0589-2-1024x767.jpg');\">\n                    <a href=\"https:\/\/www.vap-camping.fr\/es\/campings\/camping-la-bastide\/\" title=\"Camping la Bastide(Maz\u00e8res)\" class=\"camping-link\">\n                        <p class=\"title\">Camping la Bastide(Maz\u00e8res)<\/p>\n                        <p class=\"camping-button\">Descubre<\/p>\n                    <\/a>\n                <\/div>\n                            <div class=\"camping-item\"\n                    style=\"background-image: linear-gradient(to top, rgba(0, 0, 0, 0.6), transparent), url('https:\/\/www.vap-camping.fr\/wp-content\/uploads\/2025\/04\/dsc03930-1024x500.jpg');\">\n                    <a href=\"https:\/\/www.vap-camping.fr\/es\/campings\/camping-le-rupe\/\" title=\"Camping le Rup\u00e9(Toulouse)\" class=\"camping-link\">\n                        <p class=\"title\">Camping le Rup\u00e9(Toulouse)<\/p>\n                        <p class=\"camping-button\">Descubre<\/p>\n                    <\/a>\n                <\/div>\n                            <div class=\"camping-item\"\n                    style=\"background-image: linear-gradient(to top, rgba(0, 0, 0, 0.6), transparent), url('https:\/\/www.vap-camping.fr\/wp-content\/uploads\/2025\/04\/img_5291-1024x768-1.jpg');\">\n                    <a href=\"https:\/\/www.vap-camping.fr\/es\/campings\/oustalous-complex\/\" title=\"Complejo Les Oustalous\" class=\"camping-link\">\n                        <p class=\"title\">Complejo Les Oustalous<\/p>\n                        <p class=\"camping-button\">Descubre<\/p>\n                    <\/a>\n                <\/div>\n                            <div class=\"camping-item\"\n                    style=\"background-image: linear-gradient(to top, rgba(0, 0, 0, 0.6), transparent), url('https:\/\/www.vap-camping.fr\/wp-content\/uploads\/2025\/04\/4479-1024x461.jpeg');\">\n                    <a href=\"https:\/\/www.vap-camping.fr\/es\/campings\/camping-le-bourdieu\/\" title=\"Camping Le Bourdieu\" class=\"camping-link\">\n                        <p class=\"title\">Camping Le Bourdieu<\/p>\n                        <p class=\"camping-button\">Descubre<\/p>\n                    <\/a>\n                <\/div>\n                    <\/div>\n    <\/div>\n\n<\/div>\n","protected":false},"excerpt":{"rendered":"<p>Descubre nuestras noticias sobre el camping Foix VAP haciendo clic en el enlace anterior.  <\/p>\n","protected":false},"author":1,"featured_media":6878,"comment_status":"open","ping_status":"open","sticky":false,"template":"","format":"standard","meta":{"_acf_changed":false,"_seopress_robots_primary_cat":"none","_seopress_titles_title":"","_seopress_titles_desc":"","_seopress_robots_index":"","ouverture":"","nombre_de_locations":"","nombre_demplacements":"","adresse":"","numero_de_telephone":"","email":"","url_du_site":"","footnotes":""},"categories":[77],"tags":[],"class_list":["post-6046","post","type-post","status-publish","format-standard","has-post-thumbnail","hentry","category-noticias"],"acf":[],"_links":{"self":[{"href":"https:\/\/www.vap-camping.fr\/es\/wp-json\/wp\/v2\/posts\/6046","targetHints":{"allow":["GET"]}}],"collection":[{"href":"https:\/\/www.vap-camping.fr\/es\/wp-json\/wp\/v2\/posts"}],"about":[{"href":"https:\/\/www.vap-camping.fr\/es\/wp-json\/wp\/v2\/types\/post"}],"author":[{"embeddable":true,"href":"https:\/\/www.vap-camping.fr\/es\/wp-json\/wp\/v2\/users\/1"}],"replies":[{"embeddable":true,"href":"https:\/\/www.vap-camping.fr\/es\/wp-json\/wp\/v2\/comments?post=6046"}],"version-history":[{"count":3,"href":"https:\/\/www.vap-camping.fr\/es\/wp-json\/wp\/v2\/posts\/6046\/revisions"}],"predecessor-version":[{"id":7183,"href":"https:\/\/www.vap-camping.fr\/es\/wp-json\/wp\/v2\/posts\/6046\/revisions\/7183"}],"wp:featuredmedia":[{"embeddable":true,"href":"https:\/\/www.vap-camping.fr\/es\/wp-json\/wp\/v2\/media\/6878"}],"wp:attachment":[{"href":"https:\/\/www.vap-camping.fr\/es\/wp-json\/wp\/v2\/media?parent=6046"}],"wp:term":[{"taxonomy":"category","embeddable":true,"href":"https:\/\/www.vap-camping.fr\/es\/wp-json\/wp\/v2\/categories?post=6046"},{"taxonomy":"post_tag","embeddable":true,"href":"https:\/\/www.vap-camping.fr\/es\/wp-json\/wp\/v2\/tags?post=6046"}],"curies":[{"name":"wp","href":"https:\/\/api.w.org\/{rel}","templated":true}]}}