{"id":7593,"date":"2026-02-26T15:33:24","date_gmt":"2026-02-26T15:33:24","guid":{"rendered":"https:\/\/www.vap-camping.fr\/decouvrez-5-randonnees-faciles-et-panoramiques-pres-du-camping-du-lac-a-foix-pour-un-printemps-2026-en-famille-inoubliable\/"},"modified":"2026-03-11T20:28:54","modified_gmt":"2026-03-11T20:28:54","slug":"decouvrez-5-randonnees-faciles-et-panoramiques-pres-du-camping-du-lac-a-foix-pour-un-printemps-2026-en-famille-inoubliable","status":"publish","type":"post","link":"https:\/\/www.vap-camping.fr\/es\/decouvrez-5-randonnees-faciles-et-panoramiques-pres-du-camping-du-lac-a-foix-pour-un-printemps-2026-en-famille-inoubliable\/","title":{"rendered":"Paseos de primavera"},"content":{"rendered":"\n<div class=\"wp-block-group alignfull is-layout-flow wp-container-core-group-is-layout-12cc3699 wp-block-group-is-layout-flow\" style=\"padding-top:10rem\">\n<div class=\"wp-block-group has-global-padding is-layout-constrained wp-container-core-group-is-layout-2931b900 wp-block-group-is-layout-constrained\">\n<div class=\"wp-block-columns alignfull are-vertically-aligned-center is-layout-flex wp-container-core-columns-is-layout-0c0b91ec wp-block-columns-is-layout-flex\">\n<div class=\"wp-block-column is-vertically-aligned-center leftRight is-layout-flow wp-container-core-column-is-layout-58dbe9e9 wp-block-column-is-layout-flow\" style=\"padding-left:10rem;flex-basis:40%\">\n<div class=\"wp-block-group is-style-title-left is-layout-flow wp-block-group-is-layout-flow is-style-title-left--1\">\n<p class=\"has-secondary-color has-text-color has-link-color has-secondary-font-family has-xl-font-size wp-elements-d78e62a7dd33543c4d9e470df17884d1\">Primavera 2026<\/p>\n\n\n\n<p class=\"has-primary-color has-text-color has-link-color has-primary-font-family has-sm-font-size wp-elements-26888e9e54b5348d662dc87927d9cc3f\" style=\"text-transform:uppercase\"><strong>qu\u00e9 hacer en los alrededores de Foix<\/strong><\/p>\n<\/div>\n\n\n\n<h1 class=\"wp-block-heading text-title\">Los 5 mejores paseos familiares por los alrededores del Camping du Lac en Foix (Ari\u00e8ge) en primavera de 2026<\/h1>\n\n\n\n<p class=\"has-m-font-size\" style=\"padding-left:2rem\">Aprovecha la primavera de 2026 para descubrir con toda la familia los paseos m\u00e1s bonitos de los alrededores del Camping du Lac de Foix. Estos 5 paseos f\u00e1ciles y pintorescos son ideales para combinar naturaleza, descubrimiento y compartir tiempo con amigos y familiares en un entorno natural intacto. <\/p>\n<\/div>\n\n\n\n<div class=\"wp-block-column is-vertically-aligned-center rightLeft wp-block-image alignright size-large has-custom-border is-style-simple-right is-layout-flow wp-block-column-is-layout-flow is-style-simple-right--2\" style=\"border-style:none;border-width:0px;padding-top:0;padding-right:0;padding-bottom:0;padding-left:0;flex-basis:50%\">\n<figure class=\"wp-block-image alignright size-large is-style-default\"><img alt=\"\" decoding=\"async\" width=\"1024\" height=\"683\" src=\"https:\/\/www.vap-camping.fr\/wp-content\/uploads\/2025\/05\/AdobeStock_871143843-1024x683.jpeg\" alt=\"\" class=\"wp-image-1247\" srcset=\"https:\/\/www.vap-camping.fr\/wp-content\/uploads\/2025\/05\/AdobeStock_871143843-1024x683.jpeg 1024w, https:\/\/www.vap-camping.fr\/wp-content\/uploads\/2025\/05\/AdobeStock_871143843-600x400.jpeg 600w, https:\/\/www.vap-camping.fr\/wp-content\/uploads\/2025\/05\/AdobeStock_871143843-768x512.jpeg 768w, https:\/\/www.vap-camping.fr\/wp-content\/uploads\/2025\/05\/AdobeStock_871143843-1536x1024.jpeg 1536w, https:\/\/www.vap-camping.fr\/wp-content\/uploads\/2025\/05\/AdobeStock_871143843-2048x1365.jpeg 2048w\" sizes=\"(max-width: 1024px) 100vw, 1024px\" \/><\/figure>\n<\/div>\n<\/div>\n<\/div>\n\n\n\n<div class=\"wp-block-group has-global-padding is-layout-constrained wp-container-core-group-is-layout-2931b900 wp-block-group-is-layout-constrained\">\n<div class=\"wp-block-columns alignfull are-vertically-aligned-center is-layout-flex wp-container-core-columns-is-layout-0c0b91ec wp-block-columns-is-layout-flex\">\n<div class=\"wp-block-column is-vertically-aligned-center leftRight has-global-padding is-content-justification-left is-layout-constrained wp-container-core-column-is-layout-06d1de8d wp-block-column-is-layout-constrained\" style=\"padding-left:10rem;flex-basis:100%\">\n<div class=\"wp-block-group is-style-title-left is-layout-flow wp-block-group-is-layout-flow is-style-title-left--3\">\n<p class=\"has-secondary-color has-text-color has-link-color has-secondary-font-family has-xl-font-size wp-elements-c0c11c0f8680576a1772ffcb1be78126\">En pocas palabras<\/p>\n\n\n\n<p class=\"has-primary-color has-text-color has-link-color has-primary-font-family has-sm-font-size wp-elements-f428c966a9f1462f8aa9d602f8f07d60\" style=\"text-transform:uppercase\"><strong>en estos viajes  <\/strong><\/p>\n<\/div>\n\n\n\n<p>\ud83c\udfaf Gu\u00eda de 5 paseos familiares<\/p>\n\n\n\n<p>\ud83d\udc65 Parejas deportistas, familias con ni\u00f1os<\/p>\n\n\n\n<p>\ud83d\udccd Cerca del Camping du Lac, Foix (Ari\u00e8ge)<\/p>\n\n\n\n<p>\ud83d\udcc5 Primavera 2026<\/p>\n\n\n\n<p>\u2728 Rutas f\u00e1ciles, vistas panor\u00e1micas, naturaleza accesible<\/p>\n<\/div>\n\n\n\n<div class=\"wp-block-column is-vertically-aligned-center rightLeft wp-block-image alignright size-large has-custom-border is-style-simple-right is-layout-flow wp-block-column-is-layout-flow is-style-simple-right--4\" style=\"border-style:none;border-width:0px;padding-top:0;padding-right:0;padding-bottom:0;padding-left:0;flex-basis:50%\">\n<figure class=\"wp-block-image size-large\"><img decoding=\"async\" width=\"1024\" height=\"683\" src=\"https:\/\/www.vap-camping.fr\/wp-content\/uploads\/2026\/02\/camping-riviere-ariege-1024x683.webp\" alt=\"reserva tus vacaciones de camping junto a un lago o un r&#xED;o en Ari&#xE8;ge\" class=\"wp-image-7422\" srcset=\"https:\/\/www.vap-camping.fr\/wp-content\/uploads\/2026\/02\/camping-riviere-ariege-1024x683.webp 1024w, https:\/\/www.vap-camping.fr\/wp-content\/uploads\/2026\/02\/camping-riviere-ariege-600x400.webp 600w, https:\/\/www.vap-camping.fr\/wp-content\/uploads\/2026\/02\/camping-riviere-ariege-768x512.webp 768w, https:\/\/www.vap-camping.fr\/wp-content\/uploads\/2026\/02\/camping-riviere-ariege-1536x1024.webp 1536w, https:\/\/www.vap-camping.fr\/wp-content\/uploads\/2026\/02\/camping-riviere-ariege.webp 1920w\" sizes=\"(max-width: 1024px) 100vw, 1024px\" \/><\/figure>\n<\/div>\n<\/div>\n<\/div>\n\n\n\n<div class=\"wp-block-group has-global-padding is-layout-constrained wp-container-core-group-is-layout-2931b900 wp-block-group-is-layout-constrained\">\n<div class=\"wp-block-columns alignfull are-vertically-aligned-center is-layout-flex wp-container-core-columns-is-layout-0c0b91ec wp-block-columns-is-layout-flex\">\n<div class=\"wp-block-column is-vertically-aligned-center leftRight is-layout-flow wp-container-core-column-is-layout-58dbe9e9 wp-block-column-is-layout-flow\" style=\"padding-left:10rem;flex-basis:100%\">\n<div class=\"wp-block-group is-style-title-left is-layout-flow wp-block-group-is-layout-flow is-style-title-left--5\">\n<p class=\"has-secondary-color has-text-color has-link-color has-secondary-font-family has-xl-font-size wp-elements-bfda985dfdc4f7d3baa90b53f8494a9f\"><strong>Los 5 paseos familiares<\/strong><\/p>\n\n\n\n<p class=\"has-primary-color has-text-color has-link-color has-primary-font-family has-sm-font-size wp-elements-8c42e8aef1b1369b619796f39eb04ca0\" style=\"text-transform:uppercase\"><strong>  m\u00e1s populares alrededor de Foix<\/strong> <\/p>\n<\/div>\n\n\n\n<p><\/p>\n\n\n\n<h3 class=\"wp-block-heading\">1) Camino de Saint-Sauveur (Foix)<\/h3>\n\n\n\n<p>Este paseo en bucle o ida y vuelta de unos 5 km dura entre una hora y media y dos horas. Ofrece una incre\u00edble vista panor\u00e1mica de la ciudad de Foix y del valle que hay debajo, ideal para motivar a los ni\u00f1os que son un poco andarines. El sendero est\u00e1 bien se\u00f1alizado y es accesible incluso para principiantes. Perfecto para una excursi\u00f3n familiar en primavera cerca del camping.   <\/p>\n\n\n\n<h3 class=\"wp-block-heading\">2) Les Terrasses du Pech (Foix)<\/h3>\n\n\n\n<p class=\"has-s-font-size\">Con s\u00f3lo 1 \u00f3 2 km para recorrer en unos 45 minutos, este corto paseo es una verdadera ventaja para las familias con ni\u00f1os peque\u00f1os o cochecitos todoterreno. Es f\u00e1cil y agradable, con vistas de la ciudad medieval de Foix desde varios miradores, y un mont\u00f3n de descansos adecuados para los m\u00e1s peque\u00f1os. <\/p>\n\n\n\n<h3 class=\"wp-block-heading\">3) Tour de Vals (Varilhes)<\/h3>\n\n\n\n<p>Este f\u00e1cil sendero de unos 6 \u00f3 7 km, o 2 \u00f3 2 horas y media de marcha, atraviesa un tranquilo valle boscoso. Accesible en transporte p\u00fablico desde Foix, tiene un aire tranquilo y natural, perfecto para los senderistas deportistas que buscan algo fuera de los caminos trillados, sin dejar de ser accesible para las familias. <\/p>\n\n\n\n<h3 class=\"wp-block-heading\">4) El camino del Moulin de la Laur\u00e8de (Burret)<\/h3>\n\n\n\n<p>Se trata de un paseo corto por el bosque de 1,6 km, de unos 45 minutos de duraci\u00f3n, muy f\u00e1cil y perfectamente adecuado para ni\u00f1os peque\u00f1os o para quienes deseen iniciarse en el senderismo. Gracias a su suave pendiente, este sendero es una forma ideal de descubrir la naturaleza local en un entorno relajante. <\/p>\n\n\n\n<h3 class=\"wp-block-heading\">5) Chemin de l&#8217;\u00c2ne Gris \/ Paseos por el bosque (Ari\u00e8ge)<\/h3>\n\n\n\n<p>Esta red de senderos se\u00f1alizados alrededor de Foix y los pueblos vecinos ofrece una serie de circuitos aptos para familias, de 2 a 6 km de longitud, y de 1 a 3 horas de duraci\u00f3n, seg\u00fan la ruta elegida. Entre bosques, estanques y charcas, estos paseos ofrecen una inmersi\u00f3n total en la naturaleza del Ari\u00e8ge, accesible a todos los niveles. <\/p>\n<\/div>\n\n\n\n<div class=\"wp-block-column is-layout-flow wp-block-column-is-layout-flow\"><\/div>\n<\/div>\n<\/div>\n\n\n\n<div class=\"wp-block-group has-global-padding is-layout-constrained wp-container-core-group-is-layout-2931b900 wp-block-group-is-layout-constrained\">\n<div class=\"wp-block-columns alignfull are-vertically-aligned-center is-layout-flex wp-container-core-columns-is-layout-0c0b91ec wp-block-columns-is-layout-flex\">\n<div class=\"wp-block-column is-vertically-aligned-center leftRight is-layout-flow wp-container-core-column-is-layout-58dbe9e9 wp-block-column-is-layout-flow\" style=\"padding-left:10rem;flex-basis:100%\">\n<div class=\"wp-block-group is-style-title-left is-layout-flow wp-block-group-is-layout-flow is-style-title-left--6\">\n<p class=\"has-secondary-color has-text-color has-link-color has-secondary-font-family has-xl-font-size wp-elements-ac4caa15cce15b25ca61f05c3bf082d3\"><strong>Informaci\u00f3n pr\u00e1ctica<\/strong><\/p>\n\n\n\n<p class=\"has-primary-color has-text-color has-link-color has-primary-font-family has-sm-font-size wp-elements-2ebbd8262a39c1733fa64d89e8243311\" style=\"text-transform:uppercase\"><strong>para tus paseos<\/strong><\/p>\n<\/div>\n\n\n\n<p>\ud83d\udca1Periodo recomendado: primavera (de marzo a junio de 2026)<\/p>\n\n\n\n<p>\ud83d\udca1Zapatos de senderismo obligatorios para tu seguridad<\/p>\n\n\n\n<p>\ud83d\udca1Comprueba las marcas locales (pintura amarilla\/roja o se\u00f1ales).<\/p>\n\n\n\n<p>\ud83d\udca1Lleva agua y tentempi\u00e9s, sobre todo si vas de excursi\u00f3n con ni\u00f1os<\/p>\n\n\n\n<p>\ud83d\udca1Evita el tiempo muy caluroso, prefiriendo salir a primera hora de la ma\u00f1ana o a \u00faltima de la tarde.<\/p>\n\n\n\n<p><\/p>\n\n\n\n<p><\/p>\n<\/div>\n<\/div>\n<\/div>\n\n\n\n<div class=\"wp-block-columns alignfull are-vertically-aligned-center is-layout-flex wp-container-core-columns-is-layout-0c0b91ec wp-block-columns-is-layout-flex\">\n<div class=\"wp-block-column is-vertically-aligned-center leftRight is-layout-flow wp-container-core-column-is-layout-58dbe9e9 wp-block-column-is-layout-flow\" style=\"padding-left:10rem;flex-basis:100%\">\n<div class=\"wp-block-group is-style-title-left is-layout-flow wp-block-group-is-layout-flow is-style-title-left--7\">\n<p class=\"has-secondary-color has-text-color has-link-color has-secondary-font-family has-xl-font-size wp-elements-c0dc0378de47675ac84dd2cabdf2be4f\"><strong>Otra experiencia  <\/strong><\/p>\n\n\n\n<p class=\"has-primary-color has-text-color has-link-color has-primary-font-family has-sm-font-size wp-elements-b7096919664432512ed8a71f759c1570\" style=\"text-transform:uppercase\"><strong>alrededor del camping<\/strong><\/p>\n<\/div>\n\n\n\n<p>Adem\u00e1s de estos paseos, aprovecha la proximidad del Camping du Lac al centro de Foix para visitar su famoso castillo medieval, pasear por los mercados locales o probar el pirag\u00fcismo y el paddle surf en el r\u00edo Ari\u00e8ge. El camping tambi\u00e9n tiene una piscina al aire libre y un mont\u00f3n de entretenimiento de verano para toda la familia. <\/p>\n\n\n\n<p><\/p>\n\n\n\n<h2 class=\"wp-block-heading\">\ud83c\udfaf Reserva ahora tu estancia en el Camping du Lac<\/h2>\n\n\n\n<p>\u00bfPreparado para una aventura inolvidable en la naturaleza de Ari\u00e8ge? <a href=\"https:\/\/reservation.secureholiday.net\/group\/fr\/108\/\" target=\"_blank\" rel=\"noreferrer noopener\">Reserva ya<\/a> tu alojamiento en el Camping du Lac en Foix y aprovecha todos los paseos primaverales cerca de tu destino de vacaciones.<\/p>\n<\/div>\n<\/div>\n\n\n\n<div class=\"wp-block-group has-global-padding is-layout-constrained wp-container-core-group-is-layout-2931b900 wp-block-group-is-layout-constrained\">\n<div class=\"wp-block-columns alignfull are-vertically-aligned-center is-layout-flex wp-container-core-columns-is-layout-0c0b91ec wp-block-columns-is-layout-flex\">\n<div class=\"wp-block-column is-vertically-aligned-center leftRight is-layout-flow wp-container-core-column-is-layout-58dbe9e9 wp-block-column-is-layout-flow\" style=\"padding-left:10rem;flex-basis:100%\">\n<div class=\"wp-block-group is-style-title-left is-layout-flow wp-block-group-is-layout-flow is-style-title-left--8\">\n<p class=\"has-secondary-color has-text-color has-link-color has-secondary-font-family has-xl-font-size wp-elements-962768d40db3e432455c589eeb57ab82\"><strong>F Y Q<\/strong><\/p>\n\n\n\n<p class=\"has-primary-color has-text-color has-link-color has-primary-font-family has-sm-font-size wp-elements-ea68fe5ab70d6ed7698f5e5c16a8b343\" style=\"text-transform:uppercase\"><strong>tus preguntas m\u00e1s frecuentes<\/strong><\/p>\n<\/div>\n\n\n\n<p><strong>\u00bfQu\u00e9 tipo de calzado se recomienda para estas excursiones?<\/strong><br\/>Recomendamos calzado c\u00f3modo para caminar, adecuado para terrenos variados, a fin de garantizar la seguridad y la comodidad de toda la familia.<\/p>\n\n\n\n<p><strong>\u00bfEstos recorridos son adecuados para ni\u00f1os peque\u00f1os?<\/strong><br\/>S\u00ed, varias rutas, como el Sentier du Moulin de la Laur\u00e8de y Les Terrasses du Pech, son muy f\u00e1ciles y adecuadas para ni\u00f1os peque\u00f1os.<\/p>\n\n\n\n<p><strong>\u00bfTengo que reservar con antelaci\u00f3n para estas visitas?<\/strong><br\/>No, estos paseos son gratuitos. Sin embargo, es importante ir bien equipado y seguir las instrucciones de seguridad. <\/p>\n\n\n\n<p><strong>\u00bfOfrece el camping consejos o mapas para estos paseos?<\/strong><br\/>S\u00ed, en la recepci\u00f3n del Camping du Lac puedes obtener informaci\u00f3n y consejos sobre itinerarios, as\u00ed como mapas que te ayudar\u00e1n a organizar tus salidas.<\/p>\n\n\n\n<p><strong>\u00bfHay actividades adicionales cerca del camping?<\/strong><br\/>Por supuesto, el camping dispone de piscina (de junio a septiembre), animaci\u00f3n familiar (en temporada), y los proveedores de servicios cercanos ofrecen pirag\u00fcismo, paddle-boarding y visitas culturales a Foix.<\/p>\n\n\n\n<script type=\"application\/ld+json\">{\n  \"@context\": \"https:\/\/schema.org\",\n  \"@graph\": [\n    {\n      \"@type\": \"BlogPosting\",\n      \"@id\": \"https:\/\/www.tonsite.fr\/randonnees-familiales-foix-printemps-2026\/#article\",\n      \"headline\": \"Top 5 des randonn\u00e9es familiales autour du Camping du Lac \u00e0 Foix (Ari\u00e8ge) au printemps 2026\",\n      \"description\": \"D\u00e9couvrez 5 randonn\u00e9es familiales faciles autour du Camping du Lac \u00e0 Foix pour profiter du printemps 2026 en Ari\u00e8ge entre nature, panoramas et balades accessibles avec enfants.\",\n      \"articleSection\": \"Activit\u00e9s autour de Foix\",\n      \"keywords\": [\n        \"randonn\u00e9es familiales Foix\",\n        \"randonn\u00e9e Ari\u00e8ge famille\",\n        \"balades autour de Foix\",\n        \"Camping du Lac Foix\",\n        \"printemps 2026 Foix\",\n        \"que faire autour de Foix\",\n        \"randonn\u00e9e facile Ari\u00e8ge\",\n        \"vacances nature Foix\"\n      ],\n      \"inLanguage\": \"fr\",\n      \"url\": \"https:\/\/www.tonsite.fr\/randonnees-familiales-foix-printemps-2026\/\",\n      \"mainEntityOfPage\": {\n        \"@type\": \"WebPage\",\n        \"@id\": \"https:\/\/www.tonsite.fr\/randonnees-familiales-foix-printemps-2026\/\"\n      },\n      \"about\": {\n        \"@id\": \"https:\/\/www.tonsite.fr\/randonnees-familiales-foix-printemps-2026\/#list\"\n      },\n      \"isPartOf\": {\n        \"@type\": \"WebSite\",\n        \"name\": \"Camping du Lac\",\n        \"url\": \"https:\/\/www.tonsite.fr\/\"\n      },\n      \"author\": {\n        \"@type\": \"Organization\",\n        \"name\": \"Camping du Lac\"\n      },\n      \"publisher\": {\n        \"@type\": \"Organization\",\n        \"name\": \"Camping du Lac\",\n        \"logo\": {\n          \"@type\": \"ImageObject\",\n          \"url\": \"https:\/\/www.tonsite.fr\/url-logo.png\"\n        }\n      },\n      \"image\": [\n        \"https:\/\/www.tonsite.fr\/url-image-article.jpg\"\n      ],\n      \"datePublished\": \"2026-03-09\",\n      \"dateModified\": \"2026-03-09\"\n    },\n    {\n      \"@type\": \"ItemList\",\n      \"@id\": \"https:\/\/www.tonsite.fr\/randonnees-familiales-foix-printemps-2026\/#list\",\n      \"name\": \"Top 5 des randonn\u00e9es familiales autour de Foix\",\n      \"description\": \"S\u00e9lection de 5 randonn\u00e9es faciles et familiales autour du Camping du Lac \u00e0 Foix au printemps 2026.\",\n      \"numberOfItems\": 5,\n      \"itemListOrder\": \"https:\/\/schema.org\/ItemListOrderAscending\",\n      \"itemListElement\": [\n        {\n          \"@type\": \"ListItem\",\n          \"position\": 1,\n          \"name\": \"Sentier de Saint-Sauveur (Foix)\",\n          \"description\": \"Balade de 5 km environ, 1h30 \u00e0 2h, avec vue panoramique sur Foix et la vall\u00e9e. Accessible aux randonneurs d\u00e9butants et adapt\u00e9e aux familles.\"\n        },\n        {\n          \"@type\": \"ListItem\",\n          \"position\": 2,\n          \"name\": \"Les Terrasses du Pech (Foix)\",\n          \"description\": \"Balade courte de 1 \u00e0 2 km en 45 minutes environ, id\u00e9ale pour les familles avec jeunes enfants. Plusieurs belv\u00e9d\u00e8res sur la cit\u00e9 m\u00e9di\u00e9vale de Foix.\"\n        },\n        {\n          \"@type\": \"ListItem\",\n          \"position\": 3,\n          \"name\": \"Tour de Vals (Varilhes)\",\n          \"description\": \"Circuit facile de 6 \u00e0 7 km, 2 \u00e0 2h30 de marche, dans un vallon bois\u00e9 paisible. Accessible depuis Foix et adapt\u00e9 aux familles aimant marcher.\"\n        },\n        {\n          \"@type\": \"ListItem\",\n          \"position\": 4,\n          \"name\": \"Sentier du Moulin de la Laur\u00e8de (Burret)\",\n          \"description\": \"Promenade foresti\u00e8re tr\u00e8s facile de 1,6 km, environ 45 minutes, id\u00e9ale avec de jeunes enfants ou pour une initiation \u00e0 la randonn\u00e9e.\"\n        },\n        {\n          \"@type\": \"ListItem\",\n          \"position\": 5,\n          \"name\": \"Chemin de l\u2019\u00c2ne Gris et balades en for\u00eat (Ari\u00e8ge)\",\n          \"description\": \"R\u00e9seau de sentiers balis\u00e9s proposant plusieurs boucles familiales de 2 \u00e0 6 km, de 1 \u00e0 3 heures, entre for\u00eats, \u00e9tangs et nature ari\u00e9geoise.\"\n        }\n      ]\n    },\n    {\n      \"@type\": \"FAQPage\",\n      \"@id\": \"https:\/\/www.tonsite.fr\/randonnees-familiales-foix-printemps-2026\/#faq\",\n      \"mainEntity\": [\n        {\n          \"@type\": \"Question\",\n          \"name\": \"Quels types de chaussures sont recommand\u00e9s pour ces randonn\u00e9es ?\",\n          \"acceptedAnswer\": {\n            \"@type\": \"Answer\",\n            \"text\": \"Nous recommandons des chaussures de marche confortables et adapt\u00e9es aux terrains vari\u00e9s pour assurer s\u00e9curit\u00e9 et confort \u00e0 toute la famille.\"\n          }\n        },\n        {\n          \"@type\": \"Question\",\n          \"name\": \"Peut-on faire ces randonn\u00e9es avec des enfants en bas \u00e2ge ?\",\n          \"acceptedAnswer\": {\n            \"@type\": \"Answer\",\n            \"text\": \"Oui, plusieurs itin\u00e9raires, notamment le Sentier du Moulin de la Laur\u00e8de et Les Terrasses du Pech, sont tr\u00e8s faciles et adapt\u00e9s aux jeunes enfants.\"\n          }\n        },\n        {\n          \"@type\": \"Question\",\n          \"name\": \"Faut-il r\u00e9server \u00e0 l\u2019avance pour ces balades ?\",\n          \"acceptedAnswer\": {\n            \"@type\": \"Answer\",\n            \"text\": \"Non, ces randonn\u00e9es sont libres d\u2019acc\u00e8s. Il est toutefois important d\u2019\u00eatre bien \u00e9quip\u00e9 et de respecter les consignes de s\u00e9curit\u00e9.\"\n          }\n        },\n        {\n          \"@type\": \"Question\",\n          \"name\": \"Le camping propose-t-il des conseils ou cartes pour ces randonn\u00e9es ?\",\n          \"acceptedAnswer\": {\n            \"@type\": \"Answer\",\n            \"text\": \"Oui, \u00e0 l\u2019accueil du Camping du Lac, vous pouvez obtenir des renseignements et conseils sur les itin\u00e9raires, ainsi que des cartes pour organiser vos sorties.\"\n          }\n        },\n        {\n          \"@type\": \"Question\",\n          \"name\": \"Y a-t-il des activit\u00e9s compl\u00e9mentaires proches du camping ?\",\n          \"acceptedAnswer\": {\n            \"@type\": \"Answer\",\n            \"text\": \"Oui, le camping propose une piscine ext\u00e9rieure en saison, des animations familiales, et les environs permettent de pratiquer le cano\u00eb, le paddle et les visites culturelles \u00e0 Foix.\"\n          }\n        }\n      ]\n    }\n  ]\n}\n<\/script>\n<\/div>\n<\/div>\n<\/div>\n<\/div>\n\n<div class=\"wp-block-columns alignfull are-vertically-aligned-center is-layout-flex wp-container-core-columns-is-layout-0c0b91ec wp-block-columns-is-layout-flex\">\n<div class=\"wp-block-column is-layout-flow wp-block-column-is-layout-flow\"><\/div>\n<\/div>\n\n<div class=\"wp-block-group reveal has-global-padding is-layout-constrained wp-block-group-is-layout-constrained\">\n<div class=\"wp-block-group alignwide is-style-title-simple is-layout-flow wp-block-group-is-layout-flow is-style-title-simple--9\" style=\"margin-top:4rem;margin-bottom:4rem\">\n<p class=\"has-text-align-center has-secondary-color has-text-color has-link-color has-secondary-font-family has-xl-font-size wp-elements-61c3df48646af0da12819b303dfc8ba5\">\n  Nuestros establecimientos<\/p>\n\n\n\n<p class=\"has-text-align-center has-primary-font-family has-sm-font-size\" style=\"text-transform:uppercase\">\n                <strong>cerca de<\/strong>\n            <\/p>\n<\/div>\n\n\n<div class=\"campings-wrapper is-layout-flow wp-block-slider-campings-is-layout-flow\">\n            <div class=\"campings-list\">\n                            <div class=\"camping-item\"\n                    style=\"background-image: linear-gradient(to top, rgba(0, 0, 0, 0.6), transparent), url('https:\/\/www.vap-camping.fr\/wp-content\/uploads\/2025\/04\/camping-avec-piscine-1024x767.jpg');\">\n                    <a href=\"https:\/\/www.vap-camping.fr\/es\/campings\/camping-du-lac\/\" title=\"Camping du lac(Foix)\" class=\"camping-link\">\n                        <p class=\"title\">Camping du lac(Foix)<\/p>\n                        <p class=\"camping-button\">Descubre<\/p>\n                    <\/a>\n                <\/div>\n                    <\/div>\n    <\/div>\n\n<\/div>\n","protected":false},"excerpt":{"rendered":"<p>Descubre nuestras noticias sobre el camping Foix VAP haciendo clic en el enlace anterior.  <\/p>\n","protected":false},"author":1,"featured_media":2916,"comment_status":"open","ping_status":"open","sticky":false,"template":"","format":"standard","meta":{"_acf_changed":false,"_seopress_robots_primary_cat":"none","_seopress_titles_title":"","_seopress_titles_desc":"","_seopress_robots_index":"","ouverture":"","nombre_de_locations":"","nombre_demplacements":"","adresse":"","numero_de_telephone":"","email":"","url_du_site":"","footnotes":""},"categories":[77],"tags":[],"class_list":["post-7593","post","type-post","status-publish","format-standard","has-post-thumbnail","hentry","category-noticias"],"acf":[],"_links":{"self":[{"href":"https:\/\/www.vap-camping.fr\/es\/wp-json\/wp\/v2\/posts\/7593","targetHints":{"allow":["GET"]}}],"collection":[{"href":"https:\/\/www.vap-camping.fr\/es\/wp-json\/wp\/v2\/posts"}],"about":[{"href":"https:\/\/www.vap-camping.fr\/es\/wp-json\/wp\/v2\/types\/post"}],"author":[{"embeddable":true,"href":"https:\/\/www.vap-camping.fr\/es\/wp-json\/wp\/v2\/users\/1"}],"replies":[{"embeddable":true,"href":"https:\/\/www.vap-camping.fr\/es\/wp-json\/wp\/v2\/comments?post=7593"}],"version-history":[{"count":2,"href":"https:\/\/www.vap-camping.fr\/es\/wp-json\/wp\/v2\/posts\/7593\/revisions"}],"predecessor-version":[{"id":8233,"href":"https:\/\/www.vap-camping.fr\/es\/wp-json\/wp\/v2\/posts\/7593\/revisions\/8233"}],"wp:featuredmedia":[{"embeddable":true,"href":"https:\/\/www.vap-camping.fr\/es\/wp-json\/wp\/v2\/media\/2916"}],"wp:attachment":[{"href":"https:\/\/www.vap-camping.fr\/es\/wp-json\/wp\/v2\/media?parent=7593"}],"wp:term":[{"taxonomy":"category","embeddable":true,"href":"https:\/\/www.vap-camping.fr\/es\/wp-json\/wp\/v2\/categories?post=7593"},{"taxonomy":"post_tag","embeddable":true,"href":"https:\/\/www.vap-camping.fr\/es\/wp-json\/wp\/v2\/tags?post=7593"}],"curies":[{"name":"wp","href":"https:\/\/api.w.org\/{rel}","templated":true}]}}