{"id":8147,"date":"2026-02-26T22:57:56","date_gmt":"2026-02-26T22:57:56","guid":{"rendered":"https:\/\/www.vap-camping.fr\/programme-animations-ete-2026-camping-du-lac-foix\/"},"modified":"2026-03-11T16:14:38","modified_gmt":"2026-03-11T16:14:38","slug":"programme-animations-ete-2026-camping-du-lac-foix","status":"publish","type":"post","link":"https:\/\/www.vap-camping.fr\/es\/programme-animations-ete-2026-camping-du-lac-foix\/","title":{"rendered":"Programa de animaci\u00f3n del verano 2026 en el Camping du Lac de Foix"},"content":{"rendered":"\n<div style=\"height:100px\" aria-hidden=\"true\" class=\"wp-block-spacer\"><\/div>\n\n<div class=\"wp-block-group alignfull has-global-padding is-layout-constrained wp-container-core-group-is-layout-2931b900 wp-block-group-is-layout-constrained\">\n<div class=\"wp-block-columns alignfull are-vertically-aligned-center is-layout-flex wp-container-core-columns-is-layout-0c0b91ec wp-block-columns-is-layout-flex\">\n<div class=\"wp-block-column is-vertically-aligned-center leftRight is-layout-flow wp-container-core-column-is-layout-58dbe9e9 wp-block-column-is-layout-flow\" style=\"padding-left:10rem;flex-basis:40%\">\n<div class=\"wp-block-group is-style-title-left is-layout-flow wp-block-group-is-layout-flow is-style-title-left--1\">\n<p class=\"has-secondary-color has-text-color has-link-color has-secondary-font-family has-xl-font-size wp-elements-ef857b06a7230f47226cd0055120f583\">Nuestros eventos  <\/p>\n\n\n\n<p class=\"has-primary-color has-text-color has-link-color has-primary-font-family has-sm-font-size wp-elements-502a401baeffeb1bb23d4e387e0c2857\" style=\"text-transform:uppercase\"><strong>Para la temporada 2026  <\/strong><\/p>\n<\/div>\n\n\n\n<h1 class=\"wp-block-heading text-title\"><strong>Tu programa de animaci\u00f3n de verano 2026 en el Camping du Lac de Foix<\/strong><\/h1>\n\n\n\n<p class=\"has-m-font-size\" style=\"padding-left:2rem\">Del 6 de julio al 28 de agosto de 2026, \u00a1disfruta de un verano animado en el Camping du Lac de Foix! Conciertos, veladas tem\u00e1ticas, actividades infantiles, aquagym y mucho m\u00e1s te esperan en un ambiente familiar y acogedor, directamente en el snack bar o en la piscina. <br\/> <\/p>\n<\/div>\n\n\n\n<div class=\"wp-block-column is-vertically-aligned-center rightLeft wp-block-image alignright size-large has-custom-border is-style-simple-right is-layout-flow wp-block-column-is-layout-flow is-style-simple-right--2\" style=\"border-style:none;border-width:0px;padding-top:0;padding-right:0;padding-bottom:0;padding-left:0;flex-basis:50%\">\n<figure class=\"wp-block-image alignright size-large is-style-default\"><img alt=\"\" decoding=\"async\" width=\"1024\" height=\"683\" src=\"https:\/\/www.vap-camping.fr\/wp-content\/uploads\/2026\/02\/programme-animations-t-2026-au-camping-du-lac-foix-1024x683.webp\" alt=\"\" class=\"wp-image-7597\" srcset=\"https:\/\/www.vap-camping.fr\/wp-content\/uploads\/2026\/02\/programme-animations-t-2026-au-camping-du-lac-foix-1024x683.webp 1024w, https:\/\/www.vap-camping.fr\/wp-content\/uploads\/2026\/02\/programme-animations-t-2026-au-camping-du-lac-foix-600x400.webp 600w, https:\/\/www.vap-camping.fr\/wp-content\/uploads\/2026\/02\/programme-animations-t-2026-au-camping-du-lac-foix-768x512.webp 768w, https:\/\/www.vap-camping.fr\/wp-content\/uploads\/2026\/02\/programme-animations-t-2026-au-camping-du-lac-foix.webp 1536w\" sizes=\"(max-width: 1024px) 100vw, 1024px\" \/><\/figure>\n<\/div>\n<\/div>\n<\/div>\n<article class=\"camping-article\">\n<section class=\"en-bref\">\n<h2>\ud83d\udccb En resumen<\/h2>\n<ul>\n<li>\ud83c\udfaf Animaci\u00f3n variada en verano (partidos de f\u00fatbol, cabaret, conciertos, magia, veladas infantiles, aquagym, discoteca)<\/li>\n<li>\ud83d\udc65 Familias, parejas en autocaravana, veraneantes que buscan un ambiente acogedor<\/li>\n<li>\ud83d\udccd En el Camping du Lac, Foix (Ari\u00e8ge)<\/li>\n<li>\ud83d\udcc5 Todas las tardes del 6 de julio al 28 de agosto de 2026<\/li>\n<li>\u2728 Actividades de cafeter\u00eda, animaci\u00f3n infantil, comidas tem\u00e1ticas los viernes por la noche<\/li>\n<\/ul>\n<\/section>\n<section>\n<h2>\ud83c\udf1e Un vistazo m\u00e1s de cerca a los acontecimientos imprescindibles del verano de 2026<\/h2>\n<p>Cada velada en el Camping du Lac est\u00e1 dise\u00f1ada para crear momentos inolvidables. El programa incluye grandes partidos de f\u00fatbol proyectados en la pantalla gigante durante las finales, conciertos con un toque de rock ingl\u00e9s, espect\u00e1culos de cabaret y noches de discoteca para emocionar a todas las generaciones. Por supuesto, tampoco nos olvidaremos de los m\u00e1s peque\u00f1os, con animadas veladas infantiles con pintacaras, juegos, hogueras y b\u00fasquedas del tesoro, todo ello amenizado con dulces como crepes, malvaviscos y algod\u00f3n de az\u00facar.  <\/p>\n<p>Los viernes por la noche, no te pierdas las comidas tem\u00e1ticas organizadas en el snack bar con men\u00fas variados: pizzas, mejillones con patatas fritas, paella, barbacoa del suroeste&#8230; Una ocasi\u00f3n perfecta para reunirse alrededor de una mesa en un ambiente c\u00e1lido y festivo. Para empezar bien tu d\u00eda activo, el aquagym en la piscina te ayudar\u00e1 a mantenerte en forma suavemente. <\/p>\n<p>Todas las actividades se programan entre principios de julio y finales de agosto a un ritmo constante, por lo que hay algo para toda la familia, tanto para los amantes de la m\u00fasica como para los entusiastas del deporte. El ambiente festivo dura hasta las 11 de la noche, sin perturbar la tranquilidad del camping. <\/p>\n<\/section>\n<\/article>\n<article class=\"camping-article\">\n<section>\n<h2>\ud83d\udc65 \u00bfA qui\u00e9n va dirigido este programa de actos?<\/h2>\n<p>Tanto si vienes en familia con ni\u00f1os, como con un grupo de amigos o una pareja en autocaravana, el programa est\u00e1 pensado para todos. Las veladas infantiles son perfectas para las familias con j\u00f3venes veraneantes; actividades seguras y divertidas los mantendr\u00e1n entretenidos mientras los padres disfrutan de conciertos y espect\u00e1culos. A los entusiastas del deporte les encantar\u00e1 el aquagym y las numerosas actividades al aire libre. Las parejas pueden disfrutar de veladas de cabaret y conciertos, perfectos para momentos rom\u00e1nticos y festivos.   <\/p>\n<\/section>\n<\/article>\n<article class=\"camping-article\">\n<section class=\"infos-pratiques\">\n<h2>\ud83d\udccc Informaci\u00f3n pr\u00e1ctica sobre eventos<\/h2>\n<ul>\n<li>\ud83d\udcc5 Fechas: del 6 de julio al 28 de agosto de 2026<\/li>\n<li>\ud83d\udd52 Horario: entretenimiento nocturno hasta las 23.00 como m\u00e1ximo<\/li>\n<li>\ud83d\udccd Lugares: snack bar del camping y zona de la piscina para el aquagym<\/li>\n<li>\ud83d\udcb6 Asistencia: inscripci\u00f3n obligatoria para las comidas tem\u00e1ticas de los viernes<\/li>\n<li>\ud83d\udc67 Actividades infantiles para los m\u00e1s peque\u00f1os (pintura de caras, juegos, karaoke, b\u00fasqueda del tesoro)<\/li>\n<li>\ud83c\udf7d\ufe0f Comidas tem\u00e1ticas todos los viernes (inscripci\u00f3n obligatoria) con men\u00fas variados<\/li>\n<li>\u26bd Retransmisi\u00f3n de los partidos en pantalla gigante durante las fases finales<\/li>\n<\/ul>\n<\/section>\n<section>\n<h2>\ud83c\udf04 Otras experiencias por descubrir en los alrededores del Camping du Lac<\/h2>\n<p>Aprovecha tu estancia para explorar la hermosa regi\u00f3n de Ari\u00e8ge. A pocos minutos, descubre el castillo medieval de Foix, los animados mercados locales y las rutas de senderismo en torno al r\u00edo Ari\u00e8ge. Los aficionados a los deportes acu\u00e1ticos pueden practicar pirag\u00fcismo y paddle boarding en las inmediaciones. Los carriles bici de la Voie Verte tambi\u00e9n te invitan a disfrutar de un agradable paseo en familia o con amigos.   <\/p>\n<\/section>\n<section class=\"cta\">\n<h2>\ud83c\udfaf Reserva ya tu animada estancia en el Camping du Lac<\/h2>\n<p>\u00a1No te pierdas este verano festivo y familiar en Foix! <a href=\"https:\/\/reservation.secureholiday.net\/group\/fr\/108\/\" target=\"_blank\" rel=\"noopener\">Reserva<\/a> hoy mismo tu parcela o alojamiento confortable para participar en todos estos acontecimientos inolvidables.<\/p>\n<\/section>\n<\/article>\n<section class=\"faq\">\n<h2>\u2753 Preguntas frecuentes<\/h2>\n<div class=\"faq-item\">\n<h3>\u00bfCu\u00e1les son los principales acontecimientos para los ni\u00f1os?<\/h3>\n<p>Las veladas infantiles incluyen pintura de caras, hogueras, b\u00fasqueda del tesoro, karaoke y divertidos talleres para los m\u00e1s peque\u00f1os, principalmente los domingos, mi\u00e9rcoles y seg\u00fan el horario de verano.<\/p>\n<\/div>\n<div class=\"faq-item\">\n<h3>\u00bfTengo que inscribirme para participar en los actos?<\/h3>\n<p>La inscripci\u00f3n s\u00f3lo es obligatoria para las comidas tem\u00e1ticas del viernes por la noche. Las dem\u00e1s actividades son gratuitas para todos los campistas. <\/p>\n<\/div>\n<div class=\"faq-item\">\n<h3>\u00bfD\u00f3nde est\u00e1 el entretenimiento en el camping?<\/h3>\n<p>Las tardes se pasan principalmente en el snack bar del camping, y en la piscina exterior se practica aquaer\u00f3bic.<\/p>\n<\/div>\n<div class=\"faq-item\">\n<h3>\u00bfPuedo ver partidos de f\u00fatbol en directo en el camping?<\/h3>\n<p>S\u00ed, los partidos de la final se proyectar\u00e1n en una pantalla gigante en el snack bar, junto con comidas tem\u00e1ticas para crear un ambiente de convivencia.<\/p>\n<\/div>\n<div class=\"faq-item\">\n<h3>\u00bfCu\u00e1nto duran los actos?<\/h3>\n<p>Los espect\u00e1culos se organizan por la noche y terminan a las 23 h como muy tarde, para respetar la paz y la tranquilidad de los campistas.<\/p>\n<\/div>\n<\/section>\n\n<script type=\"application\/ld+json\">{\n  \"@context\": \"https:\/\/schema.org\",\n  \"@graph\": [\n    {\n      \"@type\": \"BlogPosting\",\n      \"@id\": \"https:\/\/www.tonsite.fr\/animations-ete-2026-camping-du-lac-foix\/#article\",\n      \"headline\": \"Votre programme d\u2019animations estivales 2026 au Camping du Lac \u00e0 Foix\",\n      \"description\": \"Du 6 juillet au 28 ao\u00fbt 2026, profitez d\u2019un \u00e9t\u00e9 anim\u00e9 au Camping du Lac \u00e0 Foix avec concerts, soir\u00e9es \u00e0 th\u00e8me, animations enfants, aquagym, diffusion de matchs et repas festifs.\",\n      \"articleSection\": \"Animations\",\n      \"keywords\": [\n        \"animations camping Foix\",\n        \"animations \u00e9t\u00e9 2026\",\n        \"Camping du Lac Foix\",\n        \"soir\u00e9es camping Ari\u00e8ge\",\n        \"animation enfants camping\",\n        \"concert camping Foix\",\n        \"aquagym camping\",\n        \"repas \u00e0 th\u00e8me camping\"\n      ],\n      \"inLanguage\": \"fr\",\n      \"url\": \"https:\/\/www.tonsite.fr\/animations-ete-2026-camping-du-lac-foix\/\",\n      \"mainEntityOfPage\": {\n        \"@type\": \"WebPage\",\n        \"@id\": \"https:\/\/www.tonsite.fr\/animations-ete-2026-camping-du-lac-foix\/\"\n      },\n      \"about\": {\n        \"@id\": \"https:\/\/www.tonsite.fr\/animations-ete-2026-camping-du-lac-foix\/#event\"\n      },\n      \"isPartOf\": {\n        \"@type\": \"WebSite\",\n        \"name\": \"Camping du Lac\",\n        \"url\": \"https:\/\/www.tonsite.fr\/\"\n      },\n      \"author\": {\n        \"@type\": \"Organization\",\n        \"name\": \"Camping du Lac\"\n      },\n      \"publisher\": {\n        \"@type\": \"Organization\",\n        \"name\": \"Camping du Lac\",\n        \"logo\": {\n          \"@type\": \"ImageObject\",\n          \"url\": \"https:\/\/www.tonsite.fr\/url-logo.png\"\n        }\n      },\n      \"image\": [\n        \"https:\/\/www.tonsite.fr\/url-image-article.jpg\"\n      ],\n      \"datePublished\": \"2026-03-09\",\n      \"dateModified\": \"2026-03-09\"\n    },\n    {\n      \"@type\": \"Event\",\n      \"@id\": \"https:\/\/www.tonsite.fr\/animations-ete-2026-camping-du-lac-foix\/#event\",\n      \"name\": \"Programme d\u2019animations estivales 2026 au Camping du Lac \u00e0 Foix\",\n      \"description\": \"Du 6 juillet au 28 ao\u00fbt 2026, le Camping du Lac \u00e0 Foix propose des animations estivales vari\u00e9es : concerts, soir\u00e9es \u00e0 th\u00e8me, animations enfants, aquagym, diffusion de matchs sur \u00e9cran g\u00e9ant et repas \u00e0 th\u00e8me chaque vendredi.\",\n      \"eventAttendanceMode\": \"https:\/\/schema.org\/OfflineEventAttendanceMode\",\n      \"eventStatus\": \"https:\/\/schema.org\/EventScheduled\",\n      \"startDate\": \"2026-07-06T20:00:00+02:00\",\n      \"endDate\": \"2026-08-28T23:00:00+02:00\",\n      \"inLanguage\": \"fr\",\n      \"location\": {\n        \"@type\": \"Place\",\n        \"name\": \"Camping du Lac\",\n        \"address\": {\n          \"@type\": \"PostalAddress\",\n          \"addressLocality\": \"Foix\",\n          \"postalCode\": \"09000\",\n          \"addressRegion\": \"Occitanie\",\n          \"addressCountry\": \"FR\"\n        }\n      },\n      \"organizer\": {\n        \"@type\": \"Organization\",\n        \"name\": \"Camping du Lac\",\n        \"url\": \"https:\/\/www.tonsite.fr\/\"\n      },\n      \"audience\": [\n        {\n          \"@type\": \"Audience\",\n          \"audienceType\": \"Familles\"\n        },\n        {\n          \"@type\": \"Audience\",\n          \"audienceType\": \"Couples\"\n        },\n        {\n          \"@type\": \"Audience\",\n          \"audienceType\": \"Groupes d'amis\"\n        },\n        {\n          \"@type\": \"Audience\",\n          \"audienceType\": \"Vacanciers\"\n        },\n        {\n          \"@type\": \"Audience\",\n          \"audienceType\": \"Camping-caristes\"\n        }\n      ],\n      \"offers\": [\n        {\n          \"@type\": \"Offer\",\n          \"name\": \"Animations libres du camping\",\n          \"url\": \"https:\/\/www.tonsite.fr\/reserver\/\",\n          \"price\": \"0\",\n          \"priceCurrency\": \"EUR\",\n          \"availability\": \"https:\/\/schema.org\/InStock\",\n          \"validFrom\": \"2026-03-09\",\n          \"description\": \"Animations libres et gratuites pour les campeurs.\"\n        },\n        {\n          \"@type\": \"Offer\",\n          \"name\": \"Repas \u00e0 th\u00e8me du vendredi\",\n          \"url\": \"https:\/\/www.tonsite.fr\/reserver\/\",\n          \"priceCurrency\": \"EUR\",\n          \"availability\": \"https:\/\/schema.org\/InStock\",\n          \"validFrom\": \"2026-03-09\",\n          \"description\": \"Inscription obligatoire pour les repas \u00e0 th\u00e8me du vendredi soir.\"\n        }\n      ],\n      \"isAccessibleForFree\": true,\n      \"typicalAgeRange\": \"0-99\",\n      \"image\": [\n        \"https:\/\/www.tonsite.fr\/url-image-article.jpg\"\n      ]\n    },\n    {\n      \"@type\": \"FAQPage\",\n      \"@id\": \"https:\/\/www.tonsite.fr\/animations-ete-2026-camping-du-lac-foix\/#faq\",\n      \"mainEntity\": [\n        {\n          \"@type\": \"Question\",\n          \"name\": \"Quelles sont les principales animations pour les enfants ?\",\n          \"acceptedAnswer\": {\n            \"@type\": \"Answer\",\n            \"text\": \"Les soir\u00e9es enfants incluent maquillage, feu de camp, chasse au tr\u00e9sor, karaok\u00e9 et ateliers ludiques adapt\u00e9s aux plus jeunes, principalement le dimanche, le mercredi et selon le planning d\u2019\u00e9t\u00e9.\"\n          }\n        },\n        {\n          \"@type\": \"Question\",\n          \"name\": \"Faut-il s\u2019inscrire pour participer aux animations ?\",\n          \"acceptedAnswer\": {\n            \"@type\": \"Answer\",\n            \"text\": \"L\u2019inscription est obligatoire uniquement pour les repas \u00e0 th\u00e8me du vendredi soir. Les autres animations sont libres et gratuites pour tous les campeurs.\"\n          }\n        },\n        {\n          \"@type\": \"Question\",\n          \"name\": \"O\u00f9 ont lieu les animations au sein du camping ?\",\n          \"acceptedAnswer\": {\n            \"@type\": \"Answer\",\n            \"text\": \"Les soir\u00e9es se d\u00e9roulent principalement au snack du camping, avec l\u2019aquagym organis\u00e9e au bord de la piscine ext\u00e9rieure.\"\n          }\n        },\n        {\n          \"@type\": \"Question\",\n          \"name\": \"Peut-on regarder les matchs de foot en direct au camping ?\",\n          \"acceptedAnswer\": {\n            \"@type\": \"Answer\",\n            \"text\": \"Oui, les matchs des phases finales sont diffus\u00e9s sur \u00e9cran g\u00e9ant au snack, avec des repas th\u00e9matiques associ\u00e9s pour une ambiance conviviale.\"\n          }\n        },\n        {\n          \"@type\": \"Question\",\n          \"name\": \"Jusqu\u2019\u00e0 quelle heure durent les animations ?\",\n          \"acceptedAnswer\": {\n            \"@type\": \"Answer\",\n            \"text\": \"Les animations sont organis\u00e9es en soir\u00e9e et se terminent au plus tard \u00e0 23h, pour respecter la tranquillit\u00e9 des campeurs.\"\n          }\n        }\n      ]\n    }\n  ]\n}\n<\/script>\n","protected":false},"excerpt":{"rendered":"<p>Descubre las animaciones del verano 2026 en el Camping du Lac: veladas infantiles, conciertos, aquaerobic y veladas tem\u00e1ticas del 6 de julio al 28 de agosto.<\/p>\n","protected":false},"author":1,"featured_media":7600,"comment_status":"closed","ping_status":"closed","sticky":false,"template":"","format":"standard","meta":{"_acf_changed":false,"_seopress_robots_primary_cat":"none","_seopress_titles_title":"","_seopress_titles_desc":"","_seopress_robots_index":"","ouverture":"","nombre_de_locations":"","nombre_demplacements":"","adresse":"","numero_de_telephone":"","email":"","url_du_site":"","footnotes":""},"categories":[77],"tags":[],"class_list":["post-8147","post","type-post","status-publish","format-standard","has-post-thumbnail","hentry","category-noticias"],"acf":[],"_links":{"self":[{"href":"https:\/\/www.vap-camping.fr\/es\/wp-json\/wp\/v2\/posts\/8147","targetHints":{"allow":["GET"]}}],"collection":[{"href":"https:\/\/www.vap-camping.fr\/es\/wp-json\/wp\/v2\/posts"}],"about":[{"href":"https:\/\/www.vap-camping.fr\/es\/wp-json\/wp\/v2\/types\/post"}],"author":[{"embeddable":true,"href":"https:\/\/www.vap-camping.fr\/es\/wp-json\/wp\/v2\/users\/1"}],"replies":[{"embeddable":true,"href":"https:\/\/www.vap-camping.fr\/es\/wp-json\/wp\/v2\/comments?post=8147"}],"version-history":[{"count":1,"href":"https:\/\/www.vap-camping.fr\/es\/wp-json\/wp\/v2\/posts\/8147\/revisions"}],"predecessor-version":[{"id":8148,"href":"https:\/\/www.vap-camping.fr\/es\/wp-json\/wp\/v2\/posts\/8147\/revisions\/8148"}],"wp:featuredmedia":[{"embeddable":true,"href":"https:\/\/www.vap-camping.fr\/es\/wp-json\/wp\/v2\/media\/7600"}],"wp:attachment":[{"href":"https:\/\/www.vap-camping.fr\/es\/wp-json\/wp\/v2\/media?parent=8147"}],"wp:term":[{"taxonomy":"category","embeddable":true,"href":"https:\/\/www.vap-camping.fr\/es\/wp-json\/wp\/v2\/categories?post=8147"},{"taxonomy":"post_tag","embeddable":true,"href":"https:\/\/www.vap-camping.fr\/es\/wp-json\/wp\/v2\/tags?post=8147"}],"curies":[{"name":"wp","href":"https:\/\/api.w.org\/{rel}","templated":true}]}}