{"id":8165,"date":"2026-02-27T13:52:23","date_gmt":"2026-02-27T13:52:23","guid":{"rendered":"https:\/\/www.vap-camping.fr\/plus-belles-randonnees-ariege\/"},"modified":"2026-03-11T16:15:22","modified_gmt":"2026-03-11T16:15:22","slug":"plus-belles-randonnees-ariege","status":"publish","type":"post","link":"https:\/\/www.vap-camping.fr\/es\/plus-belles-randonnees-ariege\/","title":{"rendered":"TOP 10 de los paseos m\u00e1s bonitos del Ari\u00e8ge: desde excursiones f\u00e1ciles a cumbres m\u00edticas"},"content":{"rendered":"\n<div class=\"wp-block-group alignfull is-layout-flow wp-container-core-group-is-layout-8af317cd wp-block-group-is-layout-flow\">\n<div class=\"wp-block-group hero-camp fromOpacity is-layout-flow wp-block-group-is-layout-flow\" style=\"margin-bottom:20rem\">\n<div class=\"wp-block-group alignfull hero-img fromOpacity is-layout-flow wp-block-group-is-layout-flow\">\n<figure class=\"wp-block-image size-full\"><img decoding=\"async\" width=\"2560\" height=\"1224\" src=\"https:\/\/www.vap-camping.fr\/wp-content\/uploads\/2026\/02\/randonnee-trek-ariege-scaled.webp\" alt=\"El Pic du Montcalm, el pico m&#xE1;s alto de la regi&#xF3;n del Ariege\" class=\"wp-image-7667\" srcset=\"https:\/\/www.vap-camping.fr\/wp-content\/uploads\/2026\/02\/randonnee-trek-ariege-scaled.webp 2560w, https:\/\/www.vap-camping.fr\/wp-content\/uploads\/2026\/02\/randonnee-trek-ariege-600x287.webp 600w, https:\/\/www.vap-camping.fr\/wp-content\/uploads\/2026\/02\/randonnee-trek-ariege-1024x490.webp 1024w, https:\/\/www.vap-camping.fr\/wp-content\/uploads\/2026\/02\/randonnee-trek-ariege-768x367.webp 768w, https:\/\/www.vap-camping.fr\/wp-content\/uploads\/2026\/02\/randonnee-trek-ariege-1536x734.webp 1536w, https:\/\/www.vap-camping.fr\/wp-content\/uploads\/2026\/02\/randonnee-trek-ariege-2048x979.webp 2048w\" sizes=\"(max-width: 2560px) 100vw, 2560px\" \/><\/figure>\n<\/div>\n\n\n\n<div class=\"wp-block-group hero-desc has-secondary-background-color has-background fromOpacity is-layout-flow wp-block-group-is-layout-flow\" style=\"border-top-right-radius:90px;border-bottom-right-radius:90px;padding-top:2rem;padding-bottom:2rem;padding-left:5rem\"><h1 style=\"font-size:clamp(3.037rem, 3.037rem + ((1vw - 0.2rem) * 4.018), 6rem);\" class=\"has-link-color wp-elements-971196805a816ee349c8ae4f34a1c7a7 wp-block-post-title has-text-color has-white-color has-secondary-font-family\">TOP 10 de los paseos m\u00e1s bonitos del Ari\u00e8ge: desde excursiones f\u00e1ciles a cumbres m\u00edticas<\/h1>\n\n\n<div class=\"wp-block-group is-nowrap is-layout-flex wp-container-core-group-is-layout-3b4e9d3e wp-block-group-is-layout-flex\">\n<p class=\"has-white-color has-text-color has-link-color has-sm-font-size wp-elements-accc2c0e07d2842f8af08a35c4ffe0cd\" style=\"font-style:normal;font-weight:500;text-transform:uppercase\">Campings<\/p>\n\n\n\n<figure class=\"wp-block-image size-full\"><img alt=\"\" decoding=\"async\" src=\"https:\/\/www.vap-camping.fr\/wp-content\/themes\/vap\/assets\/img\/svg\/star-white.svg\" alt=\"\" class=\"wp-image-657\"\/><\/figure>\n\n\n\n<figure class=\"wp-block-image size-full\"><img alt=\"\" decoding=\"async\" src=\"https:\/\/www.vap-camping.fr\/wp-content\/themes\/vap\/assets\/img\/svg\/star-white.svg\" alt=\"\" class=\"wp-image-657\"\/><\/figure>\n\n\n\n<figure class=\"wp-block-image size-full\"><img alt=\"\" decoding=\"async\" src=\"https:\/\/www.vap-camping.fr\/wp-content\/themes\/vap\/assets\/img\/svg\/star-white.svg\" alt=\"\" class=\"wp-image-657\"\/><\/figure>\n\n\n\n<p class=\"has-white-color has-text-color has-link-color has-sm-font-size wp-elements-607150ecce0303d631b7810c1641f883\" style=\"font-style:normal;font-weight:500;text-transform:uppercase\">&amp;<\/p>\n\n\n\n<figure class=\"wp-block-image size-full\"><img alt=\"\" decoding=\"async\" src=\"https:\/\/www.vap-camping.fr\/wp-content\/themes\/vap\/assets\/img\/svg\/star-white.svg\" alt=\"\" class=\"wp-image-657\"\/><\/figure>\n\n\n\n<figure class=\"wp-block-image size-full\"><img alt=\"\" decoding=\"async\" src=\"https:\/\/www.vap-camping.fr\/wp-content\/themes\/vap\/assets\/img\/svg\/star-white.svg\" alt=\"\" class=\"wp-image-657\"\/><\/figure>\n\n\n\n<figure class=\"wp-block-image size-full\"><img alt=\"\" decoding=\"async\" src=\"https:\/\/www.vap-camping.fr\/wp-content\/themes\/vap\/assets\/img\/svg\/star-white.svg\" alt=\"\" class=\"wp-image-657\"\/><\/figure>\n\n\n\n<figure class=\"wp-block-image size-full\"><img alt=\"\" decoding=\"async\" src=\"https:\/\/www.vap-camping.fr\/wp-content\/themes\/vap\/assets\/img\/svg\/star-white.svg\" alt=\"\" class=\"wp-image-657\"\/><\/figure>\n\n\n\n<p class=\"has-white-color has-text-color has-link-color has-sm-font-size wp-elements-6e1d2daf891521bedc26819e68b7439f\" style=\"font-style:normal;font-weight:500;text-transform:uppercase\">&#8211; ari\u00e8ge<\/p>\n<\/div>\n<\/div>\n<\/div>\n\n\n\n<div class=\"wp-block-group has-global-padding is-layout-constrained wp-block-group-is-layout-constrained\">\n<div class=\"wp-block-columns alignfull m-ti is-layout-flex wp-container-core-columns-is-layout-0c0b91ec wp-block-columns-is-layout-flex\">\n<div class=\"wp-block-column is-vertically-aligned-center leftRight m-ti-text is-layout-flow wp-block-column-is-layout-flow\" style=\"padding-left:10rem;flex-basis:40%\">\n<div class=\"wp-block-group is-style-title-left is-layout-flow wp-block-group-is-layout-flow is-style-title-left--1\">\n<p class=\"has-secondary-color has-text-color has-link-color has-secondary-font-family has-xl-font-size wp-elements-6f2a048396ad3d6e0a59c9f8be58495a\">Ari\u00e8ge,<\/p>\n\n\n\n<p class=\"has-primary-color has-text-color has-link-color has-primary-font-family has-sm-font-size wp-elements-bb3fdeb4996a505b42ac6dd9dc39dcd3\" style=\"text-transform:uppercase\"><strong>tierra de caminantes<\/strong><\/p>\n<\/div>\n\n\n\n<p class=\"has-m-font-size\" style=\"padding-left:2rem\">Menos frecuentado que sus vecinos pirenaicos, el Ari\u00e8ge cultiva un entorno de monta\u00f1a m\u00e1s agreste, tranquilo y exigente. Lagos de gran altitud, crestas a\u00e9reas, pastos de monta\u00f1a que se abren a Andorra: el campo de juego es inmenso. He aqu\u00ed las <strong>10 excursiones imprescindibles en Ari\u00e8ge<\/strong>, desde itinerarios <strong>para toda la familia<\/strong> hasta cumbres reservadas a <strong>los senderistas avezados<\/strong>. Una gu\u00eda clara para elegir el sendero adecuado para cada nivel de senderista.   <\/p>\n\n\n\n<div style=\"height:20px\" aria-hidden=\"true\" class=\"wp-block-spacer\"><\/div>\n<\/div>\n\n\n\n<div class=\"wp-block-column is-vertically-aligned-stretch rightLeft m-ti-image is-style-simple-right is-layout-flow wp-block-column-is-layout-flow is-style-simple-right--2\" style=\"flex-basis:60%\">\n<figure class=\"wp-block-image alignright size-large\"><img decoding=\"async\" width=\"1024\" height=\"408\" src=\"https:\/\/www.vap-camping.fr\/wp-content\/uploads\/2026\/02\/circuit-randonnee-ariege-1024x408.webp\" alt=\"Una ruta de senderismo circular en el Ari&#xE8;ge, un sendero de monta&#xF1;a que atraviesa pastos de monta&#xF1;a y crestas\" class=\"wp-image-7640\" srcset=\"https:\/\/www.vap-camping.fr\/wp-content\/uploads\/2026\/02\/circuit-randonnee-ariege-1024x408.webp 1024w, https:\/\/www.vap-camping.fr\/wp-content\/uploads\/2026\/02\/circuit-randonnee-ariege-600x239.webp 600w, https:\/\/www.vap-camping.fr\/wp-content\/uploads\/2026\/02\/circuit-randonnee-ariege-768x306.webp 768w, https:\/\/www.vap-camping.fr\/wp-content\/uploads\/2026\/02\/circuit-randonnee-ariege-1536x612.webp 1536w, https:\/\/www.vap-camping.fr\/wp-content\/uploads\/2026\/02\/circuit-randonnee-ariege-2048x815.webp 2048w\" sizes=\"(max-width: 1024px) 100vw, 1024px\" \/><\/figure>\n<\/div>\n<\/div>\n<\/div>\n\n\n\n<div class=\"wp-block-group alignwide is-style-title-simple fromTop is-layout-flow wp-block-group-is-layout-flow is-style-title-simple--3\" style=\"margin-top:4rem;margin-bottom:4rem\">\n<p class=\"has-text-align-center has-secondary-color has-text-color has-link-color has-secondary-font-family has-xl-font-size wp-elements-b0300e37c8bcdd402c1a5623cc40cb62\">Salidas familiares<\/p>\n\n\n\n<p class=\"has-text-align-center has-primary-font-family has-sm-font-size\" style=\"text-transform:uppercase\"><strong>escalada de alta monta\u00f1a<\/strong><\/p>\n<\/div>\n\n\n\n<div style=\"background-image:url(&#039;https:\/\/www.vap-camping.fr\/wp-content\/uploads\/2026\/02\/randonnee-famille-enfants-ariege.webp&#039;);background-position:100% 95%;background-size:cover;\" class=\"wp-block-group bg-img-part reveal is-layout-flow wp-block-group-is-layout-flow has-background\">\n<div class=\"wp-block-columns alignfull is-layout-flex wp-container-core-columns-is-layout-28f84493 wp-block-columns-is-layout-flex\">\n<div class=\"wp-block-column part-void is-layout-flow wp-block-column-is-layout-flow\" style=\"flex-basis:55%\"><\/div>\n\n\n\n<div class=\"wp-block-column part-content is-layout-flow wp-block-column-is-layout-flow\" style=\"flex-basis:45%\">\n<div class=\"wp-block-group is-bg-rounded is-layout-flow wp-container-core-group-is-layout-75c87b2e wp-block-group-is-layout-flow\">\n<div class=\"wp-block-group is-style-title-flip has-global-padding is-layout-constrained wp-block-group-is-layout-constrained is-style-title-flip--4\">\n<p class=\"has-text-align-right has-secondary-font-family has-xl-font-size\">Senderismo<\/p>\n\n\n\n<p class=\"has-text-align-right has-sm-font-size\" style=\"text-transform:uppercase\"><strong>Ari\u00e8ge m\u00e1s f\u00e1cil<\/strong><\/p>\n<\/div>\n\n\n\n<h2 class=\"wp-block-heading has-text-align-right text-title\">Los mejores paseos en familia (Nivel 1-2)<\/h2>\n\n\n\n<p class=\"has-text-align-right\">\u00bfDescubres las <strong>monta\u00f1as del<\/strong> Ari\u00e8ge por primera vez, vas <strong>de excursi\u00f3n con ni\u00f1os<\/strong> o simplemente quieres disfrutar de la naturaleza sin meterte en l\u00edos? Entonces estas <strong>excursiones f\u00e1ciles por el Ari\u00e8ge <\/strong>son para ti. Los senderos est\u00e1n bien se\u00f1alizados, los desniveles son razonables y el paisaje te encantar\u00e1 sin cansar tus piernas.  <\/p>\n<\/div>\n<\/div>\n<\/div>\n<\/div>\n\n\n\n<div class=\"wp-block-group reveal has-global-padding is-layout-constrained wp-container-core-group-is-layout-8a400663 wp-block-group-is-layout-constrained\">\n<h3 class=\"wp-block-heading has-text-align-center has-secondary-color has-text-color has-link-color wp-elements-5c21cc3ac8a1378324bd55dfa22beb46\">1. El Plateau de Beille y sus pastos de monta\u00f1a<\/h3>\n\n\n\n<div style=\"height:25px\" aria-hidden=\"true\" class=\"wp-block-spacer\"><\/div>\n\n\n\n<p>El Plateau de Beille es la puerta de entrada ideal a la alta monta\u00f1a del Ari\u00e8ge. Accesible en coche hasta los 1.800 metros de altitud, desde tu llegada podr\u00e1s disfrutar de una vista panor\u00e1mica de los picos andorranos y catalanes. Senderos se\u00f1alizados conducen a trav\u00e9s de pastos de monta\u00f1a donde vacas y caballos pastan libremente. En verano, las marmotas silban a pocos metros y se pueden ver isardos con prism\u00e1ticos en las crestas. Un lugar de libertad y rejuvenecimiento, ideal para iniciar a los ni\u00f1os peque\u00f1os en la monta\u00f1a.    <\/p>\n\n\n\n<div style=\"height:25px\" aria-hidden=\"true\" class=\"wp-block-spacer\"><\/div>\n\n\n\n<ul class=\"wp-block-list\">\n<li>Salida \/ Llegada: Aparcamiento de Plateau de Beille, m\u00faltiples bucles en el lugar<\/li>\n\n\n\n<li>Distancia variable: de 3 a 10 km seg\u00fan la ruta elegida<\/li>\n\n\n\n<li>Duraci\u00f3n: de 1h30 a 4h seg\u00fan la ruta<\/li>\n\n\n\n<li>Dificultad: nivel 1, accesible a todos, incluidos los cochecitos todoterreno<\/li>\n\n\n\n<li>Atractivos: vistas panor\u00e1micas de los Pirineos andorranos, fauna alpina (marmotas, isardos), pastos de monta\u00f1a y reba\u00f1os en libertad.<\/li>\n<\/ul>\n\n\n\n<div style=\"height:25px\" aria-hidden=\"true\" class=\"wp-block-spacer\"><\/div>\n\n\n\n<p>Consejos pr\u00e1cticos: sal temprano por la ma\u00f1ana para ver la fauna a primera hora. Lleva una capa de ropa adicional: puede hacer fresco incluso en pleno verano a esta altitud. La carretera de acceso est\u00e1 cerrada en invierno, cuando la meseta se convierte en una zona n\u00f3rdica para practicar esqu\u00ed de fondo y raquetas de nieve.  <br\/><\/p>\n\n\n\n<div style=\"height:25px\" aria-hidden=\"true\" class=\"wp-block-spacer\"><\/div>\n\n\n\n<h3 class=\"wp-block-heading has-text-align-center has-secondary-color has-text-color has-link-color wp-elements-c40caa4aaa2368c05b9622ba44417ee7\">2. Las Gargantas de Frau y el Castillo de Montsegur<\/h3>\n\n\n\n<div style=\"height:25px\" aria-hidden=\"true\" class=\"wp-block-spacer\"><\/div>\n\n\n\n<p>Dos joyas, una natural y otra hist\u00f3rica, combinadas en un d\u00eda memorable. Las Gargantas de la Frau son un ca\u00f1\u00f3n forestal profundo y sombr\u00edo, surcado por un sendero que bordea el Douctouyre en un silencio catedralicio. A la salida, se revela la meseta de Monts\u00e9gur, dominada por el Pog C\u00e1taro. La ascensi\u00f3n final a la fortaleza es empinada pero corta -unos treinta minutos de subida- y la recompensa es proporcional al esfuerzo: la vista abarca todo el Pays d&#8217;Olmes, y la emoci\u00f3n hist\u00f3rica del lugar hace el resto.   <\/p>\n\n\n\n<div style=\"height:25px\" aria-hidden=\"true\" class=\"wp-block-spacer\"><\/div>\n\n\n\n<ul class=\"wp-block-list\">\n<li>Inicio \/ Final : Pueblo de B\u00e9lesta (entrada a las gargantas) &#8211; ida y vuelta o circuito v\u00eda Monts\u00e9gur<\/li>\n\n\n\n<li>Distancia: Aproximadamente 12 km ida y vuelta<\/li>\n\n\n\n<li>Duraci\u00f3n: de 4 a 5 horas<\/li>\n\n\n\n<li>Dificultad: Nivel 2, subida final sostenida al castillo de m\u00e1s de 30 minutos, no recomendada para ni\u00f1os muy peque\u00f1os.<\/li>\n\n\n\n<li>Atracciones: gargantas boscosas, cascadas, castillo c\u00e1taro del siglo XIII de Monts\u00e9gur, vistas panor\u00e1micas del Pays d&#8217;Olmes.<\/li>\n<\/ul>\n\n\n\n<div style=\"height:25px\" aria-hidden=\"true\" class=\"wp-block-spacer\"><\/div>\n\n\n\n<p>Consejos pr\u00e1cticos: Comb\u00ednalo con una visita al museo de sitio de Monts\u00e9gur. Las gargantas son frescas e ideales para los d\u00edas calurosos de verano. Un buen calzado con clavos es imprescindible para subir al Pog, que puede estar resbaladizo despu\u00e9s de llover.  <\/p>\n\n\n\n<div style=\"height:25px\" aria-hidden=\"true\" class=\"wp-block-spacer\"><\/div>\n\n\n\n<h3 class=\"wp-block-heading has-text-align-center has-secondary-color has-text-color has-link-color wp-elements-0b8ecf058e4e222e72763345bda263b0\"><strong>3. El lago de Or\u00e9don y sus orillas f\u00e1ciles<\/strong><\/h3>\n\n\n\n<div style=\"height:25px\" aria-hidden=\"true\" class=\"wp-block-spacer\"><\/div>\n\n\n\n<p>Este peque\u00f1o lago de monta\u00f1a de aguas cristalinas es un para\u00edso familiar enclavado en el coraz\u00f3n de los Pirineos de Ari\u00e8ge. Accesible por un camino ancho y se\u00f1alizado, ofrece un tel\u00f3n de fondo m\u00e1gico de prados llenos de flores y picos nevados, perfecto para que los ni\u00f1os descubran la monta\u00f1a por primera vez. Las orillas llanas facilitan los picnics, los juegos y la observaci\u00f3n de la fauna, en un ambiente sereno y relajante.  <\/p>\n\n\n\n<div style=\"height:25px\" aria-hidden=\"true\" class=\"wp-block-spacer\"><\/div>\n\n\n\n<ul class=\"wp-block-list\">\n<li>Salida \/ Llegada : Aparcamiento del lago de Or\u00e9don (v\u00eda Sentier des Lacs, valle de Aulus-les-Bains) &#8211; circuito circular a orillas del lago<\/li>\n\n\n\n<li>Distancia: de 4 a 6 km<\/li>\n\n\n\n<li>Duraci\u00f3n: de 1h30 a 2h30<\/li>\n\n\n\n<li>Dificultad: Nivel 1 &#8211; Sendero ancho y llano, accesible para cochecitos todoterreno<\/li>\n\n\n\n<li>Atracciones: lago turquesa, marmotas silbadoras, \u00edbices a lo lejos, merenderos sombreados<\/li>\n<\/ul>\n\n\n\n<div style=\"height:25px\" aria-hidden=\"true\" class=\"wp-block-spacer\"><\/div>\n\n\n\n<p>Consejos pr\u00e1cticos: Ideal para familias a partir de 3 a\u00f1os. Lleva un picnic y una manta para tumbarte junto al agua. Aparcamiento de pago en julio y agosto (5-7 \u20ac\/veh\u00edculo). Lleva prism\u00e1ticos para observar la fauna sin molestarla. Perfecto por la ma\u00f1ana para evitar las multitudes del verano.    <\/p>\n\n\n\n<div style=\"height:25px\" aria-hidden=\"true\" class=\"wp-block-spacer\"><\/div>\n<\/div>\n\n\n\n<div class=\"wp-block-group alignwide is-style-title-simple fromTop is-layout-flow wp-block-group-is-layout-flow is-style-title-simple--5\" style=\"margin-top:4rem;margin-bottom:4rem\">\n<p class=\"has-text-align-center has-secondary-color has-text-color has-link-color has-secondary-font-family has-xl-font-size wp-elements-47af4731114d661456f70562da967322\">Desaf\u00edos accesibles,<\/p>\n\n\n\n<p class=\"has-text-align-center has-primary-font-family has-sm-font-size\" style=\"text-transform:uppercase\"><strong>paisajes inolvidables<\/strong><\/p>\n<\/div>\n\n\n\n<div class=\"wp-block-group leftRight has-global-padding is-layout-constrained wp-block-group-is-layout-constrained\">\n<div class=\"wp-block-columns alignfull are-vertically-aligned-center m-ti is-layout-flex wp-container-core-columns-is-layout-0c0b91ec wp-block-columns-is-layout-flex\">\n<div class=\"wp-block-column is-vertically-aligned-center wp-block-image alignright size-large has-custom-border is-style-simple-left m-ti-image is-layout-flow wp-block-column-is-layout-flow is-style-simple-left--6\" style=\"flex-basis:60%\">\n<figure class=\"wp-block-image alignleft size-full\"><img decoding=\"async\" width=\"1920\" height=\"1282\" src=\"https:\/\/www.vap-camping.fr\/wp-content\/uploads\/2026\/02\/rando-ariege-difficulte-moyenne.webp\" alt=\"Senderismo en Ari&#xE8;ge, dificultad media, ruta de monta&#xF1;a con desnivel moderado\" class=\"wp-image-7671\" srcset=\"https:\/\/www.vap-camping.fr\/wp-content\/uploads\/2026\/02\/rando-ariege-difficulte-moyenne.webp 1920w, https:\/\/www.vap-camping.fr\/wp-content\/uploads\/2026\/02\/rando-ariege-difficulte-moyenne-600x401.webp 600w, https:\/\/www.vap-camping.fr\/wp-content\/uploads\/2026\/02\/rando-ariege-difficulte-moyenne-1024x684.webp 1024w, https:\/\/www.vap-camping.fr\/wp-content\/uploads\/2026\/02\/rando-ariege-difficulte-moyenne-768x513.webp 768w, https:\/\/www.vap-camping.fr\/wp-content\/uploads\/2026\/02\/rando-ariege-difficulte-moyenne-1536x1026.webp 1536w\" sizes=\"(max-width: 1920px) 100vw, 1920px\" \/><\/figure>\n<\/div>\n\n\n\n<div class=\"wp-block-column is-vertically-aligned-center m-ti-text is-layout-flow wp-container-core-column-is-layout-58dbe9e9 wp-block-column-is-layout-flow\" style=\"padding-left:10rem;flex-basis:40%\">\n<div class=\"wp-block-group is-style-title-left is-layout-flow wp-block-group-is-layout-flow is-style-title-left--7\">\n<p class=\"has-secondary-color has-text-color has-link-color has-secondary-font-family has-xl-font-size wp-elements-4cc70605631f739d0ca0ae4bda1f7bb7\"><em><strong><em>El equilibrio perfecto entre<\/em><\/strong><\/em><\/p>\n\n\n\n<p class=\"has-primary-color has-text-color has-link-color has-primary-font-family has-sm-font-size wp-elements-546cd6d2d1d67210cdb906f59a1b9376\" style=\"text-transform:uppercase\"><strong>esfuerzo y panorama<\/strong><\/p>\n<\/div>\n\n\n\n<h2 class=\"wp-block-heading text-title\"><strong>Los paseos m\u00e1s bellos para senderistas intermedios (Nivel 2-3)<\/strong><\/h2>\n\n\n\n<p class=\"has-m-font-size\" style=\"padding-left:2rem\"><br\/>\u00bfSueles hacer senderismo varias veces al a\u00f1o, est\u00e1s en buena forma f\u00edsica y buscas unos d\u00edas magn\u00edficos en la monta\u00f1a para recordar? Estos<strong> paseos por el Ari\u00e8ge <\/strong>ofrecen la mejor combinaci\u00f3n de esfuerzo y disfrute. Prev\u00e9n entre 4 y 6 horas de marcha, con un desnivel de entre 500 y 800 metros, y paisajes que merecen la pena pero que no requieren una t\u00e9cnica especial.  <\/p>\n<\/div>\n<\/div>\n<\/div>\n\n\n\n<div class=\"wp-block-group reveal has-global-padding is-layout-constrained wp-container-core-group-is-layout-8a400663 wp-block-group-is-layout-constrained\">\n<h3 class=\"wp-block-heading has-text-align-center has-secondary-color has-text-color has-link-color wp-elements-cb0ec8e119ec5cc3bde6fbf82646839f\">4. Recorrido por los Lagos de Bassi\u00e8s<\/h3>\n\n\n\n<div style=\"height:25px\" aria-hidden=\"true\" class=\"wp-block-spacer\"><\/div>\n\n\n\n<p>Esta ruta en bucle desde Auzat es una de las grandes cl\u00e1sicas de la Haute-Ari\u00e8ge, y una de las m\u00e1s bellas. Recorre una serie de lagos glaciares enclavados en un valle salvaje, lejos de cualquier carretera. Las aguas brillan al sol, las rocas de granito se hunden en el azul, y el silencio s\u00f3lo lo rompen el chapoteo del agua y el grito de un ave rapaz. Un paisaje en el fin del mundo, a menos de tres horas en coche de Toulouse. Atenci\u00f3n: el ascenso final a la combe de Bassi\u00e8s tiene algunos tramos de escalada de cantos rodados que merecen atenci\u00f3n.    <\/p>\n\n\n\n<div style=\"height:25px\" aria-hidden=\"true\" class=\"wp-block-spacer\"><\/div>\n\n\n\n<ul class=\"wp-block-list\">\n<li>Inicio \/ Final : Auzat, valle de Vicdessos &#8211; bucle<\/li>\n\n\n\n<li>Distancia: Aproximadamente 16 km<\/li>\n\n\n\n<li>Duraci\u00f3n: de 5 a 6 horas<\/li>\n\n\n\n<li>Dificultad: Nivel 2-3 &#8211; Sendero bien marcado, algunos tramos rocosos al final de la subida<\/li>\n\n\n\n<li>Lugares de inter\u00e9s: Cascada de N\u00e9rech, lagos de Gnioure, Moussi\u00e8res y Bassi\u00e8s, aves rapaces (milanos, ratoneros, a veces \u00e1guilas reales).<\/li>\n<\/ul>\n\n\n\n<div style=\"height:25px\" aria-hidden=\"true\" class=\"wp-block-spacer\"><\/div>\n\n\n\n<p>Consejos pr\u00e1cticos: Empieza no m\u00e1s tarde de las 8 de la ma\u00f1ana para disfrutar de la paz y la tranquilidad de los lagos antes del ajetreo veraniego. Lleva un picnic completo: no hay refrescos disponibles en la ruta. Descarga la ruta GPX antes de salir, ya que pueden faltar se\u00f1ales en la parte alta de la combe.  <\/p>\n\n\n\n<div style=\"height:25px\" aria-hidden=\"true\" class=\"wp-block-spacer\"><\/div>\n\n\n\n<h3 class=\"wp-block-heading has-text-align-center has-secondary-color has-text-color has-link-color wp-elements-6d2c60ca95f50344d6b4c3d544e4a987\">5. Lago de Fontargente (2.153 m)<\/h3>\n\n\n\n<div style=\"height:25px\" aria-hidden=\"true\" class=\"wp-block-spacer\"><\/div>\n\n\n\n<p>Desde Ax-les-Thermes, el sendero de los pastos de monta\u00f1a de Fontargente es un ascenso gradual a trav\u00e9s de un paisaje que cambia con la altitud. De los pastos a las primeras rocas, y luego a las aguas turquesas del lago de gran altitud, el descubrimiento se renueva constantemente. La subida te lleva por zonas de pastoreo frecuentadas por manadas de caballos semisalvajes, un encuentro que nunca deja de sorprender. A medida que te acercas al lago, el fondo del valle se cierra en un circo de granito de una belleza austera, con una vista directa de la l\u00ednea de cresta andorrana.   <\/p>\n\n\n\n<div style=\"height:25px\" aria-hidden=\"true\" class=\"wp-block-spacer\"><\/div>\n\n\n\n<ul class=\"wp-block-list\">\n<li>Inicio \/ Final: Pla de Las Peyres (Aston), aparcamiento Teichert &#8211; ida y vuelta<\/li>\n\n\n\n<li>Distancia: 7-8 km ida y vuelta<\/li>\n\n\n\n<li>Duraci\u00f3n: 3 horas<\/li>\n\n\n\n<li>Dificultad: Nivel 2 &#8211; Escalada regular sin tramos t\u00e9cnicos, apta para excursionistas moderadamente entrenados (+460m D+)<\/li>\n\n\n\n<li>Lugares de inter\u00e9s: Pastos de monta\u00f1a a gran altitud, caballos y reba\u00f1os semisalvajes, lago de Fontargente, cabra mont\u00e9s en las crestas fronterizas.<\/li>\n<\/ul>\n\n\n\n<div style=\"height:25px\" aria-hidden=\"true\" class=\"wp-block-spacer\"><\/div>\n\n\n\n<p>Consejos pr\u00e1cticos: evita los d\u00edas muy calurosos: la exposici\u00f3n es total por encima de los 1.800 m. Lleva al menos 2 litros de agua por persona. En verano, es imprescindible llevar protecci\u00f3n solar de factor 50 y gafas de sol de categor\u00eda 3. Los \u00edbices son m\u00e1s visibles a primera hora de la ma\u00f1ana y a \u00faltima hora de la tarde: se recomiendan prism\u00e1ticos.   <\/p>\n\n\n\n<div style=\"height:25px\" aria-hidden=\"true\" class=\"wp-block-spacer\"><\/div>\n\n\n\n<h3 class=\"wp-block-heading has-text-align-center has-secondary-color has-text-color has-link-color wp-elements-77734bc55f51a876cd6f9ec723e366ad\">6. El Pic de Saint-Barth\u00e9lemy (2.348 m)<\/h3>\n\n\n\n<div style=\"height:25px\" aria-hidden=\"true\" class=\"wp-block-spacer\"><\/div>\n\n\n\n<p>Desde el Col de P\u00e9gu\u00e8re, esta cumbre emblem\u00e1tica del Pays de Sault ofrece un ascenso variado a trav\u00e9s de hayedos centenarios, pastos de monta\u00f1a llenos de flores y crestas abiertas. La ascensi\u00f3n es hermosa de principio a fin. La vista desde la cima es impresionante: a un lado, las llanuras del Ari\u00e8ge y el Plantaurel; al otro, la cadena pirenaica cubierta de nieve hasta septiembre. Una excursi\u00f3n lo bastante exigente para ser gratificante, pero lo bastante accesible para compartirla con un grupo mixto.   <\/p>\n\n\n\n<div style=\"height:25px\" aria-hidden=\"true\" class=\"wp-block-spacer\"><\/div>\n\n\n\n<ul class=\"wp-block-list\">\n<li>Inicio\/fin: Col de P\u00e9gu\u00e8re (D16, Pays de Sault) &#8211; ida y vuelta<\/li>\n\n\n\n<li>Distancia: 12 km ida y vuelta<\/li>\n\n\n\n<li>Duraci\u00f3n: de 5 a 6 horas<\/li>\n\n\n\n<li>Dificultad: Nivel 3 &#8211; 700 m de ascenso, terreno variado, algunos tramos ventosos en crestas<\/li>\n\n\n\n<li>Atracciones: Hayedo de B\u00e9lat, panorama de 360\u00b0 desde la cima, buitres leonados en vuelo t\u00e9rmico, orqu\u00eddeas salvajes en junio<\/li>\n<\/ul>\n\n\n\n<div style=\"height:25px\" aria-hidden=\"true\" class=\"wp-block-spacer\"><\/div>\n\n\n\n<p>Consejos pr\u00e1cticos: La carretera de acceso al Col de P\u00e9gu\u00e8re puede estar cubierta de nieve hasta mayo. Las botas altas son esenciales para el terreno de la cresta. Lleva un cortaviento: el viento puede ser fuerte en la cresta de la cumbre incluso con buen tiempo en el valle. Una gran opci\u00f3n para una segunda semana de vacaciones en el Ari\u00e8ge.   <\/p>\n\n\n\n<div style=\"height:25px\" aria-hidden=\"true\" class=\"wp-block-spacer\"><\/div>\n<\/div>\n\n\n\n<div class=\"wp-block-group alignwide is-style-title-simple fromTop is-layout-flow wp-block-group-is-layout-flow is-style-title-simple--8\" style=\"margin-top:4rem;margin-bottom:4rem\">\n<p class=\"has-text-align-center has-secondary-color has-text-color has-link-color has-secondary-font-family has-xl-font-size wp-elements-1c3499472a22e905858156eeba8321b2\"><strong>Siguiendo los pasos de<\/strong><\/p>\n\n\n\n<p class=\"has-text-align-center has-primary-font-family has-sm-font-size\" style=\"text-transform:uppercase\"><strong>grandes itinerarios pirenaicos<\/strong><\/p>\n<\/div>\n\n\n\n<div class=\"wp-block-group rightLeft has-global-padding is-layout-constrained wp-block-group-is-layout-constrained\">\n<div class=\"wp-block-columns alignfull are-vertically-aligned-center m-ti is-layout-flex wp-container-core-columns-is-layout-0c0b91ec wp-block-columns-is-layout-flex\">\n<div class=\"wp-block-column is-vertically-aligned-center m-ti-text is-layout-flow wp-container-core-column-is-layout-58dbe9e9 wp-block-column-is-layout-flow\" style=\"padding-left:10rem;flex-basis:40%\">\n<div class=\"wp-block-group is-style-title-left is-layout-flow wp-block-group-is-layout-flow is-style-title-left--9\">\n<p class=\"has-secondary-color has-text-color has-link-color has-secondary-font-family has-xl-font-size wp-elements-501a7371ad2c2ffb4e85dd4a8aabfbab\"><strong>Crestas, pe\u00f1ascos, pendientes pronunciadas<\/strong>:<\/p>\n\n\n\n<p class=\"has-primary-color has-text-color has-link-color has-primary-font-family has-sm-font-size wp-elements-3a875e1ea614b473f786807d8737f692\" style=\"text-transform:uppercase\"><strong>aqu\u00ed, la experiencia es lo primero<\/strong><\/p>\n<\/div>\n\n\n\n<h2 class=\"wp-block-heading text-title\">Recorridos para senderistas experimentados (Nivel 3-4)<\/h2>\n\n\n\n<p class=\"has-m-font-size\" style=\"padding-left:2rem\"><br\/>\u00bfEres un senderista habitual, te sientes c\u00f3modo en terrenos rocosos y expuestos, y buscas retos a la altura de tus capacidades? En el Ari\u00e8ge no faltan cimas exigentes, crestas a\u00e9reas y rutas poco transitadas que recompensan el esfuerzo con panoramas grandiosos. Estas cuatro excursiones son exigentes, pero a cambio ofrecen emociones que pocas cordilleras pueden igualar.  <\/p>\n<\/div>\n\n\n\n<div class=\"wp-block-column is-vertically-aligned-center wp-block-image alignright size-large has-custom-border m-ti-image is-style-simple-right is-layout-flow wp-block-column-is-layout-flow is-style-simple-right--10\" style=\"flex-basis:60%\">\n<figure class=\"wp-block-image alignright size-full\"><img decoding=\"async\" width=\"2560\" height=\"1224\" src=\"https:\/\/www.vap-camping.fr\/wp-content\/uploads\/2026\/02\/randonnee-trek-ariege-scaled.webp\" alt=\"Senderismo en Ari&#xE8;ge por un sendero de gran altitud entre las cumbres y los valles de los Pirineos\" class=\"wp-image-7667\" srcset=\"https:\/\/www.vap-camping.fr\/wp-content\/uploads\/2026\/02\/randonnee-trek-ariege-scaled.webp 2560w, https:\/\/www.vap-camping.fr\/wp-content\/uploads\/2026\/02\/randonnee-trek-ariege-600x287.webp 600w, https:\/\/www.vap-camping.fr\/wp-content\/uploads\/2026\/02\/randonnee-trek-ariege-1024x490.webp 1024w, https:\/\/www.vap-camping.fr\/wp-content\/uploads\/2026\/02\/randonnee-trek-ariege-768x367.webp 768w, https:\/\/www.vap-camping.fr\/wp-content\/uploads\/2026\/02\/randonnee-trek-ariege-1536x734.webp 1536w, https:\/\/www.vap-camping.fr\/wp-content\/uploads\/2026\/02\/randonnee-trek-ariege-2048x979.webp 2048w\" sizes=\"(max-width: 2560px) 100vw, 2560px\" \/><\/figure>\n<\/div>\n<\/div>\n<\/div>\n\n\n\n<div class=\"wp-block-group reveal has-global-padding is-layout-constrained wp-container-core-group-is-layout-8a400663 wp-block-group-is-layout-constrained\">\n<h3 class=\"wp-block-heading has-text-align-center has-secondary-color has-text-color has-link-color wp-elements-73c8e2b5b0f9f9258c0225ed98b49d6e\">7. <strong>El Pic des Trois Seigneurs (2.199 m)<\/strong><\/h3>\n\n\n\n<div style=\"height:25px\" aria-hidden=\"true\" class=\"wp-block-spacer\"><\/div>\n\n\n\n<p>S\u00edmbolo de la regi\u00f3n de Ari\u00e8ge, esta cima es una ascensi\u00f3n legendaria que todo excursionista avezado deber\u00eda realizar al menos una vez. Visible desde gran parte del departamento, te recompensa con una panor\u00e1mica de 360\u00b0 de los Pirineos centrales: del Pic du Midi al Carlit, pasando por las cumbres andorranas. El ascenso desde Massat o Aulus-les-Bains atraviesa paisajes de turberas, bosques y prados alpinos de rara belleza. Cruzar entre los dos valles, dejando un coche en cada punto de partida, es la opci\u00f3n m\u00e1s salvaje y recomendable.   <\/p>\n\n\n\n<div style=\"height:25px\" aria-hidden=\"true\" class=\"wp-block-spacer\"><\/div>\n\n\n\n<ul class=\"wp-block-list\">\n<li>Salida \/ Llegada : Massat (Col de la Core) o Aulus-les-Bains &#8211; ida y vuelta o traves\u00eda con dos veh\u00edculos<\/li>\n\n\n\n<li>Distancia: Aproximadamente 18 km<\/li>\n\n\n\n<li>Duraci\u00f3n: de 6 a 7 horas<\/li>\n\n\n\n<li>Dificultad: Nivel 3 &#8211; 900 m de ascenso, sin tramos t\u00e9cnicos, pero largo.<\/li>\n\n\n\n<li>Lugares de inter\u00e9s: Panor\u00e1mica \u00fanica de 360\u00b0 de los Pirineos centrales, turberas del Pla de la Lau, vistas de las comarcas de Couserans y Vicdessos<\/li>\n<\/ul>\n\n\n\n<div style=\"height:25px\" aria-hidden=\"true\" class=\"wp-block-spacer\"><\/div>\n\n\n\n<p>Consejo pr\u00e1ctico: No intentes nunca esta ascensi\u00f3n en un d\u00eda nublado o cuando se aproxime una tormenta: la cresta est\u00e1 expuesta durante varios kil\u00f3metros. Sal antes de las 7 de la ma\u00f1ana para llegar a la cumbre antes del calor y las t\u00e9rmicas de primera hora de la tarde. Ideal de junio a mediados de octubre. Descarga la ruta GPX: pueden faltar marcas en las zonas de la cresta.   <\/p>\n\n\n\n<div style=\"height:25px\" aria-hidden=\"true\" class=\"wp-block-spacer\"><\/div>\n\n\n\n<h3 class=\"wp-block-heading has-text-align-center has-secondary-color has-text-color has-link-color wp-elements-3ae3284272f49687df6b3cd603214e84\">8. <strong>Circuito de los Lagos del Carlit (lado Ari\u00e8ge)<\/strong><\/h3>\n\n\n\n<div style=\"height:25px\" aria-hidden=\"true\" class=\"wp-block-spacer\"><\/div>\n\n\n\n<p>Accesible desde M\u00e9rens-les-Vals, esta zona fronteriza entre Ari\u00e8ge y Cerda\u00f1a ofrece un paisaje de granito rosa, l\u00edquenes dorados y agua pura absolutamente hechizante. Un lago de gran altitud se sucede a otro en un entorno de alta monta\u00f1a poco frecuentado, donde la soledad est\u00e1 casi garantizada incluso en pleno agosto. La ruta requiere una buena lectura del terreno y experiencia en orientaci\u00f3n en monta\u00f1a: algunos pasos no est\u00e1n se\u00f1alizados y el GPS por s\u00ed solo no basta en caso de mala visibilidad.  <\/p>\n\n\n\n<div style=\"height:25px\" aria-hidden=\"true\" class=\"wp-block-spacer\"><\/div>\n\n\n\n<ul class=\"wp-block-list\">\n<li>Inicio \/ Final : M\u00e9rens-les-Vals, Haute-Ari\u00e8ge &#8211; bucle<\/li>\n\n\n\n<li>Distancia: de 18 a 22 km seg\u00fan la variante<\/li>\n\n\n\n<li>Duraci\u00f3n: de 7h a 8h (d\u00eda largo)<\/li>\n\n\n\n<li>Dificultad: Nivel 3-4 &#8211; Terreno de alta monta\u00f1a, requiere orientaci\u00f3n, tramos fuera de sendero<\/li>\n\n\n\n<li>Atractivos: sucesi\u00f3n de lagos de gran altitud, granito rosa caracter\u00edstico, \u00e1guila real, vista panor\u00e1mica del monte Carlit (2.921 m), silencio absoluto<\/li>\n<\/ul>\n\n\n\n<div style=\"height:25px\" aria-hidden=\"true\" class=\"wp-block-spacer\"><\/div>\n\n\n\n<p>Consejos pr\u00e1cticos: Lleva un mapa IGN 1:25.000 y una br\u00fajula, adem\u00e1s de tu GPS. No hay refugios en la ruta principal. Los vivacs son posibles pero est\u00e1n regulados (a m\u00e1s de 1 hora de carreteras y pueblos). Mejor \u00e9poca del a\u00f1o: de julio a mediados de septiembre. Debes salir antes de las 7 de la ma\u00f1ana para una jornada larga de este tipo.    <\/p>\n\n\n\n<div style=\"height:25px\" aria-hidden=\"true\" class=\"wp-block-spacer\"><\/div>\n\n\n\n<h3 class=\"wp-block-heading has-text-align-center has-secondary-color has-text-color has-link-color wp-elements-694b417dbb816f4e59c5702332492c79\">9. Cr\u00eates du Tabeil (2.358 m) desde Aston<\/h3>\n\n\n\n<div style=\"height:25px\" aria-hidden=\"true\" class=\"wp-block-spacer\"><\/div>\n\n\n\n<p>Estas crestas a\u00e9reas de Aston ofrecen un recorrido vertiginoso e hist\u00f3rico por los ancestrales pastos de monta\u00f1a del macizo de Tabeil. Hay pocos cambios de altitud, pero los tramos expuestos te enfrentan a la verticalidad de los Pirineos, combinando una proeza natural con un ambiente de alta monta\u00f1a. Es una ruta inusual que atraer\u00e1 tanto a los apasionados de las vistas panor\u00e1micas como a los senderistas en busca de emociones fuertes, siempre que no tengan miedo a las alturas.  <\/p>\n\n\n\n<div style=\"height:25px\" aria-hidden=\"true\" class=\"wp-block-spacer\"><\/div>\n\n\n\n<ul class=\"wp-block-list\">\n<li>Inicio \/ Final : Aston (Aston Valley) &#8211; ida y vuelta<\/li>\n\n\n\n<li>Distancia: 14 km ida y vuelta<\/li>\n\n\n\n<li>Duraci\u00f3n: 5 horas<\/li>\n\n\n\n<li>Dificultad: Nivel 3 &#8211; Poco cambio de altitud pero pasajes muy expuestos, no recomendados para personas propensas al v\u00e9rtigo (+800m D+)<\/li>\n\n\n\n<li>Lugares de inter\u00e9s: Crestas a\u00e9reas, hist\u00f3ricos pastos de monta\u00f1a, vistas panor\u00e1micas de los Vicdessos, buitres leonados<\/li>\n<\/ul>\n\n\n\n<div style=\"height:25px\" aria-hidden=\"true\" class=\"wp-block-spacer\"><\/div>\n\n\n\n<p>Consejo pr\u00e1ctico: Evita absolutamente el tiempo h\u00famedo: la roca se vuelve resbaladiza. No te acerques al borde sin el debido cuidado. Comb\u00ednalo con una parada en Aston. Una ruta rara y memorable, 100% Ari\u00e8ge.   <\/p>\n\n\n\n<div style=\"height:25px\" aria-hidden=\"true\" class=\"wp-block-spacer\"><\/div>\n\n\n\n<h3 class=\"wp-block-heading has-text-align-center has-secondary-color has-text-color has-link-color wp-elements-36a3a2c60e7e9b26db06cfd8d4c22fa0\">10. Montcalm y el Estado &#8211; El Techo del Ari\u00e8ge (3.077 m y 3.143 m)<\/h3>\n\n\n\n<div style=\"height:25px\" aria-hidden=\"true\" class=\"wp-block-spacer\"><\/div>\n\n\n\n<p>Para los verdaderos amantes de la monta\u00f1a. El Montcalm es el punto m\u00e1s alto del Ari\u00e8ge; su vecino, el Estado, supera los 3.000 metros de altura y tiene soberan\u00eda total sobre todo el macizo fronterizo. La subida desde Pradi\u00e8res es larga, f\u00edsica y exigente, y a veces la nieve cubre los tramos septentrionales hasta julio. Pero la grandeza del lugar, la sensaci\u00f3n de altitud absoluta y la pureza del panorama sobre los Pirineos espa\u00f1oles y catalanes sit\u00faan esta jornada en otra categor\u00eda. Los senderistas entrenados pueden ascender las dos cumbres en un solo d\u00eda: es una traves\u00eda de alta monta\u00f1a en el verdadero sentido de la palabra.    <\/p>\n\n\n\n<div style=\"height:25px\" aria-hidden=\"true\" class=\"wp-block-spacer\"><\/div>\n\n\n\n<ul class=\"wp-block-list\">\n<li>Inicio \/ Final : Pradi\u00e8res, valle de Vicdessos &#8211; ida y vuelta<\/li>\n\n\n\n<li>Distancia: 22 km ida y vuelta<\/li>\n\n\n\n<li>Duraci\u00f3n: 11-12 horas (d\u00eda completo, para excursionistas muy entrenados)<\/li>\n\n\n\n<li>Dificultad: Nivel 4 &#8211; 2.000 m de ascenso, terreno rocoso y a veces cubierto de nieve, orientaci\u00f3n necesaria, pasos expuestos<\/li>\n\n\n\n<li>Lugares de inter\u00e9s: Punto m\u00e1s alto del Ari\u00e8ge (Montcalm, 3.077 m), cumbre del Estado (3.143 m), glaciar residual, vistas panor\u00e1micas de los Pirineos espa\u00f1oles y catalanes.<\/li>\n<\/ul>\n\n\n\n<div style=\"height:25px\" aria-hidden=\"true\" class=\"wp-block-spacer\"><\/div>\n\n\n\n<p>Consejos pr\u00e1cticos: Es imprescindible salir entre las 5.30 y las 6.00 h: las tormentas de verano suelen azotar el Ariege, a 3.000 m de altitud, a partir de las 13.00 o las 14.00 h. Equipo completo de alta monta\u00f1a (crampones ligeros seg\u00fan las condiciones). Consulta la previsi\u00f3n meteorol\u00f3gica de alta monta\u00f1a (M\u00e9t\u00e9o-France montagne) la v\u00edspera. Te recomendamos encarecidamente que te acompa\u00f1e un gu\u00eda profesional para esta ascensi\u00f3n, sobre todo al principio de la temporada.   <\/p>\n\n\n\n<div style=\"height:25px\" aria-hidden=\"true\" class=\"wp-block-spacer\"><\/div>\n\n\n\n<div style=\"height:25px\" aria-hidden=\"true\" class=\"wp-block-spacer\"><\/div>\n<\/div>\n\n\n\n<div class=\"wp-block-group rightLeft has-global-padding is-layout-constrained wp-block-group-is-layout-constrained\">\n<div class=\"wp-block-columns alignfull are-vertically-aligned-center m-ti is-layout-flex wp-container-core-columns-is-layout-0c0b91ec wp-block-columns-is-layout-flex\">\n<div class=\"wp-block-column is-vertically-aligned-center wp-block-image alignright size-large has-custom-border m-ti-image is-style-simple-right is-layout-flow wp-block-column-is-layout-flow is-style-simple-right--11\" style=\"flex-basis:60%\">\n<figure class=\"wp-block-image alignright size-full\"><img decoding=\"async\" width=\"1920\" height=\"1076\" src=\"https:\/\/www.vap-camping.fr\/wp-content\/uploads\/2026\/02\/sortie-nature-ariege.webp\" alt=\"consejos para excursionistas en Ari&#xE8;ge\" class=\"wp-image-7612\" srcset=\"https:\/\/www.vap-camping.fr\/wp-content\/uploads\/2026\/02\/sortie-nature-ariege.webp 1920w, https:\/\/www.vap-camping.fr\/wp-content\/uploads\/2026\/02\/sortie-nature-ariege-600x336.webp 600w, https:\/\/www.vap-camping.fr\/wp-content\/uploads\/2026\/02\/sortie-nature-ariege-1024x574.webp 1024w, https:\/\/www.vap-camping.fr\/wp-content\/uploads\/2026\/02\/sortie-nature-ariege-768x430.webp 768w, https:\/\/www.vap-camping.fr\/wp-content\/uploads\/2026\/02\/sortie-nature-ariege-1536x861.webp 1536w\" sizes=\"(max-width: 1920px) 100vw, 1920px\" \/><\/figure>\n<\/div>\n\n\n\n<div class=\"wp-block-column is-vertically-aligned-center m-ti-text is-layout-flow wp-container-core-column-is-layout-58dbe9e9 wp-block-column-is-layout-flow\" style=\"padding-left:10rem;flex-basis:40%\">\n<div class=\"wp-block-group is-style-title-left is-layout-flow wp-block-group-is-layout-flow is-style-title-left--12\">\n<p class=\"has-secondary-color has-text-color has-link-color has-secondary-font-family has-xl-font-size wp-elements-4a86404eff97262329e21074adef6226\"><strong>para una escapada serena<\/strong><\/p>\n\n\n\n<p class=\"has-primary-color has-text-color has-link-color has-primary-font-family has-sm-font-size wp-elements-ceed9312af184ded9f35f6971c375782\" style=\"text-transform:uppercase\"><strong><strong>en Ari\u00e8ge<\/strong><\/strong><\/p>\n<\/div>\n\n\n\n<h2 class=\"wp-block-heading text-title\">Consejos para hacer senderismo en Ari\u00e8ge<\/h2>\n\n\n\n<p class=\"has-m-font-size\" style=\"padding-left:2rem\">Sea cual sea la excursi\u00f3n que elijas, sal siempre equipado con <strong>botas <\/strong>impermeables, <strong>ropa en capas<\/strong> y mucha agua.<\/p>\n\n\n\n<p class=\"has-m-font-size\" style=\"padding-left:2rem\">El tiempo en la monta\u00f1a cambia r\u00e1pidamente y sin previo aviso: en el Ari\u00e8ge en particular, las tormentas de verano pueden formarse en cuesti\u00f3n de horas en las crestas, incluso despu\u00e9s de una ma\u00f1ana luminosa. Antes de salir, <a href=\"https:\/\/meteofrance.com\/previsions-meteo-france\/ariege\/9\" target=\"_blank\" rel=\"noreferrer noopener nofollow\">comprueba las condiciones meteorol\u00f3gicas<\/a>. <\/p>\n\n\n\n<p class=\"has-m-font-size\" style=\"padding-left:2rem\">Para las rutas de nivel 3 y 4, ir con <strong>un <a href=\"https:\/\/www.guides-ariege.com\/\" target=\"_blank\" rel=\"noreferrer noopener nofollow\">l\u00edder de <\/a> monta\u00f1a<\/strong>suele ser la mejor opci\u00f3n.<\/p>\n<\/div>\n<\/div>\n<\/div>\n\n\n\n<div style=\"height:100px\" aria-hidden=\"true\" class=\"wp-block-spacer\"><\/div>\n\n\n\n<div class=\"wp-block-group rightLeft has-global-padding is-layout-constrained wp-block-group-is-layout-constrained\">\n<div class=\"wp-block-columns alignfull are-vertically-aligned-center m-ti is-layout-flex wp-container-core-columns-is-layout-0c0b91ec wp-block-columns-is-layout-flex\">\n<div class=\"wp-block-column is-vertically-aligned-center m-ti-text is-layout-flow wp-container-core-column-is-layout-58dbe9e9 wp-block-column-is-layout-flow\" style=\"padding-left:10rem;flex-basis:40%\">\n<div class=\"wp-block-group is-style-title-left is-layout-flow wp-block-group-is-layout-flow is-style-title-left--13\">\n<p class=\"has-secondary-color has-text-color has-link-color has-secondary-font-family has-xl-font-size wp-elements-f6091500d5b8c11cdca1fe9d798c0247\"><strong>Centrarse en el GR10  <\/strong><\/p>\n\n\n\n<p class=\"has-primary-color has-text-color has-link-color has-primary-font-family has-sm-font-size wp-elements-56dc29465b557c0c53d510763b6e9cb2\" style=\"text-transform:uppercase\"><strong>la legendaria ruta de los Pirineos<\/strong><\/p>\n<\/div>\n\n\n\n<h2 class=\"wp-block-heading text-title\"><strong><strong><strong>El GR10 en Ari\u00e8ge: la gran traves\u00eda de los Pirineos<\/strong><\/strong><\/strong><\/h2>\n\n\n\n<p class=\"has-m-font-size\" style=\"padding-left:2rem\">El<strong> GR10<\/strong> es el gran sendero que <strong>atraviesa toda la cadena pirenaica<\/strong>, desde el Atl\u00e1ntico hasta el Mediterr\u00e1neo. En la Ari\u00e8ge, une M\u00e9rens-les-Vals con Aulus-les-Bains, pasando por zonas emblem\u00e1ticas como los <strong>Vicdessos <\/strong>y <strong>Montcalm<\/strong>. <\/p>\n\n\n\n<p class=\"has-m-font-size\" style=\"padding-left:2rem\">Uno de los puntos culminantes del GR10 en Ari\u00e8ge es la etapa <strong>M\u00e9rens-les-Vals &#8211; Refuge du Rulhe<\/strong> (unos 13 km), que te sumerge r\u00e1pidamente en la atm\u00f3sfera mineral de la alta monta\u00f1a.  <\/p>\n\n\n\n<p class=\"has-m-font-size\" style=\"padding-left:2rem\">M\u00e1s al oeste, la traves\u00eda <strong>Auzat &#8211; Refugio del Bassi\u00e8s<\/strong> (de 15 a 17 km seg\u00fan la opci\u00f3n) te lleva al coraz\u00f3n de los lagos glaciares de los Vicdessos.  <\/p>\n\n\n\n<p class=\"has-m-font-size\" style=\"padding-left:2rem\">Entre <strong>Aulus-les-Bains y el Col de la Core<\/strong> (casi 18 km), el sendero serpentea por crestas y pastos con vistas a los Couserans. Distancias razonables para una jornada s\u00f3lida, siempre que vayas bien preparado. <\/p>\n<\/div>\n\n\n\n<div class=\"wp-block-column is-vertically-aligned-center wp-block-image alignright size-large has-custom-border m-ti-image is-style-simple-right is-layout-flow wp-block-column-is-layout-flow is-style-simple-right--14\" style=\"flex-basis:60%\">\n<figure class=\"wp-block-image alignright size-full\"><img decoding=\"async\" width=\"1920\" height=\"1253\" src=\"https:\/\/www.vap-camping.fr\/wp-content\/uploads\/2026\/02\/camping-gr10-ariege.webp\" alt=\"Senderismo por el GR10 en Ari&#xE8;ge a trav&#xE9;s de los Pirineos\" class=\"wp-image-7545\" srcset=\"https:\/\/www.vap-camping.fr\/wp-content\/uploads\/2026\/02\/camping-gr10-ariege.webp 1920w, https:\/\/www.vap-camping.fr\/wp-content\/uploads\/2026\/02\/camping-gr10-ariege-600x392.webp 600w, https:\/\/www.vap-camping.fr\/wp-content\/uploads\/2026\/02\/camping-gr10-ariege-1024x668.webp 1024w, https:\/\/www.vap-camping.fr\/wp-content\/uploads\/2026\/02\/camping-gr10-ariege-768x501.webp 768w, https:\/\/www.vap-camping.fr\/wp-content\/uploads\/2026\/02\/camping-gr10-ariege-1536x1002.webp 1536w\" sizes=\"(max-width: 1920px) 100vw, 1920px\" \/><\/figure>\n<\/div>\n<\/div>\n<\/div>\n\n\n\n<div class=\"wp-block-group reveal has-global-padding is-layout-constrained wp-container-core-group-is-layout-8a400663 wp-block-group-is-layout-constrained\">\n<div style=\"height:20px\" aria-hidden=\"true\" class=\"wp-block-spacer\"><\/div>\n<\/div>\n\n\n\n<div class=\"wp-block-group alignwide is-style-title-simple fromTop is-layout-flow wp-block-group-is-layout-flow is-style-title-simple--15\" style=\"margin-top:4rem;margin-bottom:4rem\">\n<p class=\"has-text-align-center has-secondary-color has-text-color has-link-color has-secondary-font-family has-xl-font-size wp-elements-395baf42bed94329aaad91d94347a9ab\">Senderismo en Ari\u00e8ge<\/p>\n\n\n\n<p class=\"has-text-align-center has-primary-font-family has-sm-font-size\" style=\"text-transform:uppercase\"><strong>CON VAP Camping<\/strong><\/p>\n<\/div>\n\n\n\n<div class=\"wp-block-group reveal has-global-padding is-layout-constrained wp-container-core-group-is-layout-8a400663 wp-block-group-is-layout-constrained\">\n<div class=\"wp-block-group has-global-padding is-layout-constrained wp-container-core-group-is-layout-70f4fdbb wp-block-group-is-layout-constrained\">\n<p style=\"border-radius:0px;margin-top:2;margin-right:2;margin-bottom:2;margin-left:2\">VAP Camping te facilita la planificaci\u00f3n de tus <strong>vacaciones de senderismo en Ari\u00e8ge<\/strong>.  <\/p>\n\n\n\n<div style=\"height:20px\" aria-hidden=\"true\" class=\"wp-block-spacer\"><\/div>\n\n\n\n<p style=\"border-radius:0px;margin-top:2;margin-right:2;margin-bottom:2;margin-left:2\">Nuestros cinco <a href=\"https:\/\/www.vap-camping.fr\/es\/\">campings de Ari\u00e8ge<\/a>, en el coraz\u00f3n de la regi\u00f3n de Ari\u00e8ge-Pirineos, son puntos de partida estrat\u00e9gicos para los itinerarios m\u00e1s bellos del departamento.  <\/p>\n\n\n\n<div style=\"height:20px\" aria-hidden=\"true\" class=\"wp-block-spacer\"><\/div>\n\n\n\n<p style=\"border-radius:0px;margin-top:2;margin-right:2;margin-bottom:2;margin-left:2\">Nuestros paquetes VAP te permiten cambiar de camping cada 2-3 d\u00edas para seguir una ruta de senderismo tem\u00e1tica en el Ari\u00e8ge.  <\/p>\n\n\n\n<div style=\"height:20px\" aria-hidden=\"true\" class=\"wp-block-spacer\"><\/div>\n\n\n\n<p style=\"border-radius:0px;margin-top:2;margin-right:2;margin-bottom:2;margin-left:2\">Una forma flexible y eficaz de dedicar tu semana a lo esencial: caminar, descubrir y aprovechar al m\u00e1ximo las monta\u00f1as del Ari\u00e8ge.<\/p>\n<\/div>\n\n\n\n<div style=\"height:25px\" aria-hidden=\"true\" class=\"wp-block-spacer\"><\/div>\n\n\n\n<div style=\"height:25px\" aria-hidden=\"true\" class=\"wp-block-spacer\"><\/div>\n<\/div>\n<\/div>\n","protected":false},"excerpt":{"rendered":"<p>Campings &amp; &#8211; ari\u00e8ge Ari\u00e8ge, tierra de caminantes Menos frecuentado que sus vecinos pirenaicos, el Ari\u00e8ge cultiva un entorno de monta\u00f1a m\u00e1s agreste, tranquilo y exigente. Lagos de gran altitud, crestas a\u00e9reas, pastos de monta\u00f1a que se abren a Andorra: el campo de juego es inmenso. He aqu\u00ed las 10 excursiones imprescindibles en Ari\u00e8ge, desde [&hellip;]<\/p>\n","protected":false},"author":1,"featured_media":7638,"comment_status":"closed","ping_status":"closed","sticky":false,"template":"","format":"standard","meta":{"_acf_changed":false,"_seopress_robots_primary_cat":"none","_seopress_titles_title":"Los 10 paseos m\u00e1s bonitos de Ari\u00e8ge (de f\u00e1cil a experto) | VAP Camping","_seopress_titles_desc":"Descubre los mejores paseos por el Ari\u00e8ge: lagos de gran altitud, cumbres legendarias y paseos familiares. Top 10 detallado con distancias y niveles. ","_seopress_robots_index":"","ouverture":"","nombre_de_locations":"","nombre_demplacements":"","adresse":"","numero_de_telephone":"","email":"","url_du_site":"","footnotes":""},"categories":[28],"tags":[],"class_list":["post-8165","post","type-post","status-publish","format-standard","has-post-thumbnail","hentry","category-sin-categoria"],"acf":[],"_links":{"self":[{"href":"https:\/\/www.vap-camping.fr\/es\/wp-json\/wp\/v2\/posts\/8165","targetHints":{"allow":["GET"]}}],"collection":[{"href":"https:\/\/www.vap-camping.fr\/es\/wp-json\/wp\/v2\/posts"}],"about":[{"href":"https:\/\/www.vap-camping.fr\/es\/wp-json\/wp\/v2\/types\/post"}],"author":[{"embeddable":true,"href":"https:\/\/www.vap-camping.fr\/es\/wp-json\/wp\/v2\/users\/1"}],"replies":[{"embeddable":true,"href":"https:\/\/www.vap-camping.fr\/es\/wp-json\/wp\/v2\/comments?post=8165"}],"version-history":[{"count":1,"href":"https:\/\/www.vap-camping.fr\/es\/wp-json\/wp\/v2\/posts\/8165\/revisions"}],"predecessor-version":[{"id":8167,"href":"https:\/\/www.vap-camping.fr\/es\/wp-json\/wp\/v2\/posts\/8165\/revisions\/8167"}],"wp:featuredmedia":[{"embeddable":true,"href":"https:\/\/www.vap-camping.fr\/es\/wp-json\/wp\/v2\/media\/7638"}],"wp:attachment":[{"href":"https:\/\/www.vap-camping.fr\/es\/wp-json\/wp\/v2\/media?parent=8165"}],"wp:term":[{"taxonomy":"category","embeddable":true,"href":"https:\/\/www.vap-camping.fr\/es\/wp-json\/wp\/v2\/categories?post=8165"},{"taxonomy":"post_tag","embeddable":true,"href":"https:\/\/www.vap-camping.fr\/es\/wp-json\/wp\/v2\/tags?post=8165"}],"curies":[{"name":"wp","href":"https:\/\/api.w.org\/{rel}","templated":true}]}}