{"id":8172,"date":"2026-03-03T10:43:04","date_gmt":"2026-03-03T10:43:04","guid":{"rendered":"https:\/\/www.vap-camping.fr\/que-faire-en-ariege\/"},"modified":"2026-03-11T16:15:24","modified_gmt":"2026-03-11T16:15:24","slug":"que-faire-en-ariege","status":"publish","type":"post","link":"https:\/\/www.vap-camping.fr\/es\/que-faire-en-ariege\/","title":{"rendered":"Qu\u00e9 hacer en Ari\u00e8ge Naturaleza, aventura y patrimonio: la gu\u00eda completa"},"content":{"rendered":"\n<div class=\"wp-block-group alignfull is-layout-flow wp-container-core-group-is-layout-8af317cd wp-block-group-is-layout-flow\">\n<div class=\"wp-block-group hero-camp fromOpacity is-layout-flow wp-block-group-is-layout-flow\" style=\"margin-bottom:20rem\">\n<div class=\"wp-block-group alignfull hero-img fromOpacity is-layout-flow wp-block-group-is-layout-flow\">\n<figure class=\"wp-block-image size-full\"><img decoding=\"async\" width=\"1920\" height=\"1280\" src=\"https:\/\/www.vap-camping.fr\/wp-content\/uploads\/2026\/03\/guide-visite-ariege.webp\" alt=\"Descubre todos nuestros consejos para preparar tu estancia en Ari&#xE8;ge\" class=\"wp-image-7763\" srcset=\"https:\/\/www.vap-camping.fr\/wp-content\/uploads\/2026\/03\/guide-visite-ariege.webp 1920w, https:\/\/www.vap-camping.fr\/wp-content\/uploads\/2026\/03\/guide-visite-ariege-600x400.webp 600w, https:\/\/www.vap-camping.fr\/wp-content\/uploads\/2026\/03\/guide-visite-ariege-1024x683.webp 1024w, https:\/\/www.vap-camping.fr\/wp-content\/uploads\/2026\/03\/guide-visite-ariege-768x512.webp 768w, https:\/\/www.vap-camping.fr\/wp-content\/uploads\/2026\/03\/guide-visite-ariege-1536x1024.webp 1536w\" sizes=\"(max-width: 1920px) 100vw, 1920px\" \/><\/figure>\n<\/div>\n\n\n\n<div class=\"wp-block-group hero-desc has-secondary-background-color has-background fromOpacity is-layout-flow wp-block-group-is-layout-flow\" style=\"border-top-right-radius:90px;border-bottom-right-radius:90px;padding-top:2rem;padding-bottom:2rem;padding-left:5rem\"><h1 style=\"font-size:clamp(3.037rem, 3.037rem + ((1vw - 0.2rem) * 4.018), 6rem);\" class=\"has-link-color wp-elements-971196805a816ee349c8ae4f34a1c7a7 wp-block-post-title has-text-color has-white-color has-secondary-font-family\">Qu\u00e9 hacer en Ari\u00e8ge Naturaleza, aventura y patrimonio: la gu\u00eda completa<\/h1>\n\n\n<div class=\"wp-block-group is-nowrap is-layout-flex wp-container-core-group-is-layout-3b4e9d3e wp-block-group-is-layout-flex\">\n<p class=\"has-white-color has-text-color has-link-color has-sm-font-size wp-elements-accc2c0e07d2842f8af08a35c4ffe0cd\" style=\"font-style:normal;font-weight:500;text-transform:uppercase\">Campings<\/p>\n\n\n\n<figure class=\"wp-block-image size-full\"><img alt=\"\" decoding=\"async\" src=\"https:\/\/www.vap-camping.fr\/wp-content\/themes\/vap\/assets\/img\/svg\/star-white.svg\" alt=\"\" class=\"wp-image-657\"\/><\/figure>\n\n\n\n<figure class=\"wp-block-image size-full\"><img alt=\"\" decoding=\"async\" src=\"https:\/\/www.vap-camping.fr\/wp-content\/themes\/vap\/assets\/img\/svg\/star-white.svg\" alt=\"\" class=\"wp-image-657\"\/><\/figure>\n\n\n\n<figure class=\"wp-block-image size-full\"><img alt=\"\" decoding=\"async\" src=\"https:\/\/www.vap-camping.fr\/wp-content\/themes\/vap\/assets\/img\/svg\/star-white.svg\" alt=\"\" class=\"wp-image-657\"\/><\/figure>\n\n\n\n<p class=\"has-white-color has-text-color has-link-color has-sm-font-size wp-elements-607150ecce0303d631b7810c1641f883\" style=\"font-style:normal;font-weight:500;text-transform:uppercase\">&amp;<\/p>\n\n\n\n<figure class=\"wp-block-image size-full\"><img alt=\"\" decoding=\"async\" src=\"https:\/\/www.vap-camping.fr\/wp-content\/themes\/vap\/assets\/img\/svg\/star-white.svg\" alt=\"\" class=\"wp-image-657\"\/><\/figure>\n\n\n\n<figure class=\"wp-block-image size-full\"><img alt=\"\" decoding=\"async\" src=\"https:\/\/www.vap-camping.fr\/wp-content\/themes\/vap\/assets\/img\/svg\/star-white.svg\" alt=\"\" class=\"wp-image-657\"\/><\/figure>\n\n\n\n<figure class=\"wp-block-image size-full\"><img alt=\"\" decoding=\"async\" src=\"https:\/\/www.vap-camping.fr\/wp-content\/themes\/vap\/assets\/img\/svg\/star-white.svg\" alt=\"\" class=\"wp-image-657\"\/><\/figure>\n\n\n\n<figure class=\"wp-block-image size-full\"><img alt=\"\" decoding=\"async\" src=\"https:\/\/www.vap-camping.fr\/wp-content\/themes\/vap\/assets\/img\/svg\/star-white.svg\" alt=\"\" class=\"wp-image-657\"\/><\/figure>\n\n\n\n<p class=\"has-white-color has-text-color has-link-color has-sm-font-size wp-elements-1a34ad81246e10b53e4765b457d96474\" style=\"font-style:normal;font-weight:500;text-transform:uppercase\">&#8211; ariGe<\/p>\n<\/div>\n<\/div>\n<\/div>\n\n\n\n<div class=\"wp-block-group has-global-padding is-layout-constrained wp-block-group-is-layout-constrained\">\n<div class=\"wp-block-columns alignfull m-ti is-layout-flex wp-container-core-columns-is-layout-0c0b91ec wp-block-columns-is-layout-flex\">\n<div class=\"wp-block-column is-vertically-aligned-center leftRight m-ti-text is-layout-flow wp-block-column-is-layout-flow\" style=\"padding-left:10rem;flex-basis:40%\">\n<div class=\"wp-block-group is-style-title-left is-layout-flow wp-block-group-is-layout-flow is-style-title-left--1\">\n<p class=\"has-secondary-color has-text-color has-link-color has-secondary-font-family has-xl-font-size wp-elements-9c39013851d98479c8a052e68e0bd26f\"><em>Ari\u00e8ge,<\/em><\/p>\n\n\n\n<p class=\"has-primary-color has-text-color has-link-color has-primary-font-family has-sm-font-size wp-elements-e001a0aa964be2f585ed972e380629c0\" style=\"text-transform:uppercase\"><strong>el secreto mejor guardado de los Pirineos<\/strong><\/p>\n<\/div>\n\n\n\n<p class=\"has-m-font-size\" style=\"padding-left:2rem\">Hay algunos destinos que te guardas para ti, por miedo a que los invadan. <strong>Ari\u00e8ge es uno de ellos<\/strong>. Encajada entre Toulouse y las <strong>altas cumbres de los Pirineos<\/strong>, esta tierra virgen combina <strong>cuevas prehist\u00f3ricas<\/strong>, <strong>castillos c\u00e1taros<\/strong>, arroyos caudalosos y tradiciones rurales a\u00fan muy vivas. Ya seas <strong>excursionista<\/strong>, aficionado a la historia, entusiasta de <strong>la gastronom\u00eda <\/strong>o simplemente busques un cambio de aires, en <a href=\"https:\/\/www.vap-camping.fr\/es\/\">un camping de Ari\u00e8ge<\/a> encontrar\u00e1s mucho m\u00e1s de lo que esperabas. Aqu\u00ed tienes la gu\u00eda completa para organizar tu estancia.   <\/p>\n\n\n\n<div style=\"height:20px\" aria-hidden=\"true\" class=\"wp-block-spacer\"><\/div>\n<\/div>\n\n\n\n<div class=\"wp-block-column is-vertically-aligned-stretch rightLeft m-ti-image is-style-simple-right is-layout-flow wp-block-column-is-layout-flow is-style-simple-right--2\" style=\"flex-basis:60%\">\n<figure class=\"wp-block-image alignright size-large\"><img decoding=\"async\" width=\"1024\" height=\"680\" src=\"https:\/\/www.vap-camping.fr\/wp-content\/uploads\/2026\/03\/meilleures-activites-ariege-camping-vap-1024x680.webp\" alt=\"Las mejores cosas que hacer en Ari&#xE8;ge con VAP Camping\" class=\"wp-image-7757\" srcset=\"https:\/\/www.vap-camping.fr\/wp-content\/uploads\/2026\/03\/meilleures-activites-ariege-camping-vap-1024x680.webp 1024w, https:\/\/www.vap-camping.fr\/wp-content\/uploads\/2026\/03\/meilleures-activites-ariege-camping-vap-600x398.webp 600w, https:\/\/www.vap-camping.fr\/wp-content\/uploads\/2026\/03\/meilleures-activites-ariege-camping-vap-768x510.webp 768w, https:\/\/www.vap-camping.fr\/wp-content\/uploads\/2026\/03\/meilleures-activites-ariege-camping-vap-1536x1020.webp 1536w, https:\/\/www.vap-camping.fr\/wp-content\/uploads\/2026\/03\/meilleures-activites-ariege-camping-vap.webp 1920w\" sizes=\"(max-width: 1024px) 100vw, 1024px\" \/><\/figure>\n<\/div>\n<\/div>\n<\/div>\n\n\n\n<div class=\"wp-block-group alignwide is-style-title-simple fromTop is-layout-flow wp-block-group-is-layout-flow is-style-title-simple--3\" style=\"margin-top:4rem;margin-bottom:4rem\">\n<p class=\"has-text-align-center has-secondary-color has-text-color has-link-color has-secondary-font-family has-xl-font-size wp-elements-027e077f2f6df745e5949ce83dc72447\"><em>Tierra de historia,<\/em><\/p>\n\n\n\n<p class=\"has-text-align-center has-primary-font-family has-sm-font-size\" style=\"text-transform:uppercase\"><strong>de la vida y de la huida<\/strong><\/p>\n<\/div>\n\n\n\n<div style=\"background-image:url(&#039;https:\/\/www.vap-camping.fr\/wp-content\/uploads\/2026\/03\/visite-chateau-foix-camping-ariege.webp&#039;);background-position:95% 57.99999999999999%;background-size:cover;\" class=\"wp-block-group bg-img-part reveal is-layout-flow wp-block-group-is-layout-flow has-background\">\n<div class=\"wp-block-columns alignfull is-layout-flex wp-container-core-columns-is-layout-28f84493 wp-block-columns-is-layout-flex\">\n<div class=\"wp-block-column part-void is-layout-flow wp-block-column-is-layout-flow\" style=\"flex-basis:55%\"><\/div>\n\n\n\n<div class=\"wp-block-column part-content is-layout-flow wp-block-column-is-layout-flow\" style=\"flex-basis:45%\">\n<div class=\"wp-block-group is-bg-rounded is-layout-flow wp-container-core-group-is-layout-75c87b2e wp-block-group-is-layout-flow\">\n<div class=\"wp-block-group is-style-title-flip has-global-padding is-layout-constrained wp-block-group-is-layout-constrained is-style-title-flip--4\">\n<p class=\"has-text-align-right has-secondary-font-family has-xl-font-size\">Tras las huellas de los c\u00e1taros<\/p>\n\n\n\n<p class=\"has-text-align-right has-sm-font-size\" style=\"text-transform:uppercase\">y el hombre primitivo<\/p>\n\n\n\n<h2 class=\"wp-block-heading has-text-align-right text-title\"><br\/>Visitar el Ari\u00e8ge: sus monumentos y lugares hist\u00f3ricos<\/h2>\n\n\n\n<p class=\"has-text-align-right\"><br\/>Pocos departamentos franceses concentran tantas capas de historia en un territorio tan compacto. En Ari\u00e8ge,<strong>el arte paleol\u00edtico <\/strong>se codea con <strong>las ruinas c\u00e1taras<\/strong>, las <strong>bastidas medievales<\/strong> y los <strong>vestigios romanos<\/strong>, a veces a s\u00f3lo unos kil\u00f3metros de distancia. Una estancia en Ari\u00e8ge es como un viaje a trav\u00e9s del tiempo y de la historia.  <br\/><\/p>\n<\/div>\n<\/div>\n<\/div>\n<\/div>\n<\/div>\n\n\n\n<div class=\"wp-block-group reveal has-global-padding is-layout-constrained wp-container-core-group-is-layout-8a400663 wp-block-group-is-layout-constrained\">\n<h3 class=\"wp-block-heading has-text-align-center has-secondary-color has-text-color has-link-color wp-elements-c55de156574d8e6a63e72e13e970f006\">Castillo de Foix: el centinela de los Pirineos<\/h3>\n\n\n\n<div style=\"height:25px\" aria-hidden=\"true\" class=\"wp-block-spacer\"><\/div>\n\n\n\n<p>Es imposible <a href=\"https:\/\/www.vap-camping.fr\/es\/lieux\/camping-foix\/\">visitar Foix <\/a>sin alzar la vista hacia las tres torres que dominan la ciudad desde un saliente rocoso. Este <strong>castillo medieval del siglo XI<\/strong> es m\u00e1s que un simple tel\u00f3n de fondo: es un libro de historia abierto sobre los condes de Foix, las <strong>guerras c\u00e1taras<\/strong> y las tensiones entre los se\u00f1ores locales y los reyes de Francia. <\/p>\n\n\n\n<div style=\"height:25px\" aria-hidden=\"true\" class=\"wp-block-spacer\"><\/div>\n\n\n\n<p>El <strong>dise\u00f1o interior<\/strong>, completamente modernizado, sumerge al visitante en la vida cotidiana de la Edad Media, de forma inteligente y sin cursiler\u00edas. Calcula unas <strong><a href=\"https:\/\/www.vap-camping.fr\/es\/lieux\/chateau-de-foix\/\">1h30 para la visita<\/a><\/strong>T\u00f3mate tu tiempo para disfrutar de la <strong>vista panor\u00e1mica <\/strong>de las estribaciones de los Pirineos desde la pasarela cubierta. <\/p>\n\n\n\n<div style=\"height:25px\" aria-hidden=\"true\" class=\"wp-block-spacer\"><\/div>\n\n\n\n<ul class=\"wp-block-list\">\n<li>Informaci\u00f3n pr\u00e1ctica: abierto todo el a\u00f1o, precio de adulto en torno a 7 euros. Ideal al principio de tu visita para comprender el contexto hist\u00f3rico del departamento. <\/li>\n<\/ul>\n\n\n\n<div style=\"height:25px\" aria-hidden=\"true\" class=\"wp-block-spacer\"><\/div>\n\n\n\n<div style=\"height:25px\" aria-hidden=\"true\" class=\"wp-block-spacer\"><\/div>\n\n\n\n<h3 class=\"wp-block-heading has-text-align-center has-secondary-color has-text-color has-link-color wp-elements-09fc30a4e7ac86da7c0b3aa0572f1812\">Cuevas prehist\u00f3ricas: 14.000 a\u00f1os de arte bajo tierra<\/h3>\n\n\n\n<div style=\"height:25px\" aria-hidden=\"true\" class=\"wp-block-spacer\"><\/div>\n\n\n\n<p>La Ari\u00e8ge es una de las zonas m\u00e1s ricas de Europa en arte paleol\u00edtico. La <strong><a href=\"https:\/\/www.vap-camping.fr\/es\/lieux\/grotte-de-niaux\/\">cueva de Niaux<\/a><\/strong>en Tarascon-sur-Ari\u00e8ge es su joya: los<strong> bisontes, caballos y ciervos pintados<\/strong> en la &#8220;habitaci\u00f3n negra&#8221;<strong> hace 14.000 a\u00f1os<\/strong> siguen siendo tan precisos y expresivos como siempre. Una visita guiada a este museo natural subterr\u00e1neo, l\u00e1mpara en mano, es una experiencia verdaderamente memorable.  <\/p>\n\n\n\n<div style=\"height:25px\" aria-hidden=\"true\" class=\"wp-block-spacer\"><\/div>\n\n\n\n<p>Cerca de all\u00ed, la <strong><a href=\"https:\/\/www.vap-camping.fr\/es\/lieux\/grotte-de-lombrive\/\">gruta de Lombrives<\/a><\/strong> es una de las cuevas naturales m\u00e1s grandes de Europa: sus galer\u00edas, estalactitas y leyendas locales hacen que la visita sea muy diferente, m\u00e1s geol\u00f3gica y espectacular. Para profundizar en la prehistoria, el<strong> <a href=\"https:\/\/www.vap-camping.fr\/es\/lieux\/camping-tarascon-sur-ariege\/\">Parque de la Prehistoria de Tarascon-sur-Ari\u00e8ge<\/a><\/strong> ofrece talleres interactivos y reconstrucciones a tama\u00f1o real, perfectas para las familias. <\/p>\n\n\n\n<div style=\"height:25px\" aria-hidden=\"true\" class=\"wp-block-spacer\"><\/div>\n\n\n\n<ul class=\"wp-block-list\">\n<li>Informaci\u00f3n pr\u00e1ctica: las visitas a Niaux s\u00f3lo se pueden concertar previamente, y las plazas se agotan r\u00e1pidamente en verano, as\u00ed que planif\u00edcalas con al menos dos semanas de antelaci\u00f3n.<\/li>\n<\/ul>\n\n\n\n<div style=\"height:25px\" aria-hidden=\"true\" class=\"wp-block-spacer\"><\/div>\n\n\n\n<h3 class=\"wp-block-heading has-text-align-center has-secondary-color has-text-color has-link-color wp-elements-1921f80820635b11ff651b796843dabd\">Mirepoix: la bastida medieval con sus fachadas pintadas<\/h3>\n\n\n\n<div style=\"height:25px\" aria-hidden=\"true\" class=\"wp-block-spacer\"><\/div>\n\n\n\n<p>Al pie de los Pirineos, a 35 km de Foix, <a href=\"https:\/\/www.vap-camping.fr\/es\/lieux\/camping-mirepoix\/\"><strong>Mirepoix<\/strong> <\/a>es uno de esos pueblos a los que llegas por una hora y te quedas todo el d\u00eda. Su plaza central, enmarcada por tejados de madera tallada que datan del siglo XIII, est\u00e1 considerada una de las <strong>plazas medievales m\u00e1s bellas de Francia<\/strong>. El mercado del lunes por la ma\u00f1ana despliega sus colores y olores en un ambiente intemporal.  <\/p>\n\n\n\n<div style=\"height:25px\" aria-hidden=\"true\" class=\"wp-block-spacer\"><\/div>\n\n\n\n<p>En julio, el <strong>Festival Medieval<\/strong> transforma la ciudad en un escenario de recreaci\u00f3n hist\u00f3rica viviente: artesanos de \u00e9poca, caballeros, malabaristas y sabores locales se dan cita en un ambiente festivo y familiar. Merece la pena divertirse. <\/p>\n\n\n\n<div style=\"height:25px\" aria-hidden=\"true\" class=\"wp-block-spacer\"><\/div>\n\n\n\n<h3 class=\"wp-block-heading has-text-align-center has-secondary-color has-text-color has-link-color wp-elements-f0d39fe40f14f11f2a0d26d8813f3d25\">Monts\u00e9gur: el monumento c\u00e1taro en la cima del mundo<\/h3>\n\n\n\n<div style=\"height:25px\" aria-hidden=\"true\" class=\"wp-block-spacer\"><\/div>\n\n\n\n<p>La p\u00e1gina <strong><a href=\"https:\/\/www.vap-camping.fr\/es\/lieux\/chateau-de-montsegur\/\">castillo de Monts\u00e9gur<\/a><\/strong> no es una ruina m\u00e1s. Encaramado a 1.216 metros de altitud sobre un saliente rocoso, este &#8220;pog&#8221; de nombre occitano fue el <strong>\u00faltimo refugio de los c\u00e1taros<\/strong> antes de su tr\u00e1gica rendici\u00f3n en 1244. El<strong>ascenso a pie<\/strong> (unos 45 minutos desde el pueblo) es accesible para la mayor\u00eda de los senderistas, y el panorama desde las ruinas sobre la regi\u00f3n de Olmes es impresionante.  <\/p>\n\n\n\n<div style=\"height:25px\" aria-hidden=\"true\" class=\"wp-block-spacer\"><\/div>\n\n\n\n<p>El lugar rezuma una atm\u00f3sfera especial, impregnada de historia y espiritualidad, que tambi\u00e9n sienten los amantes de lo esot\u00e9rico y lo medieval. Lleva calzado adecuado y una buena botella de agua, ya que la subida se realiza bajo la luz directa del sol. <\/p>\n\n\n\n<div style=\"height:25px\" aria-hidden=\"true\" class=\"wp-block-spacer\"><\/div>\n<\/div>\n\n\n\n<div class=\"wp-block-group alignwide is-style-title-simple fromTop is-layout-flow wp-block-group-is-layout-flow is-style-title-simple--5\" style=\"margin-top:4rem;margin-bottom:4rem\">\n<p class=\"has-text-align-center has-secondary-color has-text-color has-link-color has-secondary-font-family has-xl-font-size wp-elements-be2c31da085b505282264fba207089c0\"><em><strong><em>Ari\u00e8ge,<\/em><\/strong><\/em><\/p>\n\n\n\n<p class=\"has-text-align-center has-primary-font-family has-sm-font-size\" style=\"text-transform:uppercase\"><strong><strong>una tierra de monta\u00f1as y aventuras en cada estaci\u00f3n<\/strong><\/strong><\/p>\n<\/div>\n\n\n\n<div class=\"wp-block-group leftRight has-global-padding is-layout-constrained wp-block-group-is-layout-constrained\">\n<div class=\"wp-block-columns alignfull are-vertically-aligned-center m-ti is-layout-flex wp-container-core-columns-is-layout-0c0b91ec wp-block-columns-is-layout-flex\">\n<div class=\"wp-block-column is-vertically-aligned-center wp-block-image alignright size-large has-custom-border is-style-simple-left m-ti-image is-layout-flow wp-block-column-is-layout-flow is-style-simple-left--6\" style=\"flex-basis:60%\">\n<figure class=\"wp-block-image alignleft size-full\"><img decoding=\"async\" width=\"2560\" height=\"1224\" src=\"https:\/\/www.vap-camping.fr\/wp-content\/uploads\/2026\/02\/randonnee-trek-ariege-scaled.webp\" alt=\"Descubre las rutas m&#xE1;s bonitas alrededor del Pic du Montcalm\" class=\"wp-image-7667\" srcset=\"https:\/\/www.vap-camping.fr\/wp-content\/uploads\/2026\/02\/randonnee-trek-ariege-scaled.webp 2560w, https:\/\/www.vap-camping.fr\/wp-content\/uploads\/2026\/02\/randonnee-trek-ariege-600x287.webp 600w, https:\/\/www.vap-camping.fr\/wp-content\/uploads\/2026\/02\/randonnee-trek-ariege-1024x490.webp 1024w, https:\/\/www.vap-camping.fr\/wp-content\/uploads\/2026\/02\/randonnee-trek-ariege-768x367.webp 768w, https:\/\/www.vap-camping.fr\/wp-content\/uploads\/2026\/02\/randonnee-trek-ariege-1536x734.webp 1536w, https:\/\/www.vap-camping.fr\/wp-content\/uploads\/2026\/02\/randonnee-trek-ariege-2048x979.webp 2048w\" sizes=\"(max-width: 2560px) 100vw, 2560px\" \/><\/figure>\n<\/div>\n\n\n\n<div class=\"wp-block-column is-vertically-aligned-center m-ti-text is-layout-flow wp-container-core-column-is-layout-58dbe9e9 wp-block-column-is-layout-flow\" style=\"padding-left:10rem;flex-basis:40%\">\n<div class=\"wp-block-group is-style-title-left is-layout-flow wp-block-group-is-layout-flow is-style-title-left--7\">\n<p class=\"has-secondary-color has-text-color has-link-color has-secondary-font-family has-xl-font-size wp-elements-63aa2eb0267bf9495b25a6be34265cc8\"><em><strong><em><strong>Pirineos de Ari\u00e8ge<\/strong><\/em><\/strong><\/em><\/p>\n\n\n\n<p class=\"has-primary-color has-text-color has-link-color has-primary-font-family has-sm-font-size wp-elements-438918581f3bdb071cfa9b72aa07c28e\" style=\"text-transform:uppercase\"><strong><strong>para todos los niveles<\/strong><\/strong><\/p>\n<\/div>\n\n\n\n<h2 class=\"wp-block-heading text-title\"><strong>Senderismo y bicicleta de monta\u00f1a en Ari\u00e8ge<\/strong><\/h2>\n\n\n\n<p class=\"has-m-font-size\" style=\"padding-left:2rem\">El Ari\u00e8ge es una regi\u00f3n monta\u00f1osa exigente y generosa. Sus valles, lagos de gran altitud y puertos de monta\u00f1a ofrecen <strong>itinerarios <\/strong>para todos los gustos, desde <strong>los paseantes domingueros<\/strong> hasta <strong>los excursionistas <\/strong>que buscan un soplo de aire fresco y un poco de esfuerzo. He aqu\u00ed los lugares y actividades que no debes perderte.  <\/p>\n<\/div>\n<\/div>\n<\/div>\n\n\n\n<div class=\"wp-block-group reveal has-global-padding is-layout-constrained wp-container-core-group-is-layout-8a400663 wp-block-group-is-layout-constrained\">\n<h3 class=\"wp-block-heading has-text-align-center has-secondary-color has-text-color has-link-color wp-elements-94a36220a18fb584d0162576ad3314a0\"><br\/>Escalada Montcalm: el techo del Ari\u00e8ge<\/h3>\n\n\n\n<div style=\"height:25px\" aria-hidden=\"true\" class=\"wp-block-spacer\"><\/div>\n\n\n\n<p>Con 3.077 metros, <strong>el Montcalm <\/strong>es el <strong>pico m\u00e1s alto del Ari\u00e8ge<\/strong>. Escalarlo desde el puerto de Bouet (accesible en coche en verano) es una gran <a href=\"https:\/\/www.vap-camping.fr\/es\/plus-belles-randonnees-ariege\/\">excursi\u00f3n de un d\u00eda<\/a>, sin necesidad de equipo de alpinismo. El sendero bien se\u00f1alizado recompensa tus esfuerzos con vistas panor\u00e1micas de los Pirineos espa\u00f1oles y catalanes. S\u00f3lo para senderistas experimentados, de junio a septiembre.   <\/p>\n\n\n\n<div style=\"height:25px\" aria-hidden=\"true\" class=\"wp-block-spacer\"><\/div>\n\n\n\n<h3 class=\"wp-block-heading has-text-align-center has-secondary-color has-text-color has-link-color wp-elements-66a35af1895e9bf8ab3a59cd535f891f\">Lago Bethmale: colores esmeralda en el coraz\u00f3n de Couserans<\/h3>\n\n\n\n<div style=\"height:25px\" aria-hidden=\"true\" class=\"wp-block-spacer\"><\/div>\n\n\n\n<p>Enclavado en el valle de Couserans, el<strong> <a href=\"https:\/\/www.vap-camping.fr\/es\/lieux\/lac-de-bethmale\/\">lago de Bethmale<\/a><\/strong> es uno de los lagos de monta\u00f1a m\u00e1s fotog\u00e9nicos de Occitanie. Sus aguas <strong>verde turquesa<\/strong>, rodeadas de densos <strong>bosques <\/strong>de abetos y hayas, son el escenario perfecto para un <strong>paseo familiar <\/strong>o un descanso contemplativo. <strong>Se tarda unas 2 horas en dar la vuelta al lago<\/strong>, y es accesible para todos. Por el camino, no dejes de probar el <strong>Tomme de Bethmale<\/strong>, un queso prensado afrutado producido en las granjas locales.   <\/p>\n\n\n\n<div style=\"height:25px\" aria-hidden=\"true\" class=\"wp-block-spacer\"><\/div>\n\n\n\n<h3 class=\"wp-block-heading has-text-align-center has-secondary-color has-text-color has-link-color wp-elements-3c6ebfd54f8d96d35e204437c107f594\">El Plateau de Beille: esqu\u00ed de fondo en invierno, senderismo y bicicleta de monta\u00f1a en verano<\/h3>\n\n\n\n<div style=\"height:25px\" aria-hidden=\"true\" class=\"wp-block-spacer\"><\/div>\n\n\n\n<p>La <strong><a href=\"https:\/\/www.vap-camping.fr\/es\/lieux\/plateau-de-beille\/\">meseta de Beille<\/a><\/strong> es un espacio natural en altitud (entre 1.800 y 2.000 metros) con usos estacionales complementarios. En invierno, alberga una de las <strong>mayores zonas de esqu\u00ed n\u00f3rdico de los Pirineos<\/strong> (70 km de pistas), ideal para <strong>practicar esqu\u00ed de fondo<\/strong> y <strong>raquetas de nieve<\/strong>. En verano, los altos prados se cubren de flores y se convierten en un patio de recreo para <strong>senderistas <\/strong>y <strong>ciclistas de monta\u00f1a<\/strong>. Marmotas, buitres leonados y rebecos completan el cuadro.   <\/p>\n\n\n\n<div style=\"height:25px\" aria-hidden=\"true\" class=\"wp-block-spacer\"><\/div>\n<\/div>\n\n\n\n<div class=\"wp-block-group alignwide is-style-title-simple fromTop is-layout-flow wp-block-group-is-layout-flow is-style-title-simple--8\" style=\"margin-top:4rem;margin-bottom:4rem\">\n<p class=\"has-text-align-center has-secondary-color has-text-color has-link-color has-secondary-font-family has-xl-font-size wp-elements-1595609279b51037bf3e2ba5314708e8\"><strong>Naturaleza, esfuerzo, huida<\/strong>:<\/p>\n\n\n\n<p class=\"has-text-align-center has-primary-font-family has-sm-font-size\" style=\"text-transform:uppercase\"><strong>el Ari\u00e8ge sin l\u00edmites<\/strong><\/p>\n<\/div>\n\n\n\n<div class=\"wp-block-group rightLeft has-global-padding is-layout-constrained wp-block-group-is-layout-constrained\">\n<div class=\"wp-block-columns alignfull are-vertically-aligned-center m-ti is-layout-flex wp-container-core-columns-is-layout-0c0b91ec wp-block-columns-is-layout-flex\">\n<div class=\"wp-block-column is-vertically-aligned-center m-ti-text is-layout-flow wp-container-core-column-is-layout-58dbe9e9 wp-block-column-is-layout-flow\" style=\"padding-left:10rem;flex-basis:40%\">\n<div class=\"wp-block-group is-style-title-left is-layout-flow wp-block-group-is-layout-flow is-style-title-left--9\">\n<p class=\"has-secondary-color has-text-color has-link-color has-secondary-font-family has-xl-font-size wp-elements-cbbb2c5170df9aebffa7f5a470a972b2\">Actividades en la naturaleza y deportes sensacionales<\/p>\n\n\n\n<p class=\"has-primary-color has-text-color has-link-color has-primary-font-family has-sm-font-size wp-elements-899a96136566af51b5b0f550a58fa991\" style=\"text-transform:uppercase\"><strong>en los Pirineos<\/strong><\/p>\n<\/div>\n\n\n\n<h2 class=\"wp-block-heading text-title\">El Ari\u00e8ge al aire libre: rafting, escalada y aventuras en la monta\u00f1a<\/h2>\n\n\n\n<p class=\"has-m-font-size\" style=\"padding-left:2rem\">Adem\u00e1s del senderismo, el Ari\u00e8ge es un patio de recreo excepcional para los visitantes<strong>que buscan adrenalina<\/strong>. Sus r\u00edos torrenciales, sus acantilados calc\u00e1reos y sus redes subterr\u00e1neas ofrecen un amplio abanico de<strong>actividades emocionantes<\/strong>. <\/p>\n<\/div>\n\n\n\n<div class=\"wp-block-column is-vertically-aligned-center wp-block-image alignright size-large has-custom-border m-ti-image is-style-simple-right is-layout-flow wp-block-column-is-layout-flow is-style-simple-right--10\" style=\"flex-basis:60%\">\n<figure class=\"wp-block-image alignright size-full\"><img decoding=\"async\" width=\"2284\" height=\"1280\" src=\"https:\/\/www.vap-camping.fr\/wp-content\/uploads\/2026\/03\/kayak-camping-riviere-ariege.webp\" alt=\"pirag&#xFC;ismo y kayak en el r&#xED;o Ari&#xE8;ge\" class=\"wp-image-7785\" srcset=\"https:\/\/www.vap-camping.fr\/wp-content\/uploads\/2026\/03\/kayak-camping-riviere-ariege.webp 2284w, https:\/\/www.vap-camping.fr\/wp-content\/uploads\/2026\/03\/kayak-camping-riviere-ariege-600x336.webp 600w, https:\/\/www.vap-camping.fr\/wp-content\/uploads\/2026\/03\/kayak-camping-riviere-ariege-1024x574.webp 1024w, https:\/\/www.vap-camping.fr\/wp-content\/uploads\/2026\/03\/kayak-camping-riviere-ariege-768x430.webp 768w, https:\/\/www.vap-camping.fr\/wp-content\/uploads\/2026\/03\/kayak-camping-riviere-ariege-1536x861.webp 1536w, https:\/\/www.vap-camping.fr\/wp-content\/uploads\/2026\/03\/kayak-camping-riviere-ariege-2048x1148.webp 2048w\" sizes=\"(max-width: 2284px) 100vw, 2284px\" \/><\/figure>\n<\/div>\n<\/div>\n<\/div>\n\n\n\n<div class=\"wp-block-group reveal has-global-padding is-layout-constrained wp-container-core-group-is-layout-8a400663 wp-block-group-is-layout-constrained\">\n<h3 class=\"wp-block-heading has-text-align-center has-secondary-color has-text-color has-link-color wp-elements-a6ef5f3d1aa9fe75eb9f476fd975f2d5\"><br\/>Rafting y kayak en los r\u00edos Ari\u00e8ge y Aston<\/h3>\n\n\n\n<div style=\"height:25px\" aria-hidden=\"true\" class=\"wp-block-spacer\"><\/div>\n\n\n\n<p>De mayo a septiembre, los <strong>r\u00edos del Ari\u00e8ge<\/strong>, crecidos por el deshielo, ofrecen condiciones ideales para los deportes de aguas bravas. El Ari\u00e8ge y su afluente el Aston ofrecen una gran variedad de recorridos, desde tranquilos ca\u00f1ones familiares para <a href=\"https:\/\/www.vap-camping.fr\/es\/lieux\/descente-en-canoe-sur-lhers-vif\/\">practicar pirag\u00fcismo <\/a>hasta r\u00e1pidos t\u00e9cnicos para los m\u00e1s experimentados. Numerosos centros locales ofrecen cursos de iniciaci\u00f3n <a href=\"https:\/\/www.vap-camping.fr\/es\/lieux\/la-belle-verte-rafting-foix\/\">al rafting<\/a> y al barranquismo, sin necesidad de experiencia previa, y con supervisi\u00f3n profesional. La relaci\u00f3n calidad-precio es excelente.   <\/p>\n\n\n\n<div style=\"height:25px\" aria-hidden=\"true\" class=\"wp-block-spacer\"><\/div>\n\n\n\n<h3 class=\"wp-block-heading has-text-align-center has-secondary-color has-text-color has-link-color wp-elements-66315d00cf4b2c4533745dff84601290\">V\u00edas ferratas en Ornolac y Riv\u00e8renert: v\u00e9rtigo accesible<\/h3>\n\n\n\n<div style=\"height:25px\" aria-hidden=\"true\" class=\"wp-block-spacer\"><\/div>\n\n\n\n<p>Las<strong> v\u00edas ferratas de Ornolac<\/strong> y <strong>Riv\u00e8renert <\/strong>son de las m\u00e1s espectaculares de los Pirineos. Cables, escaleras, puentes de mono y pasarelas suspendidas te permiten escalar los acantilados con un m\u00ednimo de experiencia, con un impresionante tel\u00f3n de fondo de valles. En Ornolac en particular, la panor\u00e1mica del valle de Vicdessos desde los pasos m\u00e1s expuestos merece la pena por s\u00ed sola. Alquiler de material disponible in situ.   <\/p>\n\n\n\n<div style=\"height:25px\" aria-hidden=\"true\" class=\"wp-block-spacer\"><\/div>\n\n\n\n<h3 class=\"wp-block-heading has-text-align-center has-secondary-color has-text-color has-link-color wp-elements-711095700a2d0027f4503c5f73028174\">Espeleolog\u00eda: explora las entra\u00f1as del Ari\u00e8ge<\/h3>\n\n\n\n<div style=\"height:25px\" aria-hidden=\"true\" class=\"wp-block-spacer\"><\/div>\n\n\n\n<p>El Ari\u00e8ge subterr\u00e1neo es tan vasto como su territorio superficial. Adem\u00e1s de las <strong>cuevas abiertas al<\/strong> p\u00fablico en general, hay muchas cavidades naturales ideales para la<strong>iniciaci\u00f3n a la espeleolog\u00eda<\/strong>. Con pasadizos estrechos, c\u00e1maras colosales, gours cristalinos y concreciones milenarias, cada exploraci\u00f3n es una aventura \u00fanica. Los clubes y gu\u00edas locales ofrecen salidas de descubrimiento seguras para todas las edades, con todo el equipo proporcionado.   <\/p>\n\n\n\n<div style=\"height:25px\" aria-hidden=\"true\" class=\"wp-block-spacer\"><\/div>\n\n\n\n<h3 class=\"wp-block-heading has-text-align-center has-secondary-color has-text-color has-link-color wp-elements-26068efad13e05d80ebdb32c57429a96\">Ciclismo y BTT: de la Velosc\u00e9nie a los senderos de monta\u00f1a<\/h3>\n\n\n\n<div style=\"height:25px\" aria-hidden=\"true\" class=\"wp-block-spacer\"><\/div>\n\n\n\n<p>La red ciclista del Ariege combina paseos familiares por los fondos de los valles, rutas tur\u00edsticas como la <strong>V\u00e9loroute du Pays Cathare<\/strong>, y senderos t\u00e9cnicos en altitud para ciclistas de monta\u00f1a experimentados. Descubre el <a href=\"https:\/\/www.vap-camping.fr\/es\/lieux\/velo-au-prat-dalbis\/\">Prat d&#8217;Albis en bici<\/a>, \u00a1una experiencia \u00fanica! La bicicleta el\u00e9ctrica ha transformado la accesibilidad de las rutas de monta\u00f1a, permitiendo a todo el mundo cruzar los puertos sin ning\u00fan hero\u00edsmo f\u00edsico particular. Los productores locales y las posadas de los pueblos ofrecen agradables descansos gastron\u00f3micos a lo largo del camino.   <\/p>\n\n\n\n<div style=\"height:25px\" aria-hidden=\"true\" class=\"wp-block-spacer\"><\/div>\n<\/div>\n\n\n\n<div class=\"wp-block-group rightLeft has-global-padding is-layout-constrained wp-block-group-is-layout-constrained\">\n<div class=\"wp-block-columns alignfull are-vertically-aligned-center m-ti is-layout-flex wp-container-core-columns-is-layout-0c0b91ec wp-block-columns-is-layout-flex\">\n<div class=\"wp-block-column is-vertically-aligned-center wp-block-image alignright size-large has-custom-border m-ti-image is-style-simple-right is-layout-flow wp-block-column-is-layout-flow is-style-simple-right--11\" style=\"flex-basis:60%\">\n<figure class=\"wp-block-image alignright size-full\"><img decoding=\"async\" width=\"1920\" height=\"1280\" src=\"https:\/\/www.vap-camping.fr\/wp-content\/uploads\/2026\/03\/sejour-thermal-camping-ariege.webp\" alt=\"La ciudad balneario de Ax es famosa por sus aguas sulfurosas\" class=\"wp-image-7789\" srcset=\"https:\/\/www.vap-camping.fr\/wp-content\/uploads\/2026\/03\/sejour-thermal-camping-ariege.webp 1920w, https:\/\/www.vap-camping.fr\/wp-content\/uploads\/2026\/03\/sejour-thermal-camping-ariege-600x400.webp 600w, https:\/\/www.vap-camping.fr\/wp-content\/uploads\/2026\/03\/sejour-thermal-camping-ariege-1024x683.webp 1024w, https:\/\/www.vap-camping.fr\/wp-content\/uploads\/2026\/03\/sejour-thermal-camping-ariege-768x512.webp 768w, https:\/\/www.vap-camping.fr\/wp-content\/uploads\/2026\/03\/sejour-thermal-camping-ariege-1536x1024.webp 1536w\" sizes=\"(max-width: 1920px) 100vw, 1920px\" \/><\/figure>\n<\/div>\n\n\n\n<div class=\"wp-block-column is-vertically-aligned-center m-ti-text is-layout-flow wp-container-core-column-is-layout-58dbe9e9 wp-block-column-is-layout-flow\" style=\"padding-left:10rem;flex-basis:40%\">\n<div class=\"wp-block-group is-style-title-left is-layout-flow wp-block-group-is-layout-flow is-style-title-left--12\">\n<p class=\"has-secondary-color has-text-color has-link-color has-secondary-font-family has-xl-font-size wp-elements-4a5a18493f9390715a21a714b1449a70\"><strong>Relajaci\u00f3n y aguas termales naturales<\/strong><\/p>\n\n\n\n<p class=\"has-primary-color has-text-color has-link-color has-primary-font-family has-sm-font-size wp-elements-278bc81653e3bcf89da5c4f96da2d5ce\" style=\"text-transform:uppercase\"><strong><strong>en el coraz\u00f3n de los Pirineos<\/strong><\/strong><\/p>\n<\/div>\n\n\n\n<h2 class=\"wp-block-heading text-title\"><strong><strong>Bienestar termal: las termas de Ax-les-Thermes<\/strong><\/strong><\/h2>\n\n\n\n<p class=\"has-m-font-size\" style=\"padding-left:2rem\">Conocidas desde la \u00e9poca romana, las termas de Ax-les-Thermes son una instituci\u00f3n del Ari\u00e8ge.  <\/p>\n\n\n\n<p class=\"has-m-font-size\" style=\"padding-left:2rem\">\u00bfQu\u00e9 tiene de especial Ax? Sus <strong>piscinas p\u00fablicas al aire libre<\/strong>, de acceso gratuito, en pleno centro del pueblo.   <\/p>\n\n\n\n<p class=\"has-m-font-size\" style=\"padding-left:2rem\">Despu\u00e9s de un d\u00eda de senderismo o esqu\u00ed (la estaci\u00f3n de Ax 3 Domaines est\u00e1 a s\u00f3lo unos kil\u00f3metros), no hay nada como un chapuz\u00f3n en estas <strong>aguas sulfurosas a 70\u00b0C<\/strong>, rebajadas a una temperatura m\u00e1s suave en las piscinas p\u00fablicas.  <\/p>\n\n\n\n<p class=\"has-m-font-size\" style=\"padding-left:2rem\">Otros establecimientos termales, como los <a href=\"https:\/\/www.vap-camping.fr\/es\/lieux\/station-thermale-bains-du-couloubret\/\">ba\u00f1os de Coulobret<\/a>, tambi\u00e9n ofrecen curas y tratamientos especializados para los visitantes del balneario.<\/p>\n<\/div>\n<\/div>\n<\/div>\n\n\n\n<div style=\"height:100px\" aria-hidden=\"true\" class=\"wp-block-spacer\"><\/div>\n\n\n\n<div class=\"wp-block-group rightLeft has-global-padding is-layout-constrained wp-block-group-is-layout-constrained\">\n<div class=\"wp-block-columns alignfull are-vertically-aligned-center m-ti is-layout-flex wp-container-core-columns-is-layout-0c0b91ec wp-block-columns-is-layout-flex\">\n<div class=\"wp-block-column is-vertically-aligned-center m-ti-text is-layout-flow wp-container-core-column-is-layout-58dbe9e9 wp-block-column-is-layout-flow\" style=\"padding-left:10rem;flex-basis:40%\">\n<div class=\"wp-block-group is-style-title-left is-layout-flow wp-block-group-is-layout-flow is-style-title-left--13\">\n<p class=\"has-secondary-color has-text-color has-link-color has-secondary-font-family has-xl-font-size wp-elements-4cb6cb2e5ff2599ee20d11b2f1714f58\"><strong>Entre granjas de gran altitud<\/strong><\/p>\n\n\n\n<p class=\"has-primary-color has-text-color has-link-color has-primary-font-family has-sm-font-size wp-elements-f9174ef18ab8126ae3c4f0878ed768d1\" style=\"text-transform:uppercase\"><strong>y mesas gourmet<\/strong><\/p>\n<\/div>\n\n\n\n<h2 class=\"wp-block-heading text-title\"><strong><strong>Gastronom\u00eda: los aut\u00e9nticos sabores de la regi\u00f3n de Ari\u00e8ge<\/strong><\/strong><\/h2>\n\n\n\n<p>La cocina de Ari\u00e8ge es cocina de monta\u00f1a: generosa, sin florituras, arraigada en las tradiciones rurales. Encontrar\u00e1s algunos platos imprescindibles en <a href=\"https:\/\/www.vap-camping.fr\/es\/lieux\/marche-des-cabannes\/\">los mercados<\/a>, en las posadas de los pueblos o directamente de los productores. <\/p>\n<\/div>\n\n\n\n<div class=\"wp-block-column is-vertically-aligned-center wp-block-image alignright size-large has-custom-border m-ti-image is-style-simple-right is-layout-flow wp-block-column-is-layout-flow is-style-simple-right--14\" style=\"flex-basis:60%\">\n<figure class=\"wp-block-image alignright size-full\"><img decoding=\"async\" width=\"1920\" height=\"1280\" src=\"https:\/\/www.vap-camping.fr\/wp-content\/uploads\/2026\/03\/gastronomie-ariege-fromage-pyrenees.webp\" alt=\"prueba los mejores quesos de los Pirineos de Ari&#xE8;ge\" class=\"wp-image-7793\" srcset=\"https:\/\/www.vap-camping.fr\/wp-content\/uploads\/2026\/03\/gastronomie-ariege-fromage-pyrenees.webp 1920w, https:\/\/www.vap-camping.fr\/wp-content\/uploads\/2026\/03\/gastronomie-ariege-fromage-pyrenees-600x400.webp 600w, https:\/\/www.vap-camping.fr\/wp-content\/uploads\/2026\/03\/gastronomie-ariege-fromage-pyrenees-1024x683.webp 1024w, https:\/\/www.vap-camping.fr\/wp-content\/uploads\/2026\/03\/gastronomie-ariege-fromage-pyrenees-768x512.webp 768w, https:\/\/www.vap-camping.fr\/wp-content\/uploads\/2026\/03\/gastronomie-ariege-fromage-pyrenees-1536x1024.webp 1536w\" sizes=\"(max-width: 1920px) 100vw, 1920px\" \/><\/figure>\n<\/div>\n<\/div>\n<\/div>\n\n\n\n<div class=\"wp-block-group reveal has-global-padding is-layout-constrained wp-container-core-group-is-layout-8a400663 wp-block-group-is-layout-constrained\">\n<div style=\"height:25px\" aria-hidden=\"true\" class=\"wp-block-spacer\"><\/div>\n\n\n\n<p><strong>Tomme de Bethmale y quesos de monta\u00f1a<\/strong>: producidos en los pastos de alta monta\u00f1a, estos quesos prensados tienen un sabor dulce y afrutado inimitable. Pru\u00e9balos con pan de granja local. <\/p>\n\n\n\n<div style=\"height:25px\" aria-hidden=\"true\" class=\"wp-block-spacer\"><\/div>\n\n\n\n<p><strong>Embutidos de granja<\/strong>: jamones secos, salchichas y morcillas a la pirenaica se pueden encontrar en todos los mercados del departamento.<\/p>\n\n\n\n<div style=\"height:25px\" aria-hidden=\"true\" class=\"wp-block-spacer\"><\/div>\n\n\n\n<p><strong>Pato confitado y platos cocinados a fuego lento<\/strong>: puedes sentir la cercan\u00eda de Gascu\u00f1a en esta cocina r\u00fastica, que calienta a los excursionistas que vuelven de las monta\u00f1as.<\/p>\n\n\n\n<div style=\"height:25px\" aria-hidden=\"true\" class=\"wp-block-spacer\"><\/div>\n\n\n\n<p><strong>Pastis de Ari\u00e8ge<\/strong>: este pastel hojaldrado aromatizado con brandy y manzanas es el dulce caracter\u00edstico del departamento, y se puede encontrar en todas las pasteler\u00edas locales.<\/p>\n\n\n\n<div style=\"height:25px\" aria-hidden=\"true\" class=\"wp-block-spacer\"><\/div>\n\n\n\n<p><strong>Miel de monta\u00f1a<\/strong>: producida por apicultores cuyas colmenas se benefician de la rica flora de los Pirineos, es el acompa\u00f1amiento perfecto para una tabla de quesos o una simple rebanada de pan.<\/p>\n<\/div>\n\n\n\n<div class=\"wp-block-group reveal has-global-padding is-layout-constrained wp-container-core-group-is-layout-8a400663 wp-block-group-is-layout-constrained\">\n<div style=\"height:20px\" aria-hidden=\"true\" class=\"wp-block-spacer\"><\/div>\n<\/div>\n\n\n\n<div class=\"wp-block-group alignwide is-style-title-simple fromTop is-layout-flow wp-block-group-is-layout-flow is-style-title-simple--15\" style=\"margin-top:4rem;margin-bottom:4rem\">\n<p class=\"has-text-align-center has-secondary-color has-text-color has-link-color has-secondary-font-family has-xl-font-size wp-elements-eb52f6ceb2d45ac8a887ab12b9cbac9c\">\u00bfD\u00f3nde dormir en Ari\u00e8ge?<\/p>\n\n\n\n<p class=\"has-text-align-center has-primary-font-family has-sm-font-size\" style=\"text-transform:uppercase\"><strong>La experiencia de acampar a gran escala<\/strong><\/p>\n<\/div>\n\n\n\n<div class=\"wp-block-group reveal has-global-padding is-layout-constrained wp-container-core-group-is-layout-8a400663 wp-block-group-is-layout-constrained\">\n<div class=\"wp-block-group has-global-padding is-layout-constrained wp-container-core-group-is-layout-70f4fdbb wp-block-group-is-layout-constrained\">\n<h2 class=\"wp-block-heading\"><br\/><strong><strong>D\u00f3nde alojarse en Ari\u00e8ge: sum\u00e9rgete en la naturaleza<\/strong><\/strong><\/h2>\n\n\n\n<div style=\"height:20px\" aria-hidden=\"true\" class=\"wp-block-spacer\"><\/div>\n\n\n\n<p style=\"border-radius:0px;margin-top:2;margin-right:2;margin-bottom:2;margin-left:2\">Si quieres descubrir el Ari\u00e8ge en las mejores condiciones, elegir un<strong> camping de la red VAP<\/strong> significa instalarte lo m\u00e1s cerca posible de la monta\u00f1a, disfrutando al mismo tiempo de todas las comodidades y servicios que puedas desear.  <\/p>\n\n\n\n<p style=\"border-radius:0px;margin-top:2;margin-right:2;margin-bottom:2;margin-left:2\">Nuestros <a href=\"https:\/\/www.vap-camping.fr\/es\/\">campings de 3 y 4 estrellas en Ari\u00e8ge<\/a> est\u00e1n situados en entornos naturales privilegiados -a orillas de un lago, en un valle o a las puertas de los grandes parajes pirenaicos- y ofrecen una base ideal desde la que explorar paseos, r\u00edos y pueblos pintorescos.  <\/p>\n\n\n\n<p style=\"border-radius:0px;margin-top:2;margin-right:2;margin-bottom:2;margin-left:2\"><strong>Parcelas <\/strong>espaciosas, <strong>mobil-homes<\/strong> totalmente equipados y una acogida personalizada combinan libertad, convivencia y una estancia de calidad. Dormir en Ari\u00e8ge es prolongar tu experiencia natural hasta las estrellas. <\/p>\n\n\n\n<div style=\"height:20px\" aria-hidden=\"true\" class=\"wp-block-spacer\"><\/div>\n<\/div>\n\n\n\n<div style=\"height:25px\" aria-hidden=\"true\" class=\"wp-block-spacer\"><\/div>\n\n\n\n<div style=\"height:25px\" aria-hidden=\"true\" class=\"wp-block-spacer\"><\/div>\n<\/div>\n<\/div>\n","protected":false},"excerpt":{"rendered":"<p>Campings &amp; &#8211; ariGe Ari\u00e8ge, el secreto mejor guardado de los Pirineos Hay algunos destinos que te guardas para ti, por miedo a que los invadan. Ari\u00e8ge es uno de ellos. Encajada entre Toulouse y las altas cumbres de los Pirineos, esta tierra virgen combina cuevas prehist\u00f3ricas, castillos c\u00e1taros, arroyos caudalosos y tradiciones rurales a\u00fan [&hellip;]<\/p>\n","protected":false},"author":1,"featured_media":7766,"comment_status":"closed","ping_status":"closed","sticky":false,"template":"","format":"standard","meta":{"_acf_changed":false,"_seopress_robots_primary_cat":"none","_seopress_titles_title":"Qu\u00e9 hacer en Ari\u00e8ge Naturaleza, aventura y patrimonio: la gu\u00eda completa ","_seopress_titles_desc":"Explora la Ari\u00e8ge, tierra de naturaleza salvaje, rico patrimonio y emocionantes aventuras. Perfecto para los amantes del senderismo y la gastronom\u00eda local. ","_seopress_robots_index":"","ouverture":"","nombre_de_locations":"","nombre_demplacements":"","adresse":"","numero_de_telephone":"","email":"","url_du_site":"","footnotes":""},"categories":[28],"tags":[],"class_list":["post-8172","post","type-post","status-publish","format-standard","has-post-thumbnail","hentry","category-sin-categoria"],"acf":[],"_links":{"self":[{"href":"https:\/\/www.vap-camping.fr\/es\/wp-json\/wp\/v2\/posts\/8172","targetHints":{"allow":["GET"]}}],"collection":[{"href":"https:\/\/www.vap-camping.fr\/es\/wp-json\/wp\/v2\/posts"}],"about":[{"href":"https:\/\/www.vap-camping.fr\/es\/wp-json\/wp\/v2\/types\/post"}],"author":[{"embeddable":true,"href":"https:\/\/www.vap-camping.fr\/es\/wp-json\/wp\/v2\/users\/1"}],"replies":[{"embeddable":true,"href":"https:\/\/www.vap-camping.fr\/es\/wp-json\/wp\/v2\/comments?post=8172"}],"version-history":[{"count":1,"href":"https:\/\/www.vap-camping.fr\/es\/wp-json\/wp\/v2\/posts\/8172\/revisions"}],"predecessor-version":[{"id":8174,"href":"https:\/\/www.vap-camping.fr\/es\/wp-json\/wp\/v2\/posts\/8172\/revisions\/8174"}],"wp:featuredmedia":[{"embeddable":true,"href":"https:\/\/www.vap-camping.fr\/es\/wp-json\/wp\/v2\/media\/7766"}],"wp:attachment":[{"href":"https:\/\/www.vap-camping.fr\/es\/wp-json\/wp\/v2\/media?parent=8172"}],"wp:term":[{"taxonomy":"category","embeddable":true,"href":"https:\/\/www.vap-camping.fr\/es\/wp-json\/wp\/v2\/categories?post=8172"},{"taxonomy":"post_tag","embeddable":true,"href":"https:\/\/www.vap-camping.fr\/es\/wp-json\/wp\/v2\/tags?post=8172"}],"curies":[{"name":"wp","href":"https:\/\/api.w.org\/{rel}","templated":true}]}}