{"id":8177,"date":"2026-03-03T08:24:21","date_gmt":"2026-03-03T08:24:21","guid":{"rendered":"https:\/\/www.vap-camping.fr\/top-choses-faire-toulouse\/"},"modified":"2026-03-11T16:15:23","modified_gmt":"2026-03-11T16:15:23","slug":"top-choses-faire-toulouse","status":"publish","type":"post","link":"https:\/\/www.vap-camping.fr\/es\/top-choses-faire-toulouse\/","title":{"rendered":"Qu\u00e9 hacer en Toulouse Lugares de visita obligada"},"content":{"rendered":"\n<div class=\"wp-block-group alignfull is-layout-flow wp-container-core-group-is-layout-8af317cd wp-block-group-is-layout-flow\">\n<div class=\"wp-block-group hero-camp fromOpacity is-layout-flow wp-block-group-is-layout-flow\" style=\"margin-bottom:20rem\">\n<div class=\"wp-block-group alignfull hero-img fromOpacity is-layout-flow wp-block-group-is-layout-flow\">\n<figure class=\"wp-block-image size-full\"><img decoding=\"async\" width=\"1920\" height=\"1280\" src=\"https:\/\/www.vap-camping.fr\/wp-content\/uploads\/2026\/03\/guide-visite-toulouse.webp\" alt=\"Visita guiada a pie por los principales monumentos del centro hist&#xF3;rico\" class=\"wp-image-7708\" srcset=\"https:\/\/www.vap-camping.fr\/wp-content\/uploads\/2026\/03\/guide-visite-toulouse.webp 1920w, https:\/\/www.vap-camping.fr\/wp-content\/uploads\/2026\/03\/guide-visite-toulouse-600x400.webp 600w, https:\/\/www.vap-camping.fr\/wp-content\/uploads\/2026\/03\/guide-visite-toulouse-1024x683.webp 1024w, https:\/\/www.vap-camping.fr\/wp-content\/uploads\/2026\/03\/guide-visite-toulouse-768x512.webp 768w, https:\/\/www.vap-camping.fr\/wp-content\/uploads\/2026\/03\/guide-visite-toulouse-1536x1024.webp 1536w\" sizes=\"(max-width: 1920px) 100vw, 1920px\" \/><\/figure>\n<\/div>\n\n\n\n<div class=\"wp-block-group hero-desc has-secondary-background-color has-background fromOpacity is-layout-flow wp-block-group-is-layout-flow\" style=\"border-top-right-radius:90px;border-bottom-right-radius:90px;padding-top:2rem;padding-bottom:2rem;padding-left:5rem\"><h1 style=\"font-size:clamp(3.037rem, 3.037rem + ((1vw - 0.2rem) * 4.018), 6rem);\" class=\"has-link-color wp-elements-971196805a816ee349c8ae4f34a1c7a7 wp-block-post-title has-text-color has-white-color has-secondary-font-family\">Qu\u00e9 hacer en Toulouse Lugares de visita obligada<\/h1>\n\n\n<div class=\"wp-block-group is-nowrap is-layout-flex wp-container-core-group-is-layout-3b4e9d3e wp-block-group-is-layout-flex\">\n<p class=\"has-white-color has-text-color has-link-color has-sm-font-size wp-elements-f4d613cc54f3b459840f0c1d17c5be94\" style=\"font-style:normal;font-weight:500;text-transform:uppercase\">Camping<\/p>\n\n\n\n<figure class=\"wp-block-image size-full\"><img alt=\"\" decoding=\"async\" src=\"https:\/\/www.vap-camping.fr\/wp-content\/themes\/vap\/assets\/img\/svg\/star-white.svg\" alt=\"\" class=\"wp-image-657\"\/><\/figure>\n\n\n\n<figure class=\"wp-block-image size-full\"><img alt=\"\" decoding=\"async\" src=\"https:\/\/www.vap-camping.fr\/wp-content\/themes\/vap\/assets\/img\/svg\/star-white.svg\" alt=\"\" class=\"wp-image-657\"\/><\/figure>\n\n\n\n<figure class=\"wp-block-image size-full\"><img alt=\"\" decoding=\"async\" src=\"https:\/\/www.vap-camping.fr\/wp-content\/themes\/vap\/assets\/img\/svg\/star-white.svg\" alt=\"\" class=\"wp-image-657\"\/><\/figure>\n\n\n\n<p class=\"has-white-color has-text-color has-link-color has-sm-font-size wp-elements-a4d6acd808dfdd9c8844fc8d0f0b85f8\" style=\"font-style:normal;font-weight:500;text-transform:uppercase\">&#8211; HAUTE-Garonne<\/p>\n<\/div>\n<\/div>\n<\/div>\n\n\n\n<div class=\"wp-block-group has-global-padding is-layout-constrained wp-block-group-is-layout-constrained\">\n<div class=\"wp-block-columns alignfull m-ti is-layout-flex wp-container-core-columns-is-layout-0c0b91ec wp-block-columns-is-layout-flex\">\n<div class=\"wp-block-column is-vertically-aligned-center leftRight m-ti-text is-layout-flow wp-block-column-is-layout-flow\" style=\"padding-left:10rem;flex-basis:40%\">\n<div class=\"wp-block-group is-style-title-left is-layout-flow wp-block-group-is-layout-flow is-style-title-left--1\">\n<p class=\"has-secondary-color has-text-color has-link-color has-secondary-font-family has-xl-font-size wp-elements-634836ea08959ef8c9d6895378f26f45\">La Ciudad Rosa,<\/p>\n\n\n\n<p class=\"has-primary-color has-text-color has-link-color has-primary-font-family has-sm-font-size wp-elements-81a32cddda723c5a2e5a581526d0b69a\" style=\"text-transform:uppercase\"><strong>los 10 imprescindibles<\/strong><\/p>\n<\/div>\n\n\n\n<p class=\"has-m-font-size\" style=\"padding-left:2rem\">Toulouse se visita mejor a pie que en coche, por la ma\u00f1ana que a primera hora de la tarde, y conociendo algunas direcciones que siguiendo a las multitudes. He aqu\u00ed los<strong> 10 lugares imprescindibles de Toulouse<\/strong>. Esta gu\u00eda te ofrece toda la informaci\u00f3n pr\u00e1ctica que necesitas para organizar tu estancia sin sorpresas desagradables: horarios reales, precios actualizados, duraciones honestas y algunos consejos que los lugare\u00f1os suelen guardarse para s\u00ed mismos.  <\/p>\n\n\n\n<div style=\"height:20px\" aria-hidden=\"true\" class=\"wp-block-spacer\"><\/div>\n<\/div>\n\n\n\n<div class=\"wp-block-column is-vertically-aligned-stretch rightLeft m-ti-image is-style-simple-right is-layout-flow wp-block-column-is-layout-flow is-style-simple-right--2\" style=\"flex-basis:60%\">\n<figure class=\"wp-block-image alignright size-large\"><img decoding=\"async\" width=\"1024\" height=\"683\" src=\"https:\/\/www.vap-camping.fr\/wp-content\/uploads\/2026\/03\/centre-ville-toulouse-1024x683.webp\" alt=\"descubre los lugares imprescindibles del centro de Toulouse -\" class=\"wp-image-7703\" srcset=\"https:\/\/www.vap-camping.fr\/wp-content\/uploads\/2026\/03\/centre-ville-toulouse-1024x683.webp 1024w, https:\/\/www.vap-camping.fr\/wp-content\/uploads\/2026\/03\/centre-ville-toulouse-600x400.webp 600w, https:\/\/www.vap-camping.fr\/wp-content\/uploads\/2026\/03\/centre-ville-toulouse-768x512.webp 768w, https:\/\/www.vap-camping.fr\/wp-content\/uploads\/2026\/03\/centre-ville-toulouse-1536x1024.webp 1536w, https:\/\/www.vap-camping.fr\/wp-content\/uploads\/2026\/03\/centre-ville-toulouse.webp 1920w\" sizes=\"(max-width: 1024px) 100vw, 1024px\" \/><\/figure>\n<\/div>\n<\/div>\n<\/div>\n\n\n\n<div class=\"wp-block-group alignwide is-style-title-simple fromTop is-layout-flow wp-block-group-is-layout-flow is-style-title-simple--3\" style=\"margin-top:4rem;margin-bottom:4rem\">\n<p class=\"has-text-align-center has-secondary-color has-text-color has-link-color has-secondary-font-family has-xl-font-size wp-elements-51916a3a727f54d21e4931a6ff0c9647\">Visita Toulouse<\/p>\n\n\n\n<p class=\"has-text-align-center has-primary-font-family has-sm-font-size\" style=\"text-transform:uppercase\"><strong>como local<\/strong><\/p>\n<\/div>\n\n\n\n<div style=\"background-image:url(&#039;https:\/\/www.vap-camping.fr\/wp-content\/uploads\/2026\/03\/visite-toulouse-chapelle-saint-joseph-de-la-grave.webp&#039;);background-position:37% 73%;background-size:cover;\" class=\"wp-block-group bg-img-part reveal is-layout-flow wp-block-group-is-layout-flow has-background\">\n<div class=\"wp-block-columns alignfull is-layout-flex wp-container-core-columns-is-layout-28f84493 wp-block-columns-is-layout-flex\">\n<div class=\"wp-block-column part-void is-layout-flow wp-block-column-is-layout-flow\" style=\"flex-basis:55%\"><\/div>\n\n\n\n<div class=\"wp-block-column part-content is-layout-flow wp-block-column-is-layout-flow\" style=\"flex-basis:45%\">\n<div class=\"wp-block-group is-bg-rounded is-layout-flow wp-container-core-group-is-layout-75c87b2e wp-block-group-is-layout-flow\">\n<div class=\"wp-block-group is-style-title-flip has-global-padding is-layout-constrained wp-block-group-is-layout-constrained is-style-title-flip--4\">\n<p class=\"has-text-align-right has-secondary-font-family has-xl-font-size\">La Ciudad Rosa,<\/p>\n\n\n\n<p class=\"has-text-align-right has-sm-font-size\" style=\"text-transform:uppercase\"><strong>versi\u00f3n aut\u00e9ntica<\/strong><\/p>\n\n\n\n<h2 class=\"wp-block-heading has-text-align-right text-title\"><br\/><strong>El centro hist\u00f3rico de Toulouse<\/strong><\/h2>\n\n\n\n<p class=\"has-text-align-right\"><br\/><strong>El casco antiguo de Toulouse<\/strong> puede recorrerse en dos o tres horas de paseo tranquilo, pero puedes pasar f\u00e1cilmente un d\u00eda entero si te detienes en los caf\u00e9s y mercados. Los <strong>ladrillos rosas<\/strong> cambian de color seg\u00fan la luz: ocres por la ma\u00f1ana, casi rojos al atardecer. Es en estos dos momentos cuando las fotos merecen realmente la pena.  <\/p>\n<\/div>\n<\/div>\n<\/div>\n<\/div>\n<\/div>\n\n\n\n<div class=\"wp-block-group reveal has-global-padding is-layout-constrained wp-container-core-group-is-layout-8a400663 wp-block-group-is-layout-constrained\">\n<h3 class=\"wp-block-heading has-text-align-center has-secondary-color has-text-color has-link-color wp-elements-cd6257dcabb1a7878d11a228d979efe1\"><strong>Plaza del Capitolio<\/strong><\/h3>\n\n\n\n<div style=\"height:25px\" aria-hidden=\"true\" class=\"wp-block-spacer\"><\/div>\n\n\n\n<p>Es la plaza central de la ciudad, ineludible y francamente hermosa. La <strong>fachada del Capitolio<\/strong> (siglo XVIII) es impresionante, sobre todo cuando se ilumina por la noche. Bajo los soportales, todos los martes, jueves y s\u00e1bados por la ma\u00f1ana (aprox. de 8 a 13 h) se celebra un<strong> mercado de productos regionales<\/strong>. Los domingos, hay un mercado de libros de segunda mano.   <\/p>\n\n\n\n<div style=\"height:25px\" aria-hidden=\"true\" class=\"wp-block-spacer\"><\/div>\n\n\n\n<ul class=\"wp-block-list\">\n<li><strong>Acceso: <\/strong>L\u00edneas A y B del metro, estaci\u00f3n Capitole<\/li>\n\n\n\n<li><strong>Aparcamiento: <\/strong>Aparcamiento Wilson (de pago) a 5 minutos a pie, o aparcamiento Esquirol<\/li>\n\n\n\n<li><strong>Mejor momento: <\/strong>Temprano por la ma\u00f1ana, antes de las 9, para hacer fotos sin aglomeraciones, o al atardecer para disfrutar del ambiente.<\/li>\n<\/ul>\n\n\n\n<div style=\"height:25px\" aria-hidden=\"true\" class=\"wp-block-spacer\"><\/div>\n\n\n\n<p><em>Evita las terrazas de las brasseries de la plaza: cuestan el doble que los caf\u00e9s de las calles adyacentes, por casi la misma vista.<\/em><\/p>\n\n\n\n<div style=\"height:25px\" aria-hidden=\"true\" class=\"wp-block-spacer\"><\/div>\n\n\n\n<h3 class=\"wp-block-heading has-text-align-center has-secondary-color has-text-color has-link-color wp-elements-f8459039fcdad0e61a2603eacaad128f\"><strong>La Bas\u00edlica de Saint-Sernin<\/strong><\/h3>\n\n\n\n<div style=\"height:25px\" aria-hidden=\"true\" class=\"wp-block-spacer\"><\/div>\n\n\n\n<p>Una de las <strong>mayores bas\u00edlicas rom\u00e1nicas de Europa<\/strong>, Patrimonio Mundial de la UNESCO y parada en el Camino de Santiago. El interior es sobrio y conmovedor, con <strong>reliquias <\/strong>expuestas durante el recorrido. Deja entre 45 minutos y 1 hora para una visita pausada.  <\/p>\n\n\n\n<div style=\"height:25px\" aria-hidden=\"true\" class=\"wp-block-spacer\"><\/div>\n\n\n\n<ul class=\"wp-block-list\">\n<li><strong>Horario: <\/strong>de lunes a s\u00e1bado, de 8.30 a 19.45 h; domingos, de 8.30 a 19.30 h (excepto servicios)<\/li>\n\n\n\n<li><strong>Precio: <\/strong>Gratuito (cripta y tesoro: aprox. 2 euros)<\/li>\n\n\n\n<li><strong>Direcci\u00f3n: <\/strong>Place Saint-Sernin, 31000 Toulouse<\/li>\n\n\n\n<li>Llega fuera de los servicios religiosos (sobre todo los domingos a las 11 h) si quieres visitarla en silencio. El mercado ecol\u00f3gico local se celebra en la Place des Carmes, a 10 minutos a pie. <\/li>\n<\/ul>\n\n\n\n<div style=\"height:25px\" aria-hidden=\"true\" class=\"wp-block-spacer\"><\/div>\n\n\n\n<h3 class=\"wp-block-heading has-text-align-center has-secondary-color has-text-color has-link-color wp-elements-1cbc16cbb2adf57fc20b242942c6ad29\"><strong>El convento de los Jacobinos<\/strong><\/h3>\n\n\n\n<div style=\"height:25px\" aria-hidden=\"true\" class=\"wp-block-spacer\"><\/div>\n\n\n\n<p>Menos conocida que Saint-Sernin, pero igual de sorprendente. La nave g\u00f3tica y su<strong> &#8220;palma&#8221; de columnas<\/strong> figuran entre las obras maestras de la arquitectura medieval. El <strong>claustro<\/strong>, plantado de rosas y palmeras, es un lugar excepcional para tomarse un respiro en medio de un d\u00eda ajetreado.  <\/p>\n\n\n\n<div style=\"height:25px\" aria-hidden=\"true\" class=\"wp-block-spacer\"><\/div>\n\n\n\n<ul class=\"wp-block-list\">\n<li><strong>Horario de apertura : <\/strong>Todos los d\u00edas de 10.00 a 18.00 (cerrado algunos d\u00edas festivos)<\/li>\n\n\n\n<li><strong>Entrada: <\/strong>Entrada gratuita a la iglesia y al claustro<\/li>\n\n\n\n<li><strong>Duraci\u00f3n recomendada: <\/strong>de 30 a 45 minutos<\/li>\n\n\n\n<li><strong>Direcci\u00f3n: <\/strong>Rue Lakanal, 31000 Toulouse<\/li>\n\n\n\n<li>La luz de la iglesia es mejor por la ma\u00f1ana. El claustro es ideal para una pausa de lectura o para tomar un caf\u00e9 en la cafeter\u00eda contigua. <\/li>\n<\/ul>\n\n\n\n<div style=\"height:25px\" aria-hidden=\"true\" class=\"wp-block-spacer\"><\/div>\n<\/div>\n\n\n\n<div class=\"wp-block-group alignwide is-style-title-simple fromTop is-layout-flow wp-block-group-is-layout-flow is-style-title-simple--5\" style=\"margin-top:4rem;margin-bottom:4rem\">\n<p class=\"has-text-align-center has-secondary-color has-text-color has-link-color has-secondary-font-family has-xl-font-size wp-elements-ff785035bab0aad5f9b4a77522546503\"><em><strong><em>Viaja a trav\u00e9s de la historia,<\/em><\/strong><\/em><\/p>\n\n\n\n<p class=\"has-text-align-center has-primary-font-family has-sm-font-size\" style=\"text-transform:uppercase\"><strong><strong>respira en el Garona<\/strong><\/strong><\/p>\n<\/div>\n\n\n\n<div class=\"wp-block-group leftRight has-global-padding is-layout-constrained wp-block-group-is-layout-constrained\">\n<div class=\"wp-block-columns alignfull are-vertically-aligned-center m-ti is-layout-flex wp-container-core-columns-is-layout-0c0b91ec wp-block-columns-is-layout-flex\">\n<div class=\"wp-block-column is-vertically-aligned-center wp-block-image alignright size-large has-custom-border is-style-simple-left m-ti-image is-layout-flow wp-block-column-is-layout-flow is-style-simple-left--6\" style=\"flex-basis:60%\">\n<figure class=\"wp-block-image alignleft size-full\"><img decoding=\"async\" width=\"1920\" height=\"1280\" src=\"https:\/\/www.vap-camping.fr\/wp-content\/uploads\/2026\/03\/pont-neuf-toulouse.webp\" alt=\"El Pont Neuf, emblema de la Ciudad Rosa, domina el r&#xED;o Garona.\" class=\"wp-image-7717\" srcset=\"https:\/\/www.vap-camping.fr\/wp-content\/uploads\/2026\/03\/pont-neuf-toulouse.webp 1920w, https:\/\/www.vap-camping.fr\/wp-content\/uploads\/2026\/03\/pont-neuf-toulouse-600x400.webp 600w, https:\/\/www.vap-camping.fr\/wp-content\/uploads\/2026\/03\/pont-neuf-toulouse-1024x683.webp 1024w, https:\/\/www.vap-camping.fr\/wp-content\/uploads\/2026\/03\/pont-neuf-toulouse-768x512.webp 768w, https:\/\/www.vap-camping.fr\/wp-content\/uploads\/2026\/03\/pont-neuf-toulouse-1536x1024.webp 1536w\" sizes=\"(max-width: 1920px) 100vw, 1920px\" \/><\/figure>\n<\/div>\n\n\n\n<div class=\"wp-block-column is-vertically-aligned-center m-ti-text is-layout-flow wp-container-core-column-is-layout-58dbe9e9 wp-block-column-is-layout-flow\" style=\"padding-left:10rem;flex-basis:40%\">\n<div class=\"wp-block-group is-style-title-left is-layout-flow wp-block-group-is-layout-flow is-style-title-left--7\">\n<p class=\"has-secondary-color has-text-color has-link-color has-secondary-font-family has-xl-font-size wp-elements-507ed72746b84aa1844ef76282fd5dac\"><em><strong><em>Una traves\u00eda,<\/em><\/strong><\/em><\/p>\n\n\n\n<p class=\"has-primary-color has-text-color has-link-color has-primary-font-family has-sm-font-size wp-elements-3bd3d8b0d9804eee50cd8343e1bcaae8\" style=\"text-transform:uppercase\"><strong>dos atm\u00f3sferas<\/strong><\/p>\n<\/div>\n\n\n\n<h2 class=\"wp-block-heading text-title\"><strong>Las orillas del Garona, la ciudad que respira<\/strong><\/h2>\n\n\n\n<p class=\"has-m-font-size\" style=\"padding-left:2rem\"><br\/>El Garona atraviesa Toulouse a lo largo de varios kil\u00f3metros, y sus <strong>orillas reurbanizadas<\/strong> se han convertido en uno de los lugares m\u00e1s agradables de la ciudad. Los tolosanos corren por ella, se re\u00fanen despu\u00e9s del trabajo y hacen picnic en verano. Es un lugar ideal para desconectar entre visita y visita.  <\/p>\n<\/div>\n<\/div>\n<\/div>\n\n\n\n<div class=\"wp-block-group reveal has-global-padding is-layout-constrained wp-container-core-group-is-layout-8a400663 wp-block-group-is-layout-constrained\">\n<h3 class=\"wp-block-heading has-text-align-center has-secondary-color has-text-color has-link-color wp-elements-eeb46e9cb16b7d26f697294fbfa77074\"><br\/><strong>El Pont Neuf y los muelles de la Orilla Izquierda<\/strong><\/h3>\n\n\n\n<div style=\"height:25px\" aria-hidden=\"true\" class=\"wp-block-spacer\"><\/div>\n\n\n\n<p>A pesar de su nombre, el Pont Neuf es el puente m\u00e1s antiguo de Toulouse (siglo XVI). Ofrece una hermosa vista sobre el Garona y la ciudad. Desde aqu\u00ed, baja hasta los muelles de la orilla izquierda para llegar a la Prairie des Filtres, un gran c\u00e9sped popular donde se celebran conciertos y festivales en verano.  <\/p>\n\n\n\n<div style=\"height:25px\" aria-hidden=\"true\" class=\"wp-block-spacer\"><\/div>\n\n\n\n<ul class=\"wp-block-list\">\n<li><strong>Acceso: <\/strong>15 minutos a pie desde el Capitole, o l\u00ednea 12 de autob\u00fas<\/li>\n\n\n\n<li><strong>En verano: <\/strong>&#8220;playas&#8221; urbanas instaladas en las orillas del r\u00edo, con tumbonas y animaci\u00f3n gratuita (julio-agosto)<\/li>\n\n\n\n<li>Para disfrutar de una vista panor\u00e1mica \u00fanica de la ciudad: cruza el puente y camina hasta la Plaza de San Pedro, en la orilla derecha. Obtendr\u00e1s la vista que la mayor\u00eda de los turistas se pierden. <\/li>\n<\/ul>\n\n\n\n<div style=\"height:25px\" aria-hidden=\"true\" class=\"wp-block-spacer\"><\/div>\n\n\n\n<h3 class=\"wp-block-heading has-text-align-center has-secondary-color has-text-color has-link-color wp-elements-f3df1e0c5e1d5ec1728cb7ca985cf8fa\"><strong>Les Ponts Jumeaux<\/strong><\/h3>\n\n\n\n<div style=\"height:25px\" aria-hidden=\"true\" class=\"wp-block-spacer\"><\/div>\n\n\n\n<p>En el extremo norte del Canal du Midi, los Ponts Jumeaux (siglo XVIII) marcan la uni\u00f3n entre el canal y el Canal Lat\u00e9ral \u00e0 la Garonne. La zona es tranquila, poco tur\u00edstica y muy fotog\u00e9nica por la ma\u00f1ana con la bruma sobre el agua. Tambi\u00e9n es uno de los mejores puntos de partida para un paseo en bicicleta por el canal.  <\/p>\n\n\n\n<div style=\"height:25px\" aria-hidden=\"true\" class=\"wp-block-spacer\"><\/div>\n\n\n\n<p><strong>Alquiler de bicicletas: <\/strong>V\u00e9l\u00f4Toulouse: 1,20 \u20ac\/hora o abono de un d\u00eda 5<\/p>\n\n\n\n<p><strong>Acceso: <\/strong>l\u00ednea 70 de autob\u00fas o autoservicio de alquiler de bicicletas (V\u00e9l\u00f4Toulouse)<\/p>\n\n\n\n<div style=\"height:25px\" aria-hidden=\"true\" class=\"wp-block-spacer\"><\/div>\n<\/div>\n\n\n\n<div class=\"wp-block-group alignwide is-style-title-simple fromTop is-layout-flow wp-block-group-is-layout-flow is-style-title-simple--8\" style=\"margin-top:4rem;margin-bottom:4rem\">\n<p class=\"has-text-align-center has-secondary-color has-text-color has-link-color has-secondary-font-family has-xl-font-size wp-elements-8e951f623340825e0187b28d3ce23440\"><strong>Colores y acentos<\/strong><\/p>\n\n\n\n<p class=\"has-text-align-center has-primary-font-family has-sm-font-size\" style=\"text-transform:uppercase\"><strong>y productos del Suroeste<\/strong><\/p>\n<\/div>\n\n\n\n<div class=\"wp-block-group rightLeft has-global-padding is-layout-constrained wp-block-group-is-layout-constrained\">\n<div class=\"wp-block-columns alignfull are-vertically-aligned-center m-ti is-layout-flex wp-container-core-columns-is-layout-0c0b91ec wp-block-columns-is-layout-flex\">\n<div class=\"wp-block-column is-vertically-aligned-center m-ti-text is-layout-flow wp-container-core-column-is-layout-58dbe9e9 wp-block-column-is-layout-flow\" style=\"padding-left:10rem;flex-basis:40%\">\n<div class=\"wp-block-group is-style-title-left is-layout-flow wp-block-group-is-layout-flow is-style-title-left--9\">\n<p class=\"has-secondary-color has-text-color has-link-color has-secondary-font-family has-xl-font-size wp-elements-b42a58da4dc8bd5dee2f13084bf691b3\">La cita gourmet<\/p>\n\n\n\n<p class=\"has-primary-color has-text-color has-link-color has-primary-font-family has-sm-font-size wp-elements-9c54dddf4de64bc6bff382ba21b8a312\" style=\"text-transform:uppercase\"><strong>de Tolosa<\/strong><\/p>\n<\/div>\n\n\n\n<h2 class=\"wp-block-heading text-title\"><strong>Mercados de Toulouse<\/strong><\/h2>\n\n\n\n<p class=\"has-m-font-size\" style=\"padding-left:2rem\">Toulouse cuenta con una veintena de mercados regulares. Algunos merecen una visita, seg\u00fan el d\u00eda y el barrio que visites. <\/p>\n<\/div>\n\n\n\n<div class=\"wp-block-column is-vertically-aligned-center wp-block-image alignright size-large has-custom-border m-ti-image is-style-simple-right is-layout-flow wp-block-column-is-layout-flow is-style-simple-right--10\" style=\"flex-basis:60%\">\n<figure class=\"wp-block-image alignright size-full\"><img decoding=\"async\" width=\"1920\" height=\"1282\" src=\"https:\/\/www.vap-camping.fr\/wp-content\/uploads\/2026\/03\/jour-marche-toulouse.webp\" alt=\"Todos los d&#xED;as, excepto el lunes, se celebra un gran y colorido mercado de frutas y verduras frescas.\" class=\"wp-image-7740\" srcset=\"https:\/\/www.vap-camping.fr\/wp-content\/uploads\/2026\/03\/jour-marche-toulouse.webp 1920w, https:\/\/www.vap-camping.fr\/wp-content\/uploads\/2026\/03\/jour-marche-toulouse-600x401.webp 600w, https:\/\/www.vap-camping.fr\/wp-content\/uploads\/2026\/03\/jour-marche-toulouse-1024x684.webp 1024w, https:\/\/www.vap-camping.fr\/wp-content\/uploads\/2026\/03\/jour-marche-toulouse-768x513.webp 768w, https:\/\/www.vap-camping.fr\/wp-content\/uploads\/2026\/03\/jour-marche-toulouse-1536x1026.webp 1536w\" sizes=\"(max-width: 1920px) 100vw, 1920px\" \/><\/figure>\n<\/div>\n<\/div>\n<\/div>\n\n\n\n<div class=\"wp-block-group reveal has-global-padding is-layout-constrained wp-container-core-group-is-layout-8a400663 wp-block-group-is-layout-constrained\">\n<h3 class=\"wp-block-heading has-text-align-center has-secondary-color has-text-color has-link-color wp-elements-927a03e4c3c7edb3a173106579eb65b2\"><br\/><strong>March\u00e9 Victor Hugo<\/strong><\/h3>\n\n\n\n<div style=\"height:25px\" aria-hidden=\"true\" class=\"wp-block-spacer\"><\/div>\n\n\n\n<p>El imprescindible mercado cubierto, abierto todo el a\u00f1o. Frutas, verduras, carnes, quesos, foie gras, vinos locales&#8230; Aqu\u00ed compran los tolosanos desde hace d\u00e9cadas. Arriba, varios restaurantes ofrecen men\u00fas populares para comer.  <\/p>\n\n\n\n<div style=\"height:25px\" aria-hidden=\"true\" class=\"wp-block-spacer\"><\/div>\n\n\n\n<ul class=\"wp-block-list\">\n<li><strong>Horario: <\/strong>de martes a domingo, de 7.00 a 13.30 h (lunes cerrado)<\/li>\n\n\n\n<li><strong>Direcci\u00f3n: <\/strong>Place Victor Hugo, 31000 Toulouse<\/li>\n\n\n\n<li><strong>Almuerzo: <\/strong>Puedes pagar entre 15 y 20 euros por una comida en el piso de arriba. Llega antes de las 12.15 h o habr\u00e1 cola.<\/li>\n<\/ul>\n\n\n\n<div style=\"height:25px\" aria-hidden=\"true\" class=\"wp-block-spacer\"><\/div>\n\n\n\n<p>Los s\u00e1bados por la ma\u00f1ana est\u00e1n abarrotados. Si puedes, prefiere el martes o el mi\u00e9rcoles, ya que los puestos est\u00e1n igual de bien surtidos y el ambiente es m\u00e1s relajado. <\/p>\n\n\n\n<div style=\"height:25px\" aria-hidden=\"true\" class=\"wp-block-spacer\"><\/div>\n\n\n\n<h3 class=\"wp-block-heading has-text-align-center has-secondary-color has-text-color has-link-color wp-elements-68b4340ce9da65aa6d5cf5a4c80e0e2b\"><strong>Mercado de Saint-Aubin (domingo por la ma\u00f1ana)<\/strong><\/h3>\n\n\n\n<div style=\"height:25px\" aria-hidden=\"true\" class=\"wp-block-spacer\"><\/div>\n\n\n\n<p>Uno de los mercados m\u00e1s animados y populares de Toulouse. Encontrar\u00e1s lo mejor de los productos locales, as\u00ed como puestos de comida callejera, m\u00fasicos callejeros y vendedores de art\u00edculos de segunda mano. El ambiente es festivo y socialmente muy mezclado: es uno de los pocos lugares donde se re\u00fanen todas las generaciones.  <\/p>\n\n\n\n<div style=\"height:25px\" aria-hidden=\"true\" class=\"wp-block-spacer\"><\/div>\n\n\n\n<ul class=\"wp-block-list\">\n<li><strong>Horario: <\/strong>domingo, de 7.00 a 13.30 h.<\/li>\n\n\n\n<li><strong>Direcci\u00f3n: <\/strong>Place Saint-Aubin, 31000 Toulouse<\/li>\n\n\n\n<li><strong>Acceso: <\/strong>Metro B, estaci\u00f3n Palais de Justice + 10 min a pie<\/li>\n<\/ul>\n\n\n\n<div style=\"height:25px\" aria-hidden=\"true\" class=\"wp-block-spacer\"><\/div>\n\n\n\n<p>Llega sobre las 9-10 de la ma\u00f1ana para disfrutar del bullicioso ambiente. Despu\u00e9s de las 12 del mediod\u00eda, los mejores productos ya no est\u00e1n. <\/p>\n\n\n\n<div style=\"height:25px\" aria-hidden=\"true\" class=\"wp-block-spacer\"><\/div>\n\n\n\n<h3 class=\"wp-block-heading has-text-align-center has-secondary-color has-text-color has-link-color wp-elements-a1a6dea8af98e0e7768b00d429692f0e\"><strong>Barrio de Saint-Cyprien<\/strong><\/h3>\n\n\n\n<div style=\"height:25px\" aria-hidden=\"true\" class=\"wp-block-spacer\"><\/div>\n\n\n\n<p>En la orilla izquierda del Garona, Saint-Cyprien ha sido durante mucho tiempo el barrio popular y algo olvidado de Toulouse. Hoy es uno de los m\u00e1s din\u00e1micos, con sus galer\u00edas de arte, caf\u00e9s independientes y mercados de barrio. Los domingos por la ma\u00f1ana se celebra aqu\u00ed un mercado de agricultores, m\u00e1s peque\u00f1o que el de Saint-Aubin pero m\u00e1s local.  <\/p>\n\n\n\n<div style=\"height:25px\" aria-hidden=\"true\" class=\"wp-block-spacer\"><\/div>\n\n\n\n<ul class=\"wp-block-list\">\n<li><strong>Consejo para el almuerzo : <\/strong>Las orillas del Garona en el lado de Saint-Cyprien, con vistas a la Ciudad Rosa<\/li>\n\n\n\n<li><strong>Mercado: <\/strong>Place du Fer \u00e0 Cheval, domingo de 8.00 a 13.00 h.<\/li>\n<\/ul>\n\n\n\n<div style=\"height:25px\" aria-hidden=\"true\" class=\"wp-block-spacer\"><\/div>\n<\/div>\n\n\n\n<div class=\"wp-block-group rightLeft has-global-padding is-layout-constrained wp-block-group-is-layout-constrained\">\n<div class=\"wp-block-columns alignfull are-vertically-aligned-center m-ti is-layout-flex wp-container-core-columns-is-layout-0c0b91ec wp-block-columns-is-layout-flex\">\n<div class=\"wp-block-column is-vertically-aligned-center wp-block-image alignright size-large has-custom-border m-ti-image is-style-simple-right is-layout-flow wp-block-column-is-layout-flow is-style-simple-right--11\" style=\"flex-basis:60%\">\n<figure class=\"wp-block-image alignright size-full\"><img decoding=\"async\" width=\"1920\" height=\"1076\" src=\"https:\/\/www.vap-camping.fr\/wp-content\/uploads\/2026\/03\/cite-espace-toulouse.webp\" alt=\"Cit&#xE9; de l'Espace Toulouse, cohete Ariane 5 y estaci&#xF3;n Mir en los jardines\" class=\"wp-image-7736\" srcset=\"https:\/\/www.vap-camping.fr\/wp-content\/uploads\/2026\/03\/cite-espace-toulouse.webp 1920w, https:\/\/www.vap-camping.fr\/wp-content\/uploads\/2026\/03\/cite-espace-toulouse-600x336.webp 600w, https:\/\/www.vap-camping.fr\/wp-content\/uploads\/2026\/03\/cite-espace-toulouse-1024x574.webp 1024w, https:\/\/www.vap-camping.fr\/wp-content\/uploads\/2026\/03\/cite-espace-toulouse-768x430.webp 768w, https:\/\/www.vap-camping.fr\/wp-content\/uploads\/2026\/03\/cite-espace-toulouse-1536x861.webp 1536w\" sizes=\"(max-width: 1920px) 100vw, 1920px\" \/><\/figure>\n<\/div>\n\n\n\n<div class=\"wp-block-column is-vertically-aligned-center m-ti-text is-layout-flow wp-container-core-column-is-layout-58dbe9e9 wp-block-column-is-layout-flow\" style=\"padding-left:10rem;flex-basis:40%\">\n<div class=\"wp-block-group is-style-title-left is-layout-flow wp-block-group-is-layout-flow is-style-title-left--12\">\n<p class=\"has-secondary-color has-text-color has-link-color has-secondary-font-family has-xl-font-size wp-elements-2a254c13e2cde37c94cdd9e063facfb3\"><strong>Actividades principales<\/strong><\/p>\n\n\n\n<p class=\"has-primary-color has-text-color has-link-color has-primary-font-family has-sm-font-size wp-elements-0c9db3ce525ec515f0e4b81821b50c1d\" style=\"text-transform:uppercase\"><strong><strong>con ni\u00f1os en Toulouse<\/strong><\/strong><\/p>\n<\/div>\n\n\n\n<h2 class=\"wp-block-heading text-title\"><strong>Visitar Toulouse con ni\u00f1os<\/strong><\/h2>\n\n\n\n<p class=\"has-m-font-size\" style=\"padding-left:2rem\">Toulouse tiene mucho que ofrecer a <strong>toda la familia <\/strong>: museos interactivos para grandes y peque\u00f1os, parques de atracciones, paseos por el Garona y escapadas gastron\u00f3micas. <strong>Las actividades para ni\u00f1os son <\/strong>numerosas y variadas.<\/p>\n<\/div>\n<\/div>\n<\/div>\n\n\n\n<div class=\"wp-block-group reveal has-global-padding is-layout-constrained wp-container-core-group-is-layout-8a400663 wp-block-group-is-layout-constrained\">\n<h3 class=\"wp-block-heading has-text-align-center has-secondary-color has-text-color has-link-color wp-elements-6db7e1bfff4da8faa4a743f06f4ef6f9\"><br\/><br\/><strong>La Ciudad del Espacio<\/strong><\/h3>\n\n\n\n<div style=\"height:25px\" aria-hidden=\"true\" class=\"wp-block-spacer\"><\/div>\n\n\n\n<p>Esta es la mayor atracci\u00f3n familiar de Toulouse, y cumple sus promesas. Con una <strong>r\u00e9plica<\/strong> real <strong>del cohete Ariane 5<\/strong>, un <strong>simulador de estaci\u00f3n espacial<\/strong>, un <strong>planetario<\/strong> y una exposici\u00f3n sobre el sistema solar, es f\u00e1cil pasar aqu\u00ed medio d\u00eda o un d\u00eda entero. Trae un buen par de zapatos, ya que el recinto es vasto y en parte est\u00e1 al aire libre.  <\/p>\n\n\n\n<div style=\"height:25px\" aria-hidden=\"true\" class=\"wp-block-spacer\"><\/div>\n\n\n\n<ul class=\"wp-block-list\">\n<li><strong>Horario: <\/strong>de 10.00 a 18.00 (19.00 en verano), cerrado algunos lunes fuera de vacaciones<\/li>\n\n\n\n<li><strong>Precio adulto: <\/strong>aprox. 24 euros, ni\u00f1os (5-15 a\u00f1os) aprox. 18 euros<\/li>\n\n\n\n<li><strong>Acceso: <\/strong>Autob\u00fas 37 desde la estaci\u00f3n del Palacio de Justicia, o aparcamiento in situ<\/li>\n\n\n\n<li><strong>Duraci\u00f3n: <\/strong>M\u00ednimo 3 horas, permite un d\u00eda completo con la familia<\/li>\n<\/ul>\n\n\n\n<div style=\"height:25px\" aria-hidden=\"true\" class=\"wp-block-spacer\"><\/div>\n\n\n\n<p><em>Reserva tus entradas por Internet con antelaci\u00f3n para evitar colas en la entrada, especialmente durante las vacaciones escolares. Ll\u00e9vate un picnic, ya que el catering in situ es caro. <\/em><\/p>\n\n\n\n<div style=\"height:25px\" aria-hidden=\"true\" class=\"wp-block-spacer\"><\/div>\n\n\n\n<h3 class=\"wp-block-heading has-text-align-center has-secondary-color has-text-color has-link-color wp-elements-e6e43e5963631f55494a01d6cc985a7d\"><strong>El Museo de Toulouse<\/strong><\/h3>\n\n\n\n<div style=\"height:25px\" aria-hidden=\"true\" class=\"wp-block-spacer\"><\/div>\n\n\n\n<p>El Museo de Historia Natural ha sido renovado y est\u00e1 realmente bien dise\u00f1ado. Las colecciones de historia natural son notables, y los talleres infantiles son muy animados. Entrada gratuita el primer domingo de cada mes.  <\/p>\n\n\n\n<div style=\"height:25px\" aria-hidden=\"true\" class=\"wp-block-spacer\"><\/div>\n\n\n\n<ul class=\"wp-block-list\">\n<li><strong>Direcci\u00f3n: <\/strong>35 all\u00e9e Jules Guesde, 31000 Toulouse<\/li>\n\n\n\n<li><strong>Horario: <\/strong>de martes a domingo, de 10.00 a 18.00 h.<\/li>\n\n\n\n<li><strong>Precio: <\/strong>Adultos 7 euros, ni\u00f1os (de 4 a 17 a\u00f1os) 4 euros, gratis el 1er domingo del mes<\/li>\n<\/ul>\n<\/div>\n\n\n\n<div style=\"height:100px\" aria-hidden=\"true\" class=\"wp-block-spacer\"><\/div>\n\n\n\n<div class=\"wp-block-group rightLeft has-global-padding is-layout-constrained wp-block-group-is-layout-constrained\">\n<div class=\"wp-block-columns alignfull are-vertically-aligned-center m-ti is-layout-flex wp-container-core-columns-is-layout-0c0b91ec wp-block-columns-is-layout-flex\">\n<div class=\"wp-block-column is-vertically-aligned-center m-ti-text is-layout-flow wp-container-core-column-is-layout-58dbe9e9 wp-block-column-is-layout-flow\" style=\"padding-left:10rem;flex-basis:40%\">\n<div class=\"wp-block-group is-style-title-left is-layout-flow wp-block-group-is-layout-flow is-style-title-left--13\">\n<p class=\"has-secondary-color has-text-color has-link-color has-secondary-font-family has-xl-font-size wp-elements-be9e03ab9fe4aae7ac61c3cdda995fc4\"><strong>De Toulouse al Mediterr\u00e1neo,<\/strong><\/p>\n\n\n\n<p class=\"has-primary-color has-text-color has-link-color has-primary-font-family has-sm-font-size wp-elements-f5552fec3d82457b33343a3c451119a9\" style=\"text-transform:uppercase\"><strong>en bici<\/strong><\/p>\n<\/div>\n\n\n\n<h2 class=\"wp-block-heading text-title\"><strong>Pedalea por el Canal du Midi desde Toulouse<\/strong><\/h2>\n\n\n\n<p class=\"has-m-font-size\" style=\"padding-left:2rem\">El Canal du Midi recorre 240 km desde Toulouse hasta el Mediterr\u00e1neo. Su<strong> camino de sirga<\/strong> es totalmente accesible en bicicleta o a pie, bajo pl\u00e1tanos centenarios. Es una de las <strong>v\u00edas verdes m\u00e1s bellas de Francia<\/strong>, y est\u00e1 <strong>declarada Patrimonio de la Humanidad por la UNESCO<\/strong>. Incluso una excursi\u00f3n de medio d\u00eda desde Toulouse merece la pena.   <\/p>\n\n\n\n<p class=\"has-m-font-size\" style=\"padding-left:2rem\">En direcci\u00f3n este (hacia Carcasona), el canal bordea primero los barrios orientales de Toulouse antes de adentrarse en el campo. Pronto aparecen las primeras <strong>esclusas <\/strong>, con sus casas de barqueros y cuidados jardines. En verano, hay muchas <strong>barcazas de <\/strong>recreo y las esclusas bullen de actividad.  <\/p>\n\n\n\n<ul class=\"wp-block-list\">\n<li><strong>Periodo recomendado: <\/strong>de abril a octubre, evita la ola de calor de agosto.<\/li>\n\n\n\n<li><strong>Alquiler de bicicletas: <\/strong>hay varias empresas de alquiler en la ciudad, y puedes esperar pagar entre 15 y 25 euros al d\u00eda por una bicicleta est\u00e1ndar.<\/li>\n\n\n\n<li>Consulta nuestra p\u00e1gina <a href=\"https:\/\/www.vap-camping.fr\/es\/lieux\/toulouse-en-velo\/\">Toulouse en bicicleta<\/a>.<\/li>\n<\/ul>\n<\/div>\n\n\n\n<div class=\"wp-block-column is-vertically-aligned-center wp-block-image alignright size-large has-custom-border m-ti-image is-style-simple-right is-layout-flow wp-block-column-is-layout-flow is-style-simple-right--14\" style=\"flex-basis:60%\">\n<figure class=\"wp-block-image alignright size-full\"><img decoding=\"async\" width=\"1920\" height=\"1354\" src=\"https:\/\/www.vap-camping.fr\/wp-content\/uploads\/2026\/03\/canal-midi-depuis-toulouse.webp\" alt=\"El Canal du Midi, de 240 km, une Toulouse con S&#xE8;te  \" class=\"wp-image-7732\" srcset=\"https:\/\/www.vap-camping.fr\/wp-content\/uploads\/2026\/03\/canal-midi-depuis-toulouse.webp 1920w, https:\/\/www.vap-camping.fr\/wp-content\/uploads\/2026\/03\/canal-midi-depuis-toulouse-600x423.webp 600w, https:\/\/www.vap-camping.fr\/wp-content\/uploads\/2026\/03\/canal-midi-depuis-toulouse-1024x722.webp 1024w, https:\/\/www.vap-camping.fr\/wp-content\/uploads\/2026\/03\/canal-midi-depuis-toulouse-768x542.webp 768w, https:\/\/www.vap-camping.fr\/wp-content\/uploads\/2026\/03\/canal-midi-depuis-toulouse-1536x1083.webp 1536w\" sizes=\"(max-width: 1920px) 100vw, 1920px\" \/><\/figure>\n<\/div>\n<\/div>\n<\/div>\n\n\n\n<div class=\"wp-block-group reveal has-global-padding is-layout-constrained wp-container-core-group-is-layout-8a400663 wp-block-group-is-layout-constrained\">\n<h3 class=\"wp-block-heading has-text-align-center has-secondary-color has-text-color has-link-color wp-elements-a387ec15c4e13f8fa3f5f9160364c8ed\"><br\/><br\/><br\/><strong>Etapa cicloturista en un camping de Toulouse<\/strong><\/h3>\n\n\n\n<div style=\"height:25px\" aria-hidden=\"true\" class=\"wp-block-spacer\"><\/div>\n\n\n\n<p>Para los ciclistas que quieran dormir in situ en lugar de volver a Toulouse, el camping <a href=\"https:\/\/www.vap-camping.fr\/es\/campings\/camping-le-rupe\/\"><u>camping le Rup\u00e9<\/u><\/a> es una parada bien situada al norte de la ciudad.  <\/p>\n\n\n\n<div style=\"height:25px\" aria-hidden=\"true\" class=\"wp-block-spacer\"><\/div>\n\n\n\n<p>F\u00e1cil acceso desde el <strong>camino de sirga<\/strong>, buenas instalaciones para los ciclistas (duchas, guardabicis) y un ambiente relajado. Tambi\u00e9n es un c\u00f3modo punto de partida para quienes se dirigen a Toulouse desde el Canal Lat\u00e9ral \u00e0 la Garonne antes de desviarse hacia el <strong>Canal du Midi<\/strong>. <\/p>\n\n\n\n<div style=\"height:25px\" aria-hidden=\"true\" class=\"wp-block-spacer\"><\/div>\n\n\n\n<ul class=\"wp-block-list\">\n<li><strong>Situaci\u00f3n: <\/strong>salida norte de Toulouse, cerca del canal y de la base verde de Sesqui\u00e8res, a 7 km del centro de la ciudad (Capitole), cerca del Canal Lat\u00e9ral \u00e0 la Garonne (150 m, salida Pont de Rup\u00e9).<\/li>\n\n\n\n<li><strong>Acceso en bici: <\/strong>directamente desde el camino de sirga o las orillas del canal, a 3 minutos en bici del carril bici.<\/li>\n\n\n\n<li><strong>Para qui\u00e9n: <\/strong>cicloturistas, familias, autocaravanas<\/li>\n<\/ul>\n\n\n\n<div style=\"height:25px\" aria-hidden=\"true\" class=\"wp-block-spacer\"><\/div>\n<\/div>\n\n\n\n<div class=\"wp-block-group reveal has-global-padding is-layout-constrained wp-container-core-group-is-layout-8a400663 wp-block-group-is-layout-constrained\">\n<div style=\"height:20px\" aria-hidden=\"true\" class=\"wp-block-spacer\"><\/div>\n<\/div>\n\n\n\n<div class=\"wp-block-group alignwide is-style-title-simple fromTop is-layout-flow wp-block-group-is-layout-flow is-style-title-simple--15\" style=\"margin-top:4rem;margin-bottom:4rem\">\n<p class=\"has-text-align-center has-secondary-color has-text-color has-link-color has-secondary-font-family has-xl-font-size wp-elements-b6cccefe64216bf7d017a1638cc4e3f2\">Todo lo que necesitas saber<\/p>\n\n\n\n<p class=\"has-text-align-center has-primary-font-family has-sm-font-size\" style=\"text-transform:uppercase\"><strong>antes de irte<\/strong><\/p>\n<\/div>\n\n\n\n<div class=\"wp-block-group reveal has-global-padding is-layout-constrained wp-container-core-group-is-layout-8a400663 wp-block-group-is-layout-constrained\">\n<div class=\"wp-block-group has-global-padding is-layout-constrained wp-container-core-group-is-layout-70f4fdbb wp-block-group-is-layout-constrained\">\n<h2 class=\"wp-block-heading\"><br\/><strong>Algunos consejos pr\u00e1cticos para ayudarte a organizar tu visita<\/strong><\/h2>\n\n\n\n<div style=\"height:20px\" aria-hidden=\"true\" class=\"wp-block-spacer\"><\/div>\n\n\n\n<p style=\"border-radius:0px;margin-top:2;margin-right:2;margin-bottom:2;margin-left:2\"><strong>C\u00f3mo desplazarse: <\/strong>El metro (2 l\u00edneas) cubre bien el centro. El tranv\u00eda da servicio a los distritos norte y este. En bicicleta, V\u00e9l\u00f4Toulouse funciona bien para distancias cortas. Evita utilizar el coche en el centro, ya que el aparcamiento es dif\u00edcil y caro.   <\/p>\n\n\n\n<div style=\"height:20px\" aria-hidden=\"true\" class=\"wp-block-spacer\"><\/div>\n\n\n\n<p><strong>Comer: <\/strong>el cassoulet es el plato local imprescindible (alubias, confit de pato, salchichas de Toulouse). Las mejores direcciones rara vez est\u00e1n frente a monumentos. Busca en las calles que rodean la plaza Wilson, el barrio de Carmes o Saint-Cyprien.  <\/p>\n\n\n\n<div style=\"height:20px\" aria-hidden=\"true\" class=\"wp-block-spacer\"><\/div>\n\n\n\n<p><strong>Periodo: <\/strong>La primavera (abril-junio) y el oto\u00f1o (septiembre-octubre) son las mejores estaciones: templadas, pocas aglomeraciones, mercados en pleno apogeo. En julio y agosto, la ciudad se vac\u00eda de algunos de sus habitantes pero se llena de turistas. <\/p>\n\n\n\n<div style=\"height:20px\" aria-hidden=\"true\" class=\"wp-block-spacer\"><\/div>\n\n\n\n<p><strong>Presupuesto medio: <\/strong>Toulouse es menos cara que Par\u00eds o Lyon. Puedes pagar entre 15 y 25 euros por un buen almuerzo con bebida, y entre 8 y 12 euros por una copa en una terraza en una zona no tur\u00edstica. <\/p>\n\n\n\n<div style=\"height:20px\" aria-hidden=\"true\" class=\"wp-block-spacer\"><\/div>\n\n\n\n<p style=\"border-radius:0px;margin-top:2;margin-right:2;margin-bottom:2;margin-left:2\"><em>El Pase Visita Toulouse (1, 2 \u00f3 3 d\u00edas) incluye descuentos en transporte y museos. Muy econ\u00f3mico si visitas varios sitios de pago en un d\u00eda. <\/em><\/p>\n\n\n\n<div style=\"height:20px\" aria-hidden=\"true\" class=\"wp-block-spacer\"><\/div>\n<\/div>\n\n\n\n<div style=\"height:25px\" aria-hidden=\"true\" class=\"wp-block-spacer\"><\/div>\n\n\n\n<div style=\"height:25px\" aria-hidden=\"true\" class=\"wp-block-spacer\"><\/div>\n<\/div>\n<\/div>\n","protected":false},"excerpt":{"rendered":"<p>Camping &#8211; HAUTE-Garonne La Ciudad Rosa, los 10 imprescindibles Toulouse se visita mejor a pie que en coche, por la ma\u00f1ana que a primera hora de la tarde, y conociendo algunas direcciones que siguiendo a las multitudes. He aqu\u00ed los 10 lugares imprescindibles de Toulouse. Esta gu\u00eda te ofrece toda la informaci\u00f3n pr\u00e1ctica que necesitas [&hellip;]<\/p>\n","protected":false},"author":1,"featured_media":7711,"comment_status":"closed","ping_status":"closed","sticky":false,"template":"","format":"standard","meta":{"_acf_changed":false,"_seopress_robots_primary_cat":"none","_seopress_titles_title":"Visitar Toulouse: gu\u00eda completa, consejos locales y visitas obligadas | Camping Le Rup\u00e9 en Toulouse","_seopress_titles_desc":"Visitar Toulouse a pie: lugares imprescindibles, mercados, el Canal du Midi, consejos locales, horarios y sugerencias para una estancia satisfactoria.","_seopress_robots_index":"","ouverture":"","nombre_de_locations":"","nombre_demplacements":"","adresse":"","numero_de_telephone":"","email":"","url_du_site":"","footnotes":""},"categories":[28],"tags":[],"class_list":["post-8177","post","type-post","status-publish","format-standard","has-post-thumbnail","hentry","category-sin-categoria"],"acf":[],"_links":{"self":[{"href":"https:\/\/www.vap-camping.fr\/es\/wp-json\/wp\/v2\/posts\/8177","targetHints":{"allow":["GET"]}}],"collection":[{"href":"https:\/\/www.vap-camping.fr\/es\/wp-json\/wp\/v2\/posts"}],"about":[{"href":"https:\/\/www.vap-camping.fr\/es\/wp-json\/wp\/v2\/types\/post"}],"author":[{"embeddable":true,"href":"https:\/\/www.vap-camping.fr\/es\/wp-json\/wp\/v2\/users\/1"}],"replies":[{"embeddable":true,"href":"https:\/\/www.vap-camping.fr\/es\/wp-json\/wp\/v2\/comments?post=8177"}],"version-history":[{"count":1,"href":"https:\/\/www.vap-camping.fr\/es\/wp-json\/wp\/v2\/posts\/8177\/revisions"}],"predecessor-version":[{"id":8180,"href":"https:\/\/www.vap-camping.fr\/es\/wp-json\/wp\/v2\/posts\/8177\/revisions\/8180"}],"wp:featuredmedia":[{"embeddable":true,"href":"https:\/\/www.vap-camping.fr\/es\/wp-json\/wp\/v2\/media\/7711"}],"wp:attachment":[{"href":"https:\/\/www.vap-camping.fr\/es\/wp-json\/wp\/v2\/media?parent=8177"}],"wp:term":[{"taxonomy":"category","embeddable":true,"href":"https:\/\/www.vap-camping.fr\/es\/wp-json\/wp\/v2\/categories?post=8177"},{"taxonomy":"post_tag","embeddable":true,"href":"https:\/\/www.vap-camping.fr\/es\/wp-json\/wp\/v2\/tags?post=8177"}],"curies":[{"name":"wp","href":"https:\/\/api.w.org\/{rel}","templated":true}]}}