{"id":8202,"date":"2026-03-04T06:46:10","date_gmt":"2026-03-04T06:46:10","guid":{"rendered":"https:\/\/www.vap-camping.fr\/week-end-ariege-que-faire\/"},"modified":"2026-03-11T20:28:28","modified_gmt":"2026-03-11T20:28:28","slug":"week-end-ariege-que-faire","status":"publish","type":"post","link":"https:\/\/www.vap-camping.fr\/es\/week-end-ariege-que-faire\/","title":{"rendered":"Fines de semana en Ari\u00e8ge: ideas para escapadas de naturaleza y relax"},"content":{"rendered":"\n<div class=\"wp-block-group alignfull is-layout-flow wp-container-core-group-is-layout-8af317cd wp-block-group-is-layout-flow\">\n<div class=\"wp-block-group hero-camp fromOpacity is-layout-flow wp-block-group-is-layout-flow\" style=\"margin-bottom:20rem\">\n<div class=\"wp-block-group alignfull hero-img fromOpacity is-layout-flow wp-block-group-is-layout-flow\">\n<figure class=\"wp-block-image size-full\"><img decoding=\"async\" width=\"1920\" height=\"1280\" src=\"https:\/\/www.vap-camping.fr\/wp-content\/uploads\/2026\/03\/guide-visite-ariege.webp\" alt=\"Descubre todos nuestros consejos para preparar tu estancia en Ari&#xE8;ge\" class=\"wp-image-7763\" srcset=\"https:\/\/www.vap-camping.fr\/wp-content\/uploads\/2026\/03\/guide-visite-ariege.webp 1920w, https:\/\/www.vap-camping.fr\/wp-content\/uploads\/2026\/03\/guide-visite-ariege-600x400.webp 600w, https:\/\/www.vap-camping.fr\/wp-content\/uploads\/2026\/03\/guide-visite-ariege-1024x683.webp 1024w, https:\/\/www.vap-camping.fr\/wp-content\/uploads\/2026\/03\/guide-visite-ariege-768x512.webp 768w, https:\/\/www.vap-camping.fr\/wp-content\/uploads\/2026\/03\/guide-visite-ariege-1536x1024.webp 1536w\" sizes=\"(max-width: 1920px) 100vw, 1920px\" \/><\/figure>\n<\/div>\n\n\n\n<div class=\"wp-block-group hero-desc has-secondary-background-color has-background fromOpacity is-layout-flow wp-block-group-is-layout-flow\" style=\"border-top-right-radius:90px;border-bottom-right-radius:90px;padding-top:2rem;padding-bottom:2rem;padding-left:5rem\"><h1 style=\"font-size:clamp(3.037rem, 3.037rem + ((1vw - 0.2rem) * 4.018), 6rem);\" class=\"has-link-color wp-elements-971196805a816ee349c8ae4f34a1c7a7 wp-block-post-title has-text-color has-white-color has-secondary-font-family\">Fines de semana en Ari\u00e8ge: ideas para escapadas de naturaleza y relax<\/h1>\n\n\n<div class=\"wp-block-group is-nowrap is-layout-flex wp-container-core-group-is-layout-3b4e9d3e wp-block-group-is-layout-flex\">\n<p class=\"has-white-color has-text-color has-link-color has-sm-font-size wp-elements-accc2c0e07d2842f8af08a35c4ffe0cd\" style=\"font-style:normal;font-weight:500;text-transform:uppercase\">Campings<\/p>\n\n\n\n<figure class=\"wp-block-image size-full\"><img alt=\"\" decoding=\"async\" src=\"https:\/\/www.vap-camping.fr\/wp-content\/themes\/vap\/assets\/img\/svg\/star-white.svg\" alt=\"\" class=\"wp-image-657\"\/><\/figure>\n\n\n\n<figure class=\"wp-block-image size-full\"><img alt=\"\" decoding=\"async\" src=\"https:\/\/www.vap-camping.fr\/wp-content\/themes\/vap\/assets\/img\/svg\/star-white.svg\" alt=\"\" class=\"wp-image-657\"\/><\/figure>\n\n\n\n<figure class=\"wp-block-image size-full\"><img alt=\"\" decoding=\"async\" src=\"https:\/\/www.vap-camping.fr\/wp-content\/themes\/vap\/assets\/img\/svg\/star-white.svg\" alt=\"\" class=\"wp-image-657\"\/><\/figure>\n\n\n\n<p class=\"has-white-color has-text-color has-link-color has-sm-font-size wp-elements-607150ecce0303d631b7810c1641f883\" style=\"font-style:normal;font-weight:500;text-transform:uppercase\">&amp;<\/p>\n\n\n\n<figure class=\"wp-block-image size-full\"><img alt=\"\" decoding=\"async\" src=\"https:\/\/www.vap-camping.fr\/wp-content\/themes\/vap\/assets\/img\/svg\/star-white.svg\" alt=\"\" class=\"wp-image-657\"\/><\/figure>\n\n\n\n<figure class=\"wp-block-image size-full\"><img alt=\"\" decoding=\"async\" src=\"https:\/\/www.vap-camping.fr\/wp-content\/themes\/vap\/assets\/img\/svg\/star-white.svg\" alt=\"\" class=\"wp-image-657\"\/><\/figure>\n\n\n\n<figure class=\"wp-block-image size-full\"><img alt=\"\" decoding=\"async\" src=\"https:\/\/www.vap-camping.fr\/wp-content\/themes\/vap\/assets\/img\/svg\/star-white.svg\" alt=\"\" class=\"wp-image-657\"\/><\/figure>\n\n\n\n<figure class=\"wp-block-image size-full\"><img alt=\"\" decoding=\"async\" src=\"https:\/\/www.vap-camping.fr\/wp-content\/themes\/vap\/assets\/img\/svg\/star-white.svg\" alt=\"\" class=\"wp-image-657\"\/><\/figure>\n\n\n\n<p class=\"has-white-color has-text-color has-link-color has-sm-font-size wp-elements-1a34ad81246e10b53e4765b457d96474\" style=\"font-style:normal;font-weight:500;text-transform:uppercase\">&#8211; ariGe<\/p>\n<\/div>\n<\/div>\n<\/div>\n\n\n\n<div class=\"wp-block-group has-global-padding is-layout-constrained wp-block-group-is-layout-constrained\">\n<div class=\"wp-block-columns alignfull m-ti is-layout-flex wp-container-core-columns-is-layout-0c0b91ec wp-block-columns-is-layout-flex\">\n<div class=\"wp-block-column is-vertically-aligned-center leftRight m-ti-text is-layout-flow wp-block-column-is-layout-flow\" style=\"padding-left:10rem;flex-basis:40%\">\n<div class=\"wp-block-group is-style-title-left is-layout-flow wp-block-group-is-layout-flow is-style-title-left--1\">\n<p class=\"has-secondary-color has-text-color has-link-color has-secondary-font-family has-xl-font-size wp-elements-a05b71c9747e84c3b15a05a0105aad50\"><em>Fin de semana en Ari\u00e8ge,<\/em><\/p>\n\n\n\n<p class=\"has-primary-color has-text-color has-link-color has-primary-font-family has-sm-font-size wp-elements-f380319b843f1affd2fd0024279821dd\" style=\"text-transform:uppercase\"><strong>entre naturaleza, deporte y cultura<\/strong><\/p>\n<\/div>\n\n\n\n<p class=\"has-m-font-size\" style=\"padding-left:2rem\"><strong>\u00bfQu\u00e9 puedes hacer en Ari\u00e8ge durante un fin de semana?<\/strong> Enclavada en el coraz\u00f3n de los Pirineos, esta regi\u00f3n virgen atraer\u00e1 a los amantes de la <strong>naturaleza<\/strong>, la<strong>historia<\/strong> y<strong>la aventura<\/strong>. Desde castillos c\u00e1taros y cuevas prehist\u00f3ricas hasta espectaculares excursiones y balnearios, la Ari\u00e8ge ofrece multitud de experiencias para una escapada ex\u00f3tica. <\/p>\n\n\n\n<p class=\"has-m-font-size\" style=\"padding-left:2rem\">Ya sea en <strong>familia<\/strong>, en <strong>pareja <\/strong>o para un <strong>fin de semana deportivo<\/strong>, descubre las mejores ideas de actividades y lugares imprescindibles para aprovechar al m\u00e1ximo tu escapada a Ari\u00e8ge.<\/p>\n\n\n\n<div style=\"height:20px\" aria-hidden=\"true\" class=\"wp-block-spacer\"><\/div>\n<\/div>\n\n\n\n<div class=\"wp-block-column is-vertically-aligned-stretch rightLeft m-ti-image is-style-simple-right is-layout-flow wp-block-column-is-layout-flow is-style-simple-right--2\" style=\"flex-basis:60%\">\n<figure class=\"wp-block-image alignright size-large\"><img decoding=\"async\" width=\"1024\" height=\"680\" src=\"https:\/\/www.vap-camping.fr\/wp-content\/uploads\/2026\/03\/meilleures-activites-ariege-camping-vap-1024x680.webp\" alt=\"Las mejores cosas que hacer en Ari&#xE8;ge con VAP Camping\" class=\"wp-image-7757\" srcset=\"https:\/\/www.vap-camping.fr\/wp-content\/uploads\/2026\/03\/meilleures-activites-ariege-camping-vap-1024x680.webp 1024w, https:\/\/www.vap-camping.fr\/wp-content\/uploads\/2026\/03\/meilleures-activites-ariege-camping-vap-600x398.webp 600w, https:\/\/www.vap-camping.fr\/wp-content\/uploads\/2026\/03\/meilleures-activites-ariege-camping-vap-768x510.webp 768w, https:\/\/www.vap-camping.fr\/wp-content\/uploads\/2026\/03\/meilleures-activites-ariege-camping-vap-1536x1020.webp 1536w, https:\/\/www.vap-camping.fr\/wp-content\/uploads\/2026\/03\/meilleures-activites-ariege-camping-vap.webp 1920w\" sizes=\"(max-width: 1024px) 100vw, 1024px\" \/><\/figure>\n<\/div>\n<\/div>\n<\/div>\n\n\n\n<div class=\"wp-block-group alignwide is-style-title-simple fromTop is-layout-flow wp-block-group-is-layout-flow is-style-title-simple--3\" style=\"margin-top:4rem;margin-bottom:4rem\">\n<p class=\"has-text-align-center has-secondary-color has-text-color has-link-color has-secondary-font-family has-xl-font-size wp-elements-a52b2ee3c7152f33031dc9dc6d58f907\"><em><em>El programa perfecto<\/em><\/em><\/p>\n\n\n\n<p class=\"has-text-align-center has-primary-font-family has-sm-font-size\" style=\"text-transform:uppercase\"><strong><em><em>para una escapada familiar, en pareja o deportiva<\/em><\/em><\/strong><\/p>\n<\/div>\n\n\n\n<div style=\"background-image:url(&#039;https:\/\/www.vap-camping.fr\/wp-content\/uploads\/2026\/03\/visite-chateau-foix-camping-ariege.webp&#039;);background-position:95% 57.99999999999999%;background-size:cover;\" class=\"wp-block-group bg-img-part reveal is-layout-flow wp-block-group-is-layout-flow has-background\">\n<div class=\"wp-block-columns alignfull is-layout-flex wp-container-core-columns-is-layout-28f84493 wp-block-columns-is-layout-flex\">\n<div class=\"wp-block-column part-void is-layout-flow wp-block-column-is-layout-flow\" style=\"flex-basis:55%\"><\/div>\n\n\n\n<div class=\"wp-block-column part-content is-layout-flow wp-block-column-is-layout-flow\" style=\"flex-basis:45%\">\n<div class=\"wp-block-group is-bg-rounded is-layout-flow wp-container-core-group-is-layout-75c87b2e wp-block-group-is-layout-flow\">\n<div class=\"wp-block-group is-style-title-flip has-global-padding is-layout-constrained wp-block-group-is-layout-constrained is-style-title-flip--4\">\n<p class=\"has-text-align-right has-secondary-font-family has-xl-font-size\"><strong>Castillos, cuevas<\/strong><\/p>\n\n\n\n<p class=\"has-text-align-right has-sm-font-size\" style=\"text-transform:uppercase\"><strong>y prehistoria con ni\u00f1os<\/strong><\/p>\n\n\n\n<h2 class=\"wp-block-heading has-text-align-right text-title\"><br\/><strong>Fin de semana familiar en Ari\u00e8ge<\/strong><\/h2>\n\n\n\n<p class=\"has-text-align-right\"><br\/>Castillos c\u00e1taros, leyendas de caballeros, parques tem\u00e1ticos donde los ni\u00f1os pueden tallar s\u00edlex, f\u00f3siles de mamuts, cuevas para explorar: Ari\u00e8ge sorprender\u00e1 a los ni\u00f1os de 3 a 14 a\u00f1os con sus tesoros prehist\u00f3ricos y medievales. Un programa accesible y m\u00e1gico para tus peque\u00f1os aventureros. <\/p>\n<\/div>\n<\/div>\n<\/div>\n<\/div>\n<\/div>\n\n\n\n<div class=\"wp-block-group reveal has-global-padding is-layout-constrained wp-container-core-group-is-layout-8a400663 wp-block-group-is-layout-constrained\">\n<h3 class=\"wp-block-heading has-text-align-center has-secondary-color has-text-color has-link-color wp-elements-905b793773a1df4b853c7cef1b1a15b1\">Castillo de Foix<\/h3>\n\n\n\n<div style=\"height:25px\" aria-hidden=\"true\" class=\"wp-block-spacer\"><\/div>\n\n\n\n<p>Es imposible pasar un <strong>fin de semana con los ni\u00f1os en Ari\u00e8ge<\/strong> sin subir al Castillo de Foix. Sus tres torres dominan la ciudad y ofrecen una vista panor\u00e1mica del valle del Ari\u00e8ge. A los ni\u00f1os les encantar\u00e1n las demostraciones de armas medievales, las recreaciones hist\u00f3ricas y los arcos. Duraci\u00f3n de la visita: de 1h30 a 2h, acceso: centro de Foix.   <\/p>\n\n\n\n<div style=\"height:25px\" aria-hidden=\"true\" class=\"wp-block-spacer\"><\/div>\n\n\n\n<h3 class=\"wp-block-heading has-text-align-center has-secondary-color has-text-color has-link-color wp-elements-43bcb4be121957cdae5ae5e18d9003f9\">Parque de la Prehistoria<\/h3>\n\n\n\n<div style=\"height:25px\" aria-hidden=\"true\" class=\"wp-block-spacer\"><\/div>\n\n\n\n<p>Situado cerca de Tarascon-sur-Ari\u00e8ge, este parque inmersivo permite a los ni\u00f1os descubrir c\u00f3mo era la vida en el periodo Magdaleniense, con talleres de talla de s\u00edlex, pintura rupestre y demostraciones de fuego prehist\u00f3rico. \u00bfSab\u00edas que aqu\u00ed se han encontrado conchas marinas de hace 15.000 a\u00f1os, prueba de un comercio a m\u00e1s de 300 km? Prev\u00e9 un m\u00ednimo de 3 horas, perfecto para ni\u00f1os de 5 a 14 a\u00f1os.  <\/p>\n\n\n\n<div style=\"height:25px\" aria-hidden=\"true\" class=\"wp-block-spacer\"><\/div>\n\n\n\n<h3 class=\"wp-block-heading has-text-align-center has-secondary-color has-text-color has-link-color wp-elements-e4857d57d5832d1e46b54338d1916bd1\">Cueva de Mas d&#8217;Azil<\/h3>\n\n\n\n<div style=\"height:25px\" aria-hidden=\"true\" class=\"wp-block-spacer\"><\/div>\n\n\n\n<p>Un t\u00fanel gigante por el que conducir, y luego una b\u00fasqueda del tesoro prehist\u00f3rico que asombrar\u00e1 a los peque\u00f1os aventureros: la carretera se sumerge en un t\u00fanel natural excavado por el r\u00edo. En la cueva, los ni\u00f1os descubrir\u00e1n huesos aut\u00e9nticos de mamuts lanudos, rinocerontes y osos de las cavernas, mientras que en la ludoteca, las pantallas t\u00e1ctiles y los juegos de caza virtuales les sumergir\u00e1n en la vida magdaleniense. A 40 minutos de Foix, calcula 2 horas para la visita. No se puede acceder a la cueva en cochecito, por lo que necesitar\u00e1s un portabeb\u00e9s. Se recomienda llevar una chaqueta polar o sudadera<strong> <\/strong>(la temperatura en la cueva ronda los 12 \u00b0C todo el a\u00f1o).<\/p>\n\n\n\n<div style=\"height:25px\" aria-hidden=\"true\" class=\"wp-block-spacer\"><\/div>\n\n\n\n<h3 class=\"wp-block-heading has-text-align-center has-secondary-color has-text-color has-link-color wp-elements-bf9f28c2f6d13c3da2b745ad637ea440\">Otras actividades con ni\u00f1os<\/h3>\n\n\n\n<div style=\"height:25px\" aria-hidden=\"true\" class=\"wp-block-spacer\"><\/div>\n\n\n\n<p>Como colof\u00f3n a este programa de prehistoria y castillos, aqu\u00ed tienes algunas ideas de excursiones familiares para incluir en tu fin de semana en el Ari\u00e8ge.<\/p>\n\n\n\n<div style=\"height:25px\" aria-hidden=\"true\" class=\"wp-block-spacer\"><\/div>\n\n\n\n<ul class=\"wp-block-list\">\n<li><strong>Grotte de Lombrives<\/strong> (Ussat, a 20 min de Tarasc\u00f3n): la cueva m\u00e1s grande de Europa (r\u00e9cord Guinness), accesible en <strong>tren tur\u00edstico<\/strong>. Leyendas c\u00e1taras, <strong>demostraciones de murci\u00e9lagos<\/strong> y galer\u00edas m\u00e1gicas: los ni\u00f1os quedar\u00e1n encantados con este &#8220;mundo perdido&#8221;. <strong>2 horas, perfecto despu\u00e9s del Parque de la Prehistoria<\/strong>.<a href=\"https:\/\/ariege.com\/11-francais\/que-faire-en-ariege\/enfants\/4-loisirs-et-activites-pour-toute-la-famille-en-ariege-pyrenees\" target=\"_blank\" rel=\"noreferrer noopener\"><\/a> <\/li>\n\n\n\n<li><strong>R\u00edo subterr\u00e1neo Labouiche<\/strong> (Bastide-de-S\u00e9rou, a 25 min de Foix): navega<strong> en barca<\/strong> por el r\u00edo navegable m\u00e1s largo de Europa (1,5 km bajo tierra). Sonidos misteriosos, estalactitas centelleantes: una versi\u00f3n &#8220;Piratas del Caribe&#8221; de la naturaleza. <strong>1 hora, a partir de 3 a\u00f1os<\/strong>.<a href=\"https:\/\/www.ariege.com\/geologie\/11-francais\/que-faire-en-ariege\/enfants\/4-loisirs-et-activites-pour-toute-la-famille-en-ariege-pyrenees\" target=\"_blank\" rel=\"noreferrer noopener\"><\/a> <\/li>\n\n\n\n<li><strong>XPloria &#8211; For\u00eat \u00e0 remonter le temps<\/strong> (cerca del Mas d&#8217;Azil, a 10 minutos)<strong>: recorrido forestal de 2 km<\/strong>: dinosaurios a tama\u00f1o real, helechos gigantes, cuevas interactivas. Tirolinas y reconstrucciones de fauna extinguida: una explosi\u00f3n de asombro para grandes y peque\u00f1os.<a href=\"https:\/\/debeauxlentsdemains.com\/lariege-en-famille-10-idees-de-sorties\/\" target=\"_blank\" rel=\"noreferrer noopener\"><\/a> <\/li>\n\n\n\n<li><strong>Akrobranch d&#8217;Orlu<\/strong> (valle de Orlu, a 45 min de Foix): <strong>14 recorridos accrobranch<\/strong> por encima de las cascadas (Marmotte a partir de 4 a\u00f1os, tirolinas gigantes). <strong>Ch\u00e2teau-Desman<\/strong> con t\u00faneles secretos. Sello &#8220;Calidad al aire libre&#8221;. <\/li>\n<\/ul>\n\n\n\n<div style=\"height:25px\" aria-hidden=\"true\" class=\"wp-block-spacer\"><\/div>\n<\/div>\n\n\n\n<div class=\"wp-block-group alignwide is-style-title-simple fromTop is-layout-flow wp-block-group-is-layout-flow is-style-title-simple--5\" style=\"margin-top:4rem;margin-bottom:4rem\">\n<p class=\"has-text-align-center has-secondary-color has-text-color has-link-color has-secondary-font-family has-xl-font-size wp-elements-aba0c3cb9df4c5093a9118b91df66dba\"><em><strong><em><strong>De tribu feliz a d\u00fao unido<\/strong><\/em><\/strong><\/em> :<\/p>\n\n\n\n<p class=\"has-text-align-center has-primary-font-family has-sm-font-size\" style=\"text-transform:uppercase\"><strong><strong><strong>  Ari\u00e8ge se adapta a tus deseos<\/strong><\/strong><\/strong><\/p>\n<\/div>\n\n\n\n<div class=\"wp-block-group leftRight has-global-padding is-layout-constrained wp-block-group-is-layout-constrained\">\n<div class=\"wp-block-columns alignfull are-vertically-aligned-center m-ti is-layout-flex wp-container-core-columns-is-layout-0c0b91ec wp-block-columns-is-layout-flex\">\n<div class=\"wp-block-column is-vertically-aligned-center wp-block-image alignright size-large has-custom-border is-style-simple-left m-ti-image is-layout-flow wp-block-column-is-layout-flow is-style-simple-left--6\" style=\"flex-basis:60%\">\n<figure class=\"wp-block-image alignleft size-full\"><img decoding=\"async\" width=\"2560\" height=\"1224\" src=\"https:\/\/www.vap-camping.fr\/wp-content\/uploads\/2026\/02\/randonnee-trek-ariege-scaled.webp\" alt=\"Descubre las rutas m&#xE1;s bonitas alrededor del Pic du Montcalm\" class=\"wp-image-7667\" srcset=\"https:\/\/www.vap-camping.fr\/wp-content\/uploads\/2026\/02\/randonnee-trek-ariege-scaled.webp 2560w, https:\/\/www.vap-camping.fr\/wp-content\/uploads\/2026\/02\/randonnee-trek-ariege-600x287.webp 600w, https:\/\/www.vap-camping.fr\/wp-content\/uploads\/2026\/02\/randonnee-trek-ariege-1024x490.webp 1024w, https:\/\/www.vap-camping.fr\/wp-content\/uploads\/2026\/02\/randonnee-trek-ariege-768x367.webp 768w, https:\/\/www.vap-camping.fr\/wp-content\/uploads\/2026\/02\/randonnee-trek-ariege-1536x734.webp 1536w, https:\/\/www.vap-camping.fr\/wp-content\/uploads\/2026\/02\/randonnee-trek-ariege-2048x979.webp 2048w\" sizes=\"(max-width: 2560px) 100vw, 2560px\" \/><\/figure>\n<\/div>\n\n\n\n<div class=\"wp-block-column is-vertically-aligned-center m-ti-text is-layout-flow wp-container-core-column-is-layout-58dbe9e9 wp-block-column-is-layout-flow\" style=\"padding-left:10rem;flex-basis:40%\">\n<div class=\"wp-block-group is-style-title-left is-layout-flow wp-block-group-is-layout-flow is-style-title-left--7\">\n<p class=\"has-secondary-color has-text-color has-link-color has-secondary-font-family has-xl-font-size wp-elements-797a5e2d8795f3855b7a4d1e2b028b59\">Para los amantes<\/p>\n\n\n\n<p class=\"has-primary-color has-text-color has-link-color has-primary-font-family has-sm-font-size wp-elements-66b0e764ee46c102baa6a2582a88986e\" style=\"text-transform:uppercase\"><strong><strong><em><strong><em><strong><strong>Libre como un p\u00e1jaro<\/strong><\/strong><\/em><\/strong><\/em><\/strong><\/strong><\/p>\n<\/div>\n\n\n\n<h2 class=\"wp-block-heading text-title\"><strong>Fin de semana rom\u00e1ntico en Ari\u00e8ge<\/strong><\/h2>\n\n\n\n<p class=\"has-m-font-size\" style=\"padding-left:2rem\">Aqu\u00ed tienes algunas ideas rom\u00e1nticas para un<strong> fin de semana en pareja en el Ari\u00e8ge<\/strong>, combinando naturaleza, historia, relajaci\u00f3n, magn\u00edficos paisajes y una cena a la luz de las velas. En el programa: castillos medievales, coloridas bastidas, jardines bot\u00e1nicos y termas bajo un techo de cristal Art D\u00e9co: este programa combina historia viva e interludios zen para dos almas en busca de la eternidad pirenaica. De <strong>Foix <\/strong>a <strong>Ax-les-Thermes<\/strong>, cada paso es \u00edntimo.  <\/p>\n<\/div>\n<\/div>\n<\/div>\n\n\n\n<div class=\"wp-block-group reveal has-global-padding is-layout-constrained wp-container-core-group-is-layout-8a400663 wp-block-group-is-layout-constrained\">\n<h3 class=\"wp-block-heading has-text-align-center has-secondary-color has-text-color has-link-color wp-elements-6536fcd7111077c39bfdc584685e61be\"><br\/>Lugares hist\u00f3ricos y culturales<\/h3>\n\n\n\n<div style=\"height:25px\" aria-hidden=\"true\" class=\"wp-block-spacer\"><\/div>\n\n\n\n<p>Empieza por el <strong>Castillo de Foix<\/strong>, una fortaleza medieval con impresionantes vistas sobre el valle del Ari\u00e8ge. A continuaci\u00f3n, cambia de aires paseando de la mano por la <strong>Place des Couverts<\/strong>, una t\u00edpica plaza medieval enclavada en el coraz\u00f3n de <strong>Mirepoix<\/strong>. A continuaci\u00f3n, dir\u00edgete al <strong>Palacio de los Evasores de Saint-Lizier<\/strong>, catalogado como uno de los pueblos m\u00e1s bonitos de Francia. <strong>Por \u00faltimo, otras joyas hist\u00f3ricas como el Castillo de Lordat y Au Pays des Traces<\/strong> pondr\u00e1n la guinda a tu jornada.  <\/p>\n\n\n\n<div style=\"height:25px\" aria-hidden=\"true\" class=\"wp-block-spacer\"><\/div>\n\n\n\n<h3 class=\"wp-block-heading has-text-align-center has-secondary-color has-text-color has-link-color wp-elements-5d4d2f86a4b7eeb10317795a24e5d9f1\">Relajaci\u00f3n y naturaleza<\/h3>\n\n\n\n<div style=\"height:25px\" aria-hidden=\"true\" class=\"wp-block-spacer\"><\/div>\n\n\n\n<p>Contin\u00faa tu fin de semana con un <strong>rom\u00e1ntico paseo por <\/strong><strong>el Parque de Bouych\u00e8res en Foix<\/strong>, el escenario natural ideal para una reuni\u00f3n rom\u00e1ntica. Luego dir\u00edgete al<strong> Parc aux Bambous<\/strong>, un jard\u00edn ex\u00f3tico donde los exuberantes senderos verdes te invitan a relajarte y desconectar. \u00bfQu\u00e9 puede haber m\u00e1s rom\u00e1ntico que<strong> una cena en un restaurante<\/strong> para redondear la jornada? Las direcciones m\u00e1s populares para un t\u00eate-\u00e0-t\u00eate se concentran en torno a <strong>Foix<\/strong>, <strong>Mirepoix<\/strong> y <strong>Saint-Girons<\/strong>. Ambiente tranquilo, productos locales y vistas de los Pirineos.    <\/p>\n\n\n\n<div style=\"height:25px\" aria-hidden=\"true\" class=\"wp-block-spacer\"><\/div>\n\n\n\n<h3 class=\"wp-block-heading has-text-align-center has-secondary-color has-text-color has-link-color wp-elements-b4cbf3b68bbb7c4eeeae2e6eac39d69b\">Los ba\u00f1os termales de Ax-les-Thermes<\/h3>\n\n\n\n<div style=\"height:25px\" aria-hidden=\"true\" class=\"wp-block-spacer\"><\/div>\n\n\n\n<p>Termina tu <strong>fin de semana de relax en Ari\u00e8ge <\/strong>con estilo bajo el techo de cristal Art D\u00e9co de los <strong>Bains du Couloubret<\/strong>, donde 3.000 m\u00b2 de bienestar termal ampl\u00edan tu intimidad tras una excursi\u00f3n por los Pirineos. Sum\u00e9rgete en la piscina central de cuello de cisne de 200 m\u00b2 (36\u00b0C), alterna entre el g\u00e9lido frigidarium romano (15\u00b0C) y el vaporoso caldarium (38\u00b0C) para un momento de eternidad para dos. <\/p>\n\n\n\n<div style=\"height:25px\" aria-hidden=\"true\" class=\"wp-block-spacer\"><\/div>\n<\/div>\n\n\n\n<div class=\"wp-block-group alignwide is-style-title-simple fromTop is-layout-flow wp-block-group-is-layout-flow is-style-title-simple--8\" style=\"margin-top:4rem;margin-bottom:4rem\">\n<p class=\"has-text-align-center has-secondary-color has-text-color has-link-color has-secondary-font-family has-xl-font-size wp-elements-1595609279b51037bf3e2ba5314708e8\"><strong>Naturaleza, esfuerzo, huida<\/strong>:<\/p>\n\n\n\n<p class=\"has-text-align-center has-primary-font-family has-sm-font-size\" style=\"text-transform:uppercase\"><strong>el Ari\u00e8ge sin l\u00edmites<\/strong><\/p>\n<\/div>\n\n\n\n<div class=\"wp-block-group rightLeft has-global-padding is-layout-constrained wp-block-group-is-layout-constrained\">\n<div class=\"wp-block-columns alignfull are-vertically-aligned-center m-ti is-layout-flex wp-container-core-columns-is-layout-0c0b91ec wp-block-columns-is-layout-flex\">\n<div class=\"wp-block-column is-vertically-aligned-center m-ti-text is-layout-flow wp-container-core-column-is-layout-58dbe9e9 wp-block-column-is-layout-flow\" style=\"padding-left:10rem;flex-basis:40%\">\n<div class=\"wp-block-group is-style-title-left is-layout-flow wp-block-group-is-layout-flow is-style-title-left--9\">\n<p class=\"has-secondary-color has-text-color has-link-color has-secondary-font-family has-xl-font-size wp-elements-cbbb2c5170df9aebffa7f5a470a972b2\">Actividades en la naturaleza y deportes sensacionales<\/p>\n\n\n\n<p class=\"has-primary-color has-text-color has-link-color has-primary-font-family has-sm-font-size wp-elements-899a96136566af51b5b0f550a58fa991\" style=\"text-transform:uppercase\"><strong>en los Pirineos<\/strong><\/p>\n<\/div>\n\n\n\n<h2 class=\"wp-block-heading text-title\"><strong>Fin de semana deportivo en Ari\u00e8ge<\/strong><\/h2>\n\n\n\n<p class=\"has-m-font-size\" style=\"padding-left:2rem\">He aqu\u00ed un programa estimulante para un <strong>fin de semana de deporte en Ari\u00e8ge<\/strong>, con senderos vertiginosos, v\u00edas ferratas, enduro en bicicleta de monta\u00f1a y desaf\u00edos pirenaicos. En el men\u00fa: senderismo en el <strong>Parque Natural Regional de los Pirineos Ari\u00e9geos<\/strong>, lugares de freeride, lagos de gran altitud y lugares de escalada legendarios. De Foix a los valles del Orlu, cada esfuerzo revela panoramas impresionantes.  <\/p>\n<\/div>\n\n\n\n<div class=\"wp-block-column is-vertically-aligned-center wp-block-image alignright size-large has-custom-border m-ti-image is-style-simple-right is-layout-flow wp-block-column-is-layout-flow is-style-simple-right--10\" style=\"flex-basis:60%\">\n<figure class=\"wp-block-image alignright size-full\"><img decoding=\"async\" width=\"2284\" height=\"1280\" src=\"https:\/\/www.vap-camping.fr\/wp-content\/uploads\/2026\/03\/kayak-camping-riviere-ariege.webp\" alt=\"pirag&#xFC;ismo y kayak en el r&#xED;o Ari&#xE8;ge\" class=\"wp-image-7785\" srcset=\"https:\/\/www.vap-camping.fr\/wp-content\/uploads\/2026\/03\/kayak-camping-riviere-ariege.webp 2284w, https:\/\/www.vap-camping.fr\/wp-content\/uploads\/2026\/03\/kayak-camping-riviere-ariege-600x336.webp 600w, https:\/\/www.vap-camping.fr\/wp-content\/uploads\/2026\/03\/kayak-camping-riviere-ariege-1024x574.webp 1024w, https:\/\/www.vap-camping.fr\/wp-content\/uploads\/2026\/03\/kayak-camping-riviere-ariege-768x430.webp 768w, https:\/\/www.vap-camping.fr\/wp-content\/uploads\/2026\/03\/kayak-camping-riviere-ariege-1536x861.webp 1536w, https:\/\/www.vap-camping.fr\/wp-content\/uploads\/2026\/03\/kayak-camping-riviere-ariege-2048x1148.webp 2048w\" sizes=\"(max-width: 2284px) 100vw, 2284px\" \/><\/figure>\n<\/div>\n<\/div>\n<\/div>\n\n\n\n<div class=\"wp-block-group reveal has-global-padding is-layout-constrained wp-container-core-group-is-layout-8a400663 wp-block-group-is-layout-constrained\">\n<h3 class=\"wp-block-heading has-text-align-center has-secondary-color has-text-color has-link-color wp-elements-ee2796a8faad9d7d966ed8e0879c2640\"><br\/><strong>Senderismo y retos en la naturaleza<\/strong><\/h3>\n\n\n\n<div style=\"height:25px\" aria-hidden=\"true\" class=\"wp-block-spacer\"><\/div>\n\n\n\n<p>Nos dirigimos directamente al <strong>Col de la Serre<\/strong>. Es una de las <a href=\"https:\/\/www.vap-camping.fr\/es\/plus-belles-randonnees-ariege\/\">excursiones imprescindibles del Ari\u00e8ge<\/a>, cerca del Col des Marrous: 8 km con 350 m de D+. Justo lo que necesitas para calentar los muslos. Por el camino: bosques de la Ari\u00e8ge y vistas impresionantes sobre el valle de la Barguilli\u00e8re y Foix, donde a veces se pueden ver ciervos.     <\/p>\n\n\n\n<div style=\"height:25px\" aria-hidden=\"true\" class=\"wp-block-spacer\"><\/div>\n\n\n\n<p>A continuaci\u00f3n, puedes conducir hasta la<strong> Vall\u00e9e d&#8217;Orlu<\/strong> por las sinuosas carreteras del Ari\u00e8ge. Descubre una reserva natural en estado puro, dominada por <strong>las cascadas de Ars<\/strong>, de 246 metros de altura, los isardos que observan desde lejos y los senderos que juegan con la pendiente. Aqu\u00ed, las monta\u00f1as no son decorativas, est\u00e1n vivas.  <\/p>\n\n\n\n<div style=\"height:25px\" aria-hidden=\"true\" class=\"wp-block-spacer\"><\/div>\n\n\n\n<p>Cambio de ritmo en <strong>Ax 3 Domaines<\/strong>. Bicicleta de monta\u00f1a el\u00e9ctrica, senderos de enduro entre lapiaz y maleza, curvas peraltadas, rocas que crujen bajo los neum\u00e1ticos. Y por \u00faltimo, la <strong>V\u00eda Ferrata del Rocher de Tabe<\/strong>. L\u00edneas verticales, cables tensos, un vac\u00edo a la derecha: clip tras clip de concentraci\u00f3n y pura emoci\u00f3n. La versi\u00f3n panor\u00e1mica del Ari\u00e8ge: cruda, t\u00e9cnica, inolvidable.    <\/p>\n\n\n\n<div style=\"height:25px\" aria-hidden=\"true\" class=\"wp-block-spacer\"><\/div>\n\n\n\n<h3 class=\"wp-block-heading has-text-align-center has-secondary-color has-text-color has-link-color wp-elements-2397e254aec110a8de9e7c29cedf0825\"><strong>Actividades al aire libre y emociones fuertes<\/strong><\/h3>\n\n\n\n<div style=\"height:25px\" aria-hidden=\"true\" class=\"wp-block-spacer\"><\/div>\n\n\n\n<p>Primera descarga de adrenalina en <strong>Akrobranch d&#8217;Orlu<\/strong>, cerca de Ax les Thermes: 14 recorridos suspendidos sobre las gargantas, incluidas tirolinas de 250 metros que dan la impresi\u00f3n de sobrevolar el valle. El bosque, el vac\u00edo bajo los pies, el eco de los gritos: el fin de semana empieza con buen pie. La presi\u00f3n desaparece con una sesi\u00f3n de <strong>kayak en el Ari\u00e8ge<\/strong>, en <strong>Tarascon-sur-Ari\u00e8ge<\/strong>. Casco puesto, remo en mano, los r\u00e1pidos fluyen bajo la atenta mirada de los monitores. Salpicaduras, sacudidas y risas, es la combinaci\u00f3n perfecta de t\u00e9cnica y diversi\u00f3n.    <\/p>\n\n\n\n<div style=\"height:25px\" aria-hidden=\"true\" class=\"wp-block-spacer\"><\/div>\n\n\n\n<p>Un cambio de ambiente en <strong>Guzet<\/strong> para probar la versi\u00f3n veraniega del biatl\u00f3n. Tiro con rifle, cardio pulsante, m\u00e1xima concentraci\u00f3n: todo mezclado con esqu\u00ed n\u00f3rdico de fondo sobre hierba. El esp\u00edritu de la monta\u00f1a, incluso sin nieve. Para rematar el fin de semana en la misma l\u00ednea, dir\u00edgete a los Tilleuls de Guzet. Acantilados de granito esculpido, rutas t\u00e9cnicas populares entre los aperturistas: aqu\u00ed, la escalada es vertical y est\u00e9tica. Los dedos buscan el agarre perfecto, los ojos contemplan el valle. Abre el tel\u00f3n de un fin de semana intenso, salvaje y terriblemente adictivo.      <\/p>\n\n\n\n<div style=\"height:25px\" aria-hidden=\"true\" class=\"wp-block-spacer\"><\/div>\n\n\n\n<h3 class=\"wp-block-heading has-text-align-center has-secondary-color has-text-color has-link-color wp-elements-2bfccb542d440ddc2a4224168fe7e13c\"><strong>Escalada Montcalm<\/strong><\/h3>\n\n\n\n<div style=\"height:25px\" aria-hidden=\"true\" class=\"wp-block-spacer\"><\/div>\n\n\n\n<p>Apoteosis de este<strong> <\/strong>Fin de semana de deporte y naturaleza en los Pirineos de Ari\u00e8ge: <strong>el Pic de Montcalm (3.057 m)<\/strong>. Desde <strong>el Val d&#8217;Ari\u00e8ge<\/strong>, el ascenso comienza tranquilo&#8230; luego el paisaje se endurece. El aire se vuelve m\u00e1s fresco, la roca m\u00e1s \u00e1spera y las crestas m\u00e1s a\u00e9reas. A medida que ganas altura, la frontera espa\u00f1ola aparece a la vista y el panorama se abre de par en par. 360\u00b0 de Pirineos, nada menos. En tu calzado: lapiaz t\u00e9cnico y tramos desafiantes para que te suba la adrenalina. En tu mochila: s\u00f3lo lo imprescindible para avanzar hasta el refugio<strong>de \u00c9tang d&#8217;Arbu<\/strong> e improvisar un vivac frente a las cumbres. La luz dorada del atardecer, el silencio, la sensaci\u00f3n de ser diminuto y estar vivo al mismo tiempo.       <\/p>\n\n\n\n<div style=\"height:25px\" aria-hidden=\"true\" class=\"wp-block-spacer\"><\/div>\n\n\n\n<p>Y como nunca se abandona una cima con calma, el descenso es en modo placer total: freeride comprometido o trail running liberador, seg\u00fan tu estado de \u00e1nimo. \u00bfEl resultado? 48 horas de esfuerzo, vistas impresionantes y endorfinas furiosas. La emoci\u00f3n del Ari\u00e8ge.   <\/p>\n\n\n\n<div style=\"height:25px\" aria-hidden=\"true\" class=\"wp-block-spacer\"><\/div>\n\n\n\n<ul class=\"wp-block-list\">\n<li>Para saber m\u00e1s, echa un vistazo a nuestra gu\u00eda completa <a href=\"https:\/\/www.vap-camping.fr\/es\/que-faire-en-ariege\/\">de qu\u00e9 hacer en Ari\u00e8ge<\/a>, que recoge las mejores actividades seg\u00fan tus gustos.<\/li>\n<\/ul>\n\n\n\n<div style=\"height:25px\" aria-hidden=\"true\" class=\"wp-block-spacer\"><\/div>\n<\/div>\n\n\n\n<div style=\"height:100px\" aria-hidden=\"true\" class=\"wp-block-spacer\"><\/div>\n\n\n\n<div class=\"wp-block-group alignwide is-style-title-simple fromTop is-layout-flow wp-block-group-is-layout-flow is-style-title-simple--11\" style=\"margin-top:4rem;margin-bottom:4rem\">\n<p class=\"has-text-align-center has-secondary-color has-text-color has-link-color has-secondary-font-family has-xl-font-size wp-elements-eb52f6ceb2d45ac8a887ab12b9cbac9c\">\u00bfD\u00f3nde dormir en Ari\u00e8ge?<\/p>\n\n\n\n<p class=\"has-text-align-center has-primary-font-family has-sm-font-size\" style=\"text-transform:uppercase\"><strong>La experiencia de acampar a gran escala<\/strong><\/p>\n<\/div>\n\n\n\n<div class=\"wp-block-group reveal has-global-padding is-layout-constrained wp-container-core-group-is-layout-8a400663 wp-block-group-is-layout-constrained\">\n<div class=\"wp-block-group has-global-padding is-layout-constrained wp-container-core-group-is-layout-70f4fdbb wp-block-group-is-layout-constrained\">\n<h2 class=\"wp-block-heading\"><br\/><strong><strong>D\u00f3nde reservar un fin de semana en Ari\u00e8ge<\/strong>: el camping es la mejor opci\u00f3n<\/strong><\/h2>\n\n\n\n<div style=\"height:20px\" aria-hidden=\"true\" class=\"wp-block-spacer\"><\/div>\n\n\n\n<p style=\"border-radius:0px;margin-top:2;margin-right:2;margin-bottom:2;margin-left:2\">Si quieres descubrir el Ari\u00e8ge en las mejores condiciones, elegir un<strong> camping de la red VAP<\/strong> significa instalarte lo m\u00e1s cerca posible de la monta\u00f1a, disfrutando al mismo tiempo de todas las comodidades y servicios que puedas desear.  <\/p>\n\n\n\n<p style=\"border-radius:0px;margin-top:2;margin-right:2;margin-bottom:2;margin-left:2\">Nuestros <a href=\"https:\/\/www.vap-camping.fr\/es\/\">campings de 3 y 4 estrellas en Ari\u00e8ge<\/a> est\u00e1n situados en entornos naturales privilegiados -a orillas de un lago, en un valle o a las puertas de los grandes parajes pirenaicos- y ofrecen una base ideal desde la que explorar paseos, r\u00edos y pueblos pintorescos.  <\/p>\n\n\n\n<p style=\"border-radius:0px;margin-top:2;margin-right:2;margin-bottom:2;margin-left:2\"><strong>Parcelas <\/strong>espaciosas, <strong>mobil-homes<\/strong> totalmente equipados y una acogida personalizada combinan libertad, convivencia y una estancia de calidad. Dormir en Ari\u00e8ge es prolongar tu experiencia natural hasta las estrellas. <\/p>\n\n\n\n<div style=\"height:20px\" aria-hidden=\"true\" class=\"wp-block-spacer\"><\/div>\n<\/div>\n\n\n\n<div style=\"height:25px\" aria-hidden=\"true\" class=\"wp-block-spacer\"><\/div>\n\n\n\n<div style=\"height:25px\" aria-hidden=\"true\" class=\"wp-block-spacer\"><\/div>\n<\/div>\n<\/div>\n","protected":false},"excerpt":{"rendered":"<p>Campings &amp; &#8211; ariGe Fin de semana en Ari\u00e8ge, entre naturaleza, deporte y cultura \u00bfQu\u00e9 puedes hacer en Ari\u00e8ge durante un fin de semana? Enclavada en el coraz\u00f3n de los Pirineos, esta regi\u00f3n virgen atraer\u00e1 a los amantes de la naturaleza, lahistoria yla aventura. Desde castillos c\u00e1taros y cuevas prehist\u00f3ricas hasta espectaculares excursiones y balnearios, [&hellip;]<\/p>\n","protected":false},"author":1,"featured_media":7924,"comment_status":"closed","ping_status":"closed","sticky":false,"template":"","format":"standard","meta":{"_acf_changed":false,"_seopress_robots_primary_cat":"none","_seopress_titles_title":"Fin de semana en Ari\u00e8ge: naturaleza, deporte y relax, todo en uno","_seopress_titles_desc":"\u00bfQu\u00e9 puedes hacer en Ari\u00e8ge durante un fin de semana? Cuevas, castillos c\u00e1taros, senderismo, ba\u00f1os termales y actividades en la naturaleza para una estancia inolvidable. ","_seopress_robots_index":"","ouverture":"","nombre_de_locations":"","nombre_demplacements":"","adresse":"","numero_de_telephone":"","email":"","url_du_site":"","footnotes":""},"categories":[28],"tags":[],"class_list":["post-8202","post","type-post","status-publish","format-standard","has-post-thumbnail","hentry","category-sin-categoria"],"acf":[],"_links":{"self":[{"href":"https:\/\/www.vap-camping.fr\/es\/wp-json\/wp\/v2\/posts\/8202","targetHints":{"allow":["GET"]}}],"collection":[{"href":"https:\/\/www.vap-camping.fr\/es\/wp-json\/wp\/v2\/posts"}],"about":[{"href":"https:\/\/www.vap-camping.fr\/es\/wp-json\/wp\/v2\/types\/post"}],"author":[{"embeddable":true,"href":"https:\/\/www.vap-camping.fr\/es\/wp-json\/wp\/v2\/users\/1"}],"replies":[{"embeddable":true,"href":"https:\/\/www.vap-camping.fr\/es\/wp-json\/wp\/v2\/comments?post=8202"}],"version-history":[{"count":1,"href":"https:\/\/www.vap-camping.fr\/es\/wp-json\/wp\/v2\/posts\/8202\/revisions"}],"predecessor-version":[{"id":8204,"href":"https:\/\/www.vap-camping.fr\/es\/wp-json\/wp\/v2\/posts\/8202\/revisions\/8204"}],"wp:featuredmedia":[{"embeddable":true,"href":"https:\/\/www.vap-camping.fr\/es\/wp-json\/wp\/v2\/media\/7924"}],"wp:attachment":[{"href":"https:\/\/www.vap-camping.fr\/es\/wp-json\/wp\/v2\/media?parent=8202"}],"wp:term":[{"taxonomy":"category","embeddable":true,"href":"https:\/\/www.vap-camping.fr\/es\/wp-json\/wp\/v2\/categories?post=8202"},{"taxonomy":"post_tag","embeddable":true,"href":"https:\/\/www.vap-camping.fr\/es\/wp-json\/wp\/v2\/tags?post=8202"}],"curies":[{"name":"wp","href":"https:\/\/api.w.org\/{rel}","templated":true}]}}