{"id":8208,"date":"2026-03-06T16:14:51","date_gmt":"2026-03-06T16:14:51","guid":{"rendered":"https:\/\/www.vap-camping.fr\/rdv-au-snack-du-camping-du-lac-pour-vivre-la-fifa-2026-ensemble\/"},"modified":"2026-03-11T20:28:45","modified_gmt":"2026-03-11T20:28:45","slug":"rdv-au-snack-du-camping-du-lac-pour-vivre-la-fifa-2026-ensemble","status":"publish","type":"post","link":"https:\/\/www.vap-camping.fr\/es\/rdv-au-snack-du-camping-du-lac-pour-vivre-la-fifa-2026-ensemble\/","title":{"rendered":"\u00a1Re\u00fanete en el merendero del Camping du Lac para vivir juntos la Copa Mundial de la FIFA!"},"content":{"rendered":"\n<div class=\"wp-block-group alignfull is-layout-flow wp-container-core-group-is-layout-8af317cd wp-block-group-is-layout-flow\">\n<div class=\"wp-block-group hero-camp fromOpacity is-layout-flow wp-block-group-is-layout-flow\" style=\"margin-bottom:20rem\">\n<div class=\"wp-block-group alignfull hero-img fromOpacity is-layout-flow wp-block-group-is-layout-flow\">\n<figure class=\"wp-block-image size-full\"><img decoding=\"async\" width=\"1536\" height=\"1024\" src=\"https:\/\/www.vap-camping.fr\/wp-content\/uploads\/2026\/03\/image-4.jpeg\" alt=\"FIFA 2026\" class=\"wp-image-7996\" srcset=\"https:\/\/www.vap-camping.fr\/wp-content\/uploads\/2026\/03\/image-4.jpeg 1536w, https:\/\/www.vap-camping.fr\/wp-content\/uploads\/2026\/03\/image-4-600x400.jpeg 600w, https:\/\/www.vap-camping.fr\/wp-content\/uploads\/2026\/03\/image-4-1024x683.jpeg 1024w, https:\/\/www.vap-camping.fr\/wp-content\/uploads\/2026\/03\/image-4-768x512.jpeg 768w\" sizes=\"(max-width: 1536px) 100vw, 1536px\" \/><\/figure>\n<\/div>\n\n\n\n<div class=\"wp-block-group hero-desc has-secondary-background-color has-background fromOpacity is-layout-flow wp-block-group-is-layout-flow\" style=\"border-top-right-radius:90px;border-bottom-right-radius:90px;padding-top:2rem;padding-bottom:2rem;padding-left:5rem\"><h1 style=\"font-size:clamp(3.037rem, 3.037rem + ((1vw - 0.2rem) * 4.018), 6rem);\" class=\"has-link-color wp-elements-971196805a816ee349c8ae4f34a1c7a7 wp-block-post-title has-text-color has-white-color has-secondary-font-family\">\u00a1Re\u00fanete en el merendero del Camping du Lac para vivir juntos la Copa Mundial de la FIFA!<\/h1>\n\n\n<div class=\"wp-block-group is-nowrap is-layout-flex wp-container-core-group-is-layout-3b4e9d3e wp-block-group-is-layout-flex\">\n<p class=\"has-white-color has-text-color has-link-color has-sm-font-size wp-elements-accc2c0e07d2842f8af08a35c4ffe0cd\" style=\"font-style:normal;font-weight:500;text-transform:uppercase\">Campings<\/p>\n\n\n\n<figure class=\"wp-block-image size-full\"><img alt=\"\" decoding=\"async\" src=\"https:\/\/www.vap-camping.fr\/wp-content\/themes\/vap\/assets\/img\/svg\/star-white.svg\" alt=\"\" class=\"wp-image-657\"\/><\/figure>\n\n\n\n<figure class=\"wp-block-image size-full\"><img alt=\"\" decoding=\"async\" src=\"https:\/\/www.vap-camping.fr\/wp-content\/themes\/vap\/assets\/img\/svg\/star-white.svg\" alt=\"\" class=\"wp-image-657\"\/><\/figure>\n\n\n\n<figure class=\"wp-block-image size-full\"><img alt=\"\" decoding=\"async\" src=\"https:\/\/www.vap-camping.fr\/wp-content\/themes\/vap\/assets\/img\/svg\/star-white.svg\" alt=\"\" class=\"wp-image-657\"\/><\/figure>\n\n\n\n<p class=\"has-white-color has-text-color has-link-color has-sm-font-size wp-elements-607150ecce0303d631b7810c1641f883\" style=\"font-style:normal;font-weight:500;text-transform:uppercase\">&amp;<\/p>\n\n\n\n<figure class=\"wp-block-image size-full\"><img alt=\"\" decoding=\"async\" src=\"https:\/\/www.vap-camping.fr\/wp-content\/themes\/vap\/assets\/img\/svg\/star-white.svg\" alt=\"\" class=\"wp-image-657\"\/><\/figure>\n\n\n\n<figure class=\"wp-block-image size-full\"><img alt=\"\" decoding=\"async\" src=\"https:\/\/www.vap-camping.fr\/wp-content\/themes\/vap\/assets\/img\/svg\/star-white.svg\" alt=\"\" class=\"wp-image-657\"\/><\/figure>\n\n\n\n<figure class=\"wp-block-image size-full\"><img alt=\"\" decoding=\"async\" src=\"https:\/\/www.vap-camping.fr\/wp-content\/themes\/vap\/assets\/img\/svg\/star-white.svg\" alt=\"\" class=\"wp-image-657\"\/><\/figure>\n\n\n\n<figure class=\"wp-block-image size-full\"><img alt=\"\" decoding=\"async\" src=\"https:\/\/www.vap-camping.fr\/wp-content\/themes\/vap\/assets\/img\/svg\/star-white.svg\" alt=\"\" class=\"wp-image-657\"\/><\/figure>\n\n\n\n<p class=\"has-white-color has-text-color has-link-color has-sm-font-size wp-elements-1a34ad81246e10b53e4765b457d96474\" style=\"font-style:normal;font-weight:500;text-transform:uppercase\">&#8211; ariGe<\/p>\n<\/div>\n<\/div>\n<\/div>\n\n\n\n<div class=\"wp-block-group has-global-padding is-layout-constrained wp-block-group-is-layout-constrained\">\n<div class=\"wp-block-columns alignfull m-ti is-layout-flex wp-container-core-columns-is-layout-0c0b91ec wp-block-columns-is-layout-flex\">\n<div class=\"wp-block-column is-vertically-aligned-center leftRight m-ti-text is-layout-flow wp-block-column-is-layout-flow\" style=\"padding-left:10rem;flex-basis:40%\">\n<div class=\"wp-block-group is-style-title-left is-layout-flow wp-block-group-is-layout-flow is-style-title-left--1\">\n<p class=\"has-secondary-color has-text-color has-link-color has-secondary-font-family has-xl-font-size wp-elements-c4e9d5b964ddeb824140811c1bbe61b9\"><em><strong><strong>FIFA 2026  <\/strong><\/strong><\/em><\/p>\n\n\n\n<h1 class=\"wp-block-heading\">\u00a1La Copa Mundial de la FIFA en un camping de Ari\u00e8ge!<\/h1>\n<\/div>\n\n\n\n<div style=\"height:20px\" aria-hidden=\"true\" class=\"wp-block-spacer\"><\/div>\n\n\n\n<p class=\"has-m-font-size\" style=\"padding-left:2rem\">Del 6 al 19 de julio de 2026, \u00a1ven y \u00fanete a nosotros en el Camping du Lac de Foix! Reun\u00e1monos en el snack bar para ver los partidos m\u00e1s importantes de la Copa Mundial de la FIFA 2026 en un ambiente amistoso y festivo y disfrutando de una buena comida. <br\/><\/p>\n\n\n\n<div style=\"height:20px\" aria-hidden=\"true\" class=\"wp-block-spacer\"><\/div>\n<\/div>\n\n\n\n<div class=\"wp-block-column is-vertically-aligned-stretch rightLeft m-ti-image is-style-simple-right is-layout-flow wp-block-column-is-layout-flow is-style-simple-right--2\" style=\"flex-basis:60%\">\n<figure class=\"wp-block-image alignright size-large\"><img decoding=\"async\" width=\"1024\" height=\"683\" src=\"https:\/\/www.vap-camping.fr\/wp-content\/uploads\/2026\/03\/image-4-1024x683.jpeg\" alt=\"FIFA 2026\" class=\"wp-image-7996\" srcset=\"https:\/\/www.vap-camping.fr\/wp-content\/uploads\/2026\/03\/image-4-1024x683.jpeg 1024w, https:\/\/www.vap-camping.fr\/wp-content\/uploads\/2026\/03\/image-4-600x400.jpeg 600w, https:\/\/www.vap-camping.fr\/wp-content\/uploads\/2026\/03\/image-4-768x512.jpeg 768w, https:\/\/www.vap-camping.fr\/wp-content\/uploads\/2026\/03\/image-4.jpeg 1536w\" sizes=\"(max-width: 1024px) 100vw, 1024px\" \/><\/figure>\n<\/div>\n<\/div>\n<\/div>\n\n\n\n<div class=\"wp-block-group reveal has-global-padding is-layout-constrained wp-container-core-group-is-layout-8a400663 wp-block-group-is-layout-constrained\">\n<div style=\"height:25px\" aria-hidden=\"true\" class=\"wp-block-spacer\"><\/div>\n\n\n\n<div class=\"wp-block-columns is-layout-flex wp-container-core-columns-is-layout-28f84493 wp-block-columns-is-layout-flex\">\n<div class=\"wp-block-column is-layout-flow wp-block-column-is-layout-flow\">\n<figure class=\"wp-block-image size-large is-style-rounded\"><img decoding=\"async\" width=\"1024\" height=\"683\" src=\"https:\/\/www.vap-camping.fr\/wp-content\/uploads\/2026\/03\/image-5-1024x683.jpeg\" alt=\"fifa 2026\" class=\"wp-image-8008\" srcset=\"https:\/\/www.vap-camping.fr\/wp-content\/uploads\/2026\/03\/image-5-1024x683.jpeg 1024w, https:\/\/www.vap-camping.fr\/wp-content\/uploads\/2026\/03\/image-5-600x400.jpeg 600w, https:\/\/www.vap-camping.fr\/wp-content\/uploads\/2026\/03\/image-5-768x512.jpeg 768w, https:\/\/www.vap-camping.fr\/wp-content\/uploads\/2026\/03\/image-5.jpeg 1536w\" sizes=\"(max-width: 1024px) 100vw, 1024px\" \/><\/figure>\n<\/div>\n\n\n\n<div class=\"wp-block-column is-layout-flow wp-block-column-is-layout-flow\">\n<h3 class=\"wp-block-heading has-text-align-center has-secondary-color has-text-color has-link-color wp-elements-e5a03e57934e80707b28d8e069b25d11\">\ud83d\udccb En resumen<\/h3>\n\n\n\n<p>\u2728 Ambiente festivo con pizza y carnes a la parrilla<\/p>\n\n\n\n<p>\ud83c\udfaf Convivencia en torno a los partidos de la Copa Mundial de la FIFA 2026<\/p>\n\n\n\n<p>\ud83d\udc65 Familias, amigos, personas mayores, aficionados al f\u00fatbol y campistas<\/p>\n\n\n\n<p>\ud83d\udccd Cafeter\u00eda del Camping du Lac, 09000 Foix (Ari\u00e8ge)<\/p>\n\n\n\n<p>\ud83d\udcc5 Del 6 al 19 de julio de 2026, tardes a partir de las 20.00 h<\/p>\n<\/div>\n<\/div>\n<\/div>\n\n\n\n<div class=\"wp-block-group reveal has-global-padding is-layout-constrained wp-container-core-group-is-layout-8a400663 wp-block-group-is-layout-constrained\">\n<h3 class=\"wp-block-heading has-text-align-center has-secondary-color has-text-color has-link-color wp-elements-132bea09c7ee0b09f7e253fd4fe395f5\"><br\/>\ud83c\udf55 Un bocadillo, una pantalla y lo mejor del f\u00fatbol mundial<\/h3>\n\n\n\n<p>Camping du Lac te invita a seguir los partidos clave de la Copa Mundial de la FIFA 2026 en el coraz\u00f3n del snack bar del camping, todas las noches de 20:00 a 23:00. Ya sean los octavos de final, los cuartos, las semifinales o la final, no te pierdas el espect\u00e1culo deportivo m\u00e1s esperado del verano. <\/p>\n\n\n\n<p>Durante estas veladas, disfruta de pizzas caseras y carnes a la parrilla preparadas para mejorar tu experiencia deportiva. El ambiente festivo y familiar hace que todos, peque\u00f1os y mayores, puedan compartir juntos estos momentos \u00fanicos, con el lago y la naturaleza como tel\u00f3n de fondo. <\/p>\n\n\n\n<p>Este acontecimiento es una gran oportunidad para combinar la pasi\u00f3n por el f\u00fatbol con la convivencia entre campistas, amigos y familiares. domina la plaza principal.  <\/p>\n\n\n\n<div style=\"height:25px\" aria-hidden=\"true\" class=\"wp-block-spacer\"><\/div>\n\n\n\n<div style=\"height:25px\" aria-hidden=\"true\" class=\"wp-block-spacer\"><\/div>\n\n\n\n<h3 class=\"wp-block-heading has-text-align-center has-secondary-color has-text-color has-link-color wp-elements-b578b4f16e6354ccb3e8ec432f186849\">\ud83d\udc65 \u00bfA qui\u00e9n va dirigida esta experiencia FIFA 2026 en el Camping?<\/h3>\n\n\n\n<p>Tanto si eres un aficionado al f\u00fatbol, una familia con ni\u00f1os, un grupo de amigos o simplemente un campista curioso, el snack bar del Camping du Lac te da la bienvenida sin reservas ni restricciones de espacio. Las personas mayores tambi\u00e9n aprecian este ambiente relajado, perfecto para recuperar el esp\u00edritu festivo sin salir de tu destino de vacaciones. <\/p>\n\n\n\n<p>Los j\u00f3venes y adolescentes encontrar\u00e1n un lugar ideal para compartir la emoci\u00f3n de ver juntos los partidos, mientras que las familias pueden disfrutar del entorno natural y relajarse.<\/p>\n<\/div>\n\n\n\n<div class=\"wp-block-group reveal has-global-padding is-layout-constrained wp-container-core-group-is-layout-8a400663 wp-block-group-is-layout-constrained\">\n<h2 class=\"wp-block-heading has-secondary-color has-text-color has-link-color wp-elements-14749a6062a21229381385a72cd0a08b\">\ud83d\udccc Informaci\u00f3n pr\u00e1ctica para las veladas de la FIFA 2026<\/h2>\n\n\n\n<ul class=\"wp-block-list\">\n<li>Fechas: del 6 de julio al 19 de julio de 2026<\/li>\n\n\n\n<li>Horario: retransmisi\u00f3n de los partidos de 20.00 a 23.00 horas<\/li>\n\n\n\n<li>Comidas disponibles: pizzas y parrillas in situ<\/li>\n\n\n\n<li>Lugar: Merendero del Camping du Lac, Foix (Ari\u00e8ge)<\/li>\n\n\n\n<li>Entrada gratuita, no es necesario reservar<\/li>\n\n\n\n<li>Ambiente agradable, adecuado para toda la familia<\/li>\n<\/ul>\n\n\n\n<div style=\"height:25px\" aria-hidden=\"true\" class=\"wp-block-spacer\"><\/div>\n<\/div>\n\n\n\n<div class=\"wp-block-group rightLeft has-global-padding is-layout-constrained wp-block-group-is-layout-constrained\">\n<div class=\"wp-block-columns alignfull are-vertically-aligned-center m-ti is-layout-flex wp-container-core-columns-is-layout-0c0b91ec wp-block-columns-is-layout-flex\">\n<div class=\"wp-block-column is-vertically-aligned-center m-ti-text is-layout-flow wp-container-core-column-is-layout-58dbe9e9 wp-block-column-is-layout-flow\" style=\"padding-left:10rem;flex-basis:40%\">\n<div class=\"wp-block-group is-style-title-left is-layout-flow wp-block-group-is-layout-flow is-style-title-left--3\">\n<p class=\"has-secondary-color has-text-color has-link-color has-secondary-font-family has-xl-font-size wp-elements-2c0fd2f5c1483ebf9ca39d518bb8f024\">Qu\u00e9 hacer  <\/p>\n\n\n\n<p class=\"has-primary-color has-text-color has-link-color has-primary-font-family has-sm-font-size wp-elements-4601c9bc7fdd3af951b10006bcf795e8\" style=\"text-transform:uppercase\">al d\u00eda siguiente  <\/p>\n<\/div>\n\n\n\n<h2 class=\"wp-block-heading text-title\"><strong><strong>\u00bfQu\u00e9 puede hacer la familia en el camping el d\u00eda despu\u00e9s del partido?<\/strong><\/strong><\/h2>\n\n\n\n<p class=\"has-m-font-size\" style=\"padding-left:2rem\">Despu\u00e9s de los partidos, aprovecha las numerosas actividades de los alrededores: senderismo por los senderos del Ariege, ciclismo por la Voie Verte (a 1 km), o descubrir el castillo medieval de Foix y sus mercados locales. La regi\u00f3n est\u00e1 llena de tesoros naturales y culturales para explorar durante el d\u00eda, antes de volver al merendero del camping por la noche. <\/p>\n<\/div>\n\n\n\n<div class=\"wp-block-column is-vertically-aligned-center wp-block-image alignright size-large has-custom-border m-ti-image is-style-simple-right is-layout-flow wp-block-column-is-layout-flow is-style-simple-right--4\" style=\"flex-basis:60%\">\n<figure class=\"wp-block-image alignright size-full\"><img decoding=\"async\" width=\"1920\" height=\"1280\" src=\"https:\/\/www.vap-camping.fr\/wp-content\/uploads\/2026\/03\/sentier-pedestre-foix.webp\" alt=\"Los paseos m&#xE1;s bonitos a partir de Foix y sus alrededores\" class=\"wp-image-7849\" srcset=\"https:\/\/www.vap-camping.fr\/wp-content\/uploads\/2026\/03\/sentier-pedestre-foix.webp 1920w, https:\/\/www.vap-camping.fr\/wp-content\/uploads\/2026\/03\/sentier-pedestre-foix-600x400.webp 600w, https:\/\/www.vap-camping.fr\/wp-content\/uploads\/2026\/03\/sentier-pedestre-foix-1024x683.webp 1024w, https:\/\/www.vap-camping.fr\/wp-content\/uploads\/2026\/03\/sentier-pedestre-foix-768x512.webp 768w, https:\/\/www.vap-camping.fr\/wp-content\/uploads\/2026\/03\/sentier-pedestre-foix-1536x1024.webp 1536w\" sizes=\"(max-width: 1920px) 100vw, 1920px\" \/><\/figure>\n<\/div>\n<\/div>\n<\/div>\n\n\n\n<div class=\"wp-block-group reveal has-global-padding is-layout-constrained wp-container-core-group-is-layout-8a400663 wp-block-group-is-layout-constrained\">\n<div class=\"wp-block-group has-global-padding is-layout-constrained wp-container-core-group-is-layout-70f4fdbb wp-block-group-is-layout-constrained\">\n<h1 class=\"wp-block-heading has-secondary-color has-text-color has-link-color wp-elements-aead516914fb9482fc045b23c8bb2a96\"><br\/>Preguntas m\u00e1s frecuentes  <\/h1>\n\n\n\n<h3 class=\"wp-block-heading\">\u00bfQu\u00e9 comidas se servir\u00e1n durante las tardes de f\u00fatbol?<\/h3>\n\n\n\n<p>Puedes disfrutar de pizzas y parrilladas especialmente preparadas para acompa\u00f1ar los partidos.<\/p>\n\n\n\n<h3 class=\"wp-block-heading\">\u00bfQu\u00e9 partidos se retransmitir\u00e1n en el camping?<\/h3>\n\n\n\n<p>Se retransmitir\u00e1n los octavos de final, los cuartos de final, las semifinales y la final de la FIFA 2026.<\/p>\n\n\n\n<h3 class=\"wp-block-heading\">\u00bfA qu\u00e9 hora empiezan las retransmisiones?<\/h3>\n\n\n\n<p>Los partidos se retransmitir\u00e1n de 20:00 a 23:00, noche tras noche.<\/p>\n\n\n\n<h3 class=\"wp-block-heading\">\u00bfHabr\u00e1 alg\u00fan espect\u00e1culo especial durante los partidos?<\/h3>\n\n\n\n<p style=\"border-radius:0px;margin-top:2;margin-right:2;margin-bottom:2;margin-left:2\">Por el momento, no hay prevista ninguna animaci\u00f3n espec\u00edfica, pero el ambiente festivo y de convivencia est\u00e1 garantizado.<\/p>\n\n\n\n<h3 class=\"wp-block-heading\">\u00bfTengo que reservar para asistir a las noches de partido en el bar?<\/h3>\n\n\n\n<p style=\"border-radius:0px;margin-top:2;margin-right:2;margin-bottom:2;margin-left:2\">No, la entrada es gratuita y no necesitas reservar para disfrutar de los espect\u00e1culos en el merendero.<\/p>\n\n\n\n<h3 class=\"wp-block-heading\">\u00bfD\u00f3nde puedes ver la final de la Copa Mundial de la FIFA en Ari\u00e8ge?  <\/h3>\n\n\n\n<p style=\"border-radius:0px;margin-top:2;margin-right:2;margin-bottom:2;margin-left:2\">\u00a1En el merendero del camping Lac en Foix, Ari\u00e8ge!<\/p>\n<\/div>\n<\/div>\n<\/div>\n\n<h2 class=\"wp-block-heading has-secondary-color has-text-color has-link-color wp-elements-e88d0c07052107d19a84d6cb61c11ec9\">\ud83c\udfaf Reserva ya tus vacaciones en el Camping du Lac<\/h2>\n\n<p>Para vivir el ambiente \u00fanico de la FIFA 2026, asegura hoy mismo tu plaza en el Camping du Lac. \u00a1 <a href=\"https:\/\/reservation.secureholiday.net\/group\/fr\/108\/search\/estab-view\/716\/products?_gl=1%2akvqppf%2a_ga%2aMTMxNTkyNDk5Ni4xNzU1ODU1ODAz%2a_ga_BVMLVDTC2K%2aczE3NzI4MDU1NDUkbzIxNCRnMSR0MTc3MjgwNjI0OSRqNjAkbDAkaDA.%2a_ga_PRRN9NDPXW%2aczE3NzI4MDU1NDUkbzIxMyRnMSR0MTc3MjgwNjI0OSRqNjAkbDAkaDA.%2a_ga_Y9V9E4NVMT%2aczE3NzI4MDU1NDUkbzIxMyRnMSR0MTc3MjgwNjI0OSRqNjAkbDAkaDA.%2a_ga_6JWSYJJV01%2aczE3NzI4MDU1NDUkbzIxMyRnMSR0MTc3MjgwNjI0OSRqNjAkbDAkaDA.&amp;showMap=true\" data-type=\"link\" data-id=\"https:\/\/reservatiohttps:\/\/reservation.secureholiday.net\/group\/fr\/108\" target=\"_blank\" rel=\"noreferrer noopener\">Reservar<\/a> tu estancia en Foix nunca ha sido tan f\u00e1cil!<\/p>\n\n<script type=\"application\/ld+json\">{\n  \"@context\": \"https:\/\/schema.org\",\n  \"@graph\": [\n    {\n      \"@type\": \"BlogPosting\",\n      \"@id\": \"https:\/\/www.tonsite.fr\/fifa-2026-coupe-du-monde-2026-au-camping-du-lac-ari\u00e8ge-foix\/#article\",\n      \"headline\": \"FIFA 2026 : rendez-vous au snack du Camping du Lac \u00e0 Foix en juillet\",\n      \"description\": \"Du 6 au 19 juillet 2026, retrouvez-vous au snack du Camping du Lac \u00e0 Foix pour suivre les grands matchs de la FIFA 2026 dans une ambiance festive, conviviale et familiale autour de pizzas et grillades.\",\n      \"articleSection\": \"Animations\",\n      \"keywords\": [\n        \"FIFA 2026\",\n        \"Coupe du Monde 2026\",\n        \"Camping du Lac Foix\",\n        \"soir\u00e9e foot camping\",\n        \"matchs foot Foix\",\n        \"snack camping Foix\",\n        \"animation camping Ari\u00e8ge\",\n        \"que faire \u00e0 Foix en juillet\"\n      ],\n      \"inLanguage\": \"fr\",\n      \"url\": \"https:\/\/www.tonsite.fr\/fifa-2026-camping-du-lac-foix\/\",\n      \"mainEntityOfPage\": {\n        \"@type\": \"WebPage\",\n        \"@id\": \"https:\/\/www.tonsite.fr\/fifa-2026-camping-du-lac-foix\/\"\n      },\n      \"about\": {\n        \"@id\": \"https:\/\/www.tonsite.fr\/fifa-2026-camping-du-lac-foix\/#event\"\n      },\n      \"isPartOf\": {\n        \"@type\": \"WebSite\",\n        \"name\": \"Camping du Lac\",\n        \"url\": \"https:\/\/www.tonsite.fr\/\"\n      },\n      \"author\": {\n        \"@type\": \"Organization\",\n        \"name\": \"Camping du Lac\"\n      },\n      \"publisher\": {\n        \"@type\": \"Organization\",\n        \"name\": \"Camping du Lac\",\n        \"logo\": {\n          \"@type\": \"ImageObject\",\n          \"url\": \"https:\/\/www.tonsite.fr\/url-de-ton-logo.png\"\n        }\n      },\n      \"image\": [\n        \"https:\/\/www.tonsite.fr\/url-image-article.jpg\"\n      ],\n      \"datePublished\": \"2026-03-06\",\n      \"dateModified\": \"2026-03-06\"\n    },\n    {\n      \"@type\": \"Event\",\n      \"@id\": \"https:\/\/www.tonsite.fr\/fifa-2026-camping-du-lac-foix\/#event\",\n      \"name\": \"Soir\u00e9es FIFA 2026 au snack du Camping du Lac \u00e0 Foix\",\n      \"description\": \"Du 6 au 19 juillet 2026, le Camping du Lac \u00e0 Foix propose la diffusion des grands matchs de la FIFA 2026 au snack du camping, dans une ambiance conviviale et festive, avec pizzas et grillades.\",\n      \"eventAttendanceMode\": \"https:\/\/schema.org\/OfflineEventAttendanceMode\",\n      \"eventStatus\": \"https:\/\/schema.org\/EventScheduled\",\n      \"startDate\": \"2026-07-06T20:00:00+02:00\",\n      \"endDate\": \"2026-07-19T23:00:00+02:00\",\n      \"inLanguage\": \"fr\",\n      \"location\": {\n        \"@type\": \"Place\",\n        \"name\": \"Snack du Camping du Lac\",\n        \"address\": {\n          \"@type\": \"PostalAddress\",\n          \"addressLocality\": \"Foix\",\n          \"postalCode\": \"09000\",\n          \"addressRegion\": \"Occitanie\",\n          \"addressCountry\": \"FR\"\n        }\n      },\n      \"organizer\": {\n        \"@type\": \"Organization\",\n        \"name\": \"Camping du Lac\",\n        \"url\": \"https:\/\/www.tonsite.fr\/\"\n      },\n      \"audience\": [\n        {\n          \"@type\": \"Audience\",\n          \"audienceType\": \"Familles\"\n        },\n        {\n          \"@type\": \"Audience\",\n          \"audienceType\": \"Amis\"\n        },\n        {\n          \"@type\": \"Audience\",\n          \"audienceType\": \"Seniors\"\n        },\n        {\n          \"@type\": \"Audience\",\n          \"audienceType\": \"Fans de football\"\n        },\n        {\n          \"@type\": \"Audience\",\n          \"audienceType\": \"Campeurs\"\n        }\n      ],\n      \"offers\": {\n        \"@type\": \"Offer\",\n        \"url\": \"https:\/\/www.tonsite.fr\/reserver\/\",\n        \"price\": \"0\",\n        \"priceCurrency\": \"EUR\",\n        \"availability\": \"https:\/\/schema.org\/InStock\",\n        \"validFrom\": \"2026-03-06\",\n        \"description\": \"Entr\u00e9e libre, sans r\u00e9servation n\u00e9cessaire.\"\n      },\n      \"isAccessibleForFree\": true,\n      \"typicalAgeRange\": \"0-99\",\n      \"image\": [\n        \"https:\/\/www.tonsite.fr\/url-image-article.jpg\"\n      ]\n    },\n    {\n      \"@type\": \"FAQPage\",\n      \"@id\": \"https:\/\/www.tonsite.fr\/fifa-2026-camping-du-lac-foix\/#faq\",\n      \"mainEntity\": [\n        {\n          \"@type\": \"Question\",\n          \"name\": \"Quels repas seront servis pendant les soir\u00e9es foot ?\",\n          \"acceptedAnswer\": {\n            \"@type\": \"Answer\",\n            \"text\": \"Vous pourrez d\u00e9guster des pizzas et des grillades sp\u00e9cialement pr\u00e9par\u00e9es pour accompagner les matchs.\"\n          }\n        },\n        {\n          \"@type\": \"Question\",\n          \"name\": \"Quels matchs seront diffus\u00e9s au camping ?\",\n          \"acceptedAnswer\": {\n            \"@type\": \"Answer\",\n            \"text\": \"Les huiti\u00e8mes de finale, quarts de finale, demi-finales ainsi que la finale de la FIFA 2026 seront retransmis.\"\n          }\n        },\n        {\n          \"@type\": \"Question\",\n          \"name\": \"\u00c0 quelle heure commencent les diffusions ?\",\n          \"acceptedAnswer\": {\n            \"@type\": \"Answer\",\n            \"text\": \"Les matchs seront diffus\u00e9s chaque soir de 20h \u00e0 23h.\"\n          }\n        },\n        {\n          \"@type\": \"Question\",\n          \"name\": \"Y aura-t-il des animations sp\u00e9ciales pendant les matchs ?\",\n          \"acceptedAnswer\": {\n            \"@type\": \"Answer\",\n            \"text\": \"Pour le moment, aucune animation sp\u00e9cifique n\u2019est pr\u00e9vue, mais l\u2019ambiance festive et conviviale est assur\u00e9e.\"\n          }\n        },\n        {\n          \"@type\": \"Question\",\n          \"name\": \"Faut-il r\u00e9server pour assister aux soir\u00e9es match au snack ?\",\n          \"acceptedAnswer\": {\n            \"@type\": \"Answer\",\n            \"text\": \"Non, l\u2019entr\u00e9e est libre et aucune r\u00e9servation n\u2019est n\u00e9cessaire pour profiter des diffusions au snack.\"\n          }\n        }\n      ]\n    }\n  ]\n}\n<\/script>\n\n<p><\/p>\n","protected":false},"excerpt":{"rendered":"<p>Campings &amp; &#8211; ariGe FIFA 2026 \u00a1La Copa Mundial de la FIFA en un camping de Ari\u00e8ge! Del 6 al 19 de julio de 2026, \u00a1ven y \u00fanete a nosotros en el Camping du Lac de Foix! Reun\u00e1monos en el snack bar para ver los partidos m\u00e1s importantes de la Copa Mundial de la FIFA [&hellip;]<\/p>\n","protected":false},"author":1,"featured_media":7999,"comment_status":"closed","ping_status":"closed","sticky":false,"template":"single-lieux","format":"standard","meta":{"_acf_changed":false,"_seopress_robots_primary_cat":"none","_seopress_titles_title":"\u26bd FIFA 2026 en el merendero del Camping du Lac en Foix \ud83c\udfd5\ufe0f","_seopress_titles_desc":"Vive la FIFA 2026 en el Camping du Lac: \u00a1partidos en directo, pizzas, parrilladas y un ambiente festivo del 6 al 19 de julio en Foix!","_seopress_robots_index":"","ouverture":"","nombre_de_locations":"","nombre_demplacements":"","adresse":"","numero_de_telephone":"","email":"","url_du_site":"","footnotes":""},"categories":[28],"tags":[],"class_list":["post-8208","post","type-post","status-publish","format-standard","has-post-thumbnail","hentry","category-sin-categoria"],"acf":[],"_links":{"self":[{"href":"https:\/\/www.vap-camping.fr\/es\/wp-json\/wp\/v2\/posts\/8208","targetHints":{"allow":["GET"]}}],"collection":[{"href":"https:\/\/www.vap-camping.fr\/es\/wp-json\/wp\/v2\/posts"}],"about":[{"href":"https:\/\/www.vap-camping.fr\/es\/wp-json\/wp\/v2\/types\/post"}],"author":[{"embeddable":true,"href":"https:\/\/www.vap-camping.fr\/es\/wp-json\/wp\/v2\/users\/1"}],"replies":[{"embeddable":true,"href":"https:\/\/www.vap-camping.fr\/es\/wp-json\/wp\/v2\/comments?post=8208"}],"version-history":[{"count":1,"href":"https:\/\/www.vap-camping.fr\/es\/wp-json\/wp\/v2\/posts\/8208\/revisions"}],"predecessor-version":[{"id":8210,"href":"https:\/\/www.vap-camping.fr\/es\/wp-json\/wp\/v2\/posts\/8208\/revisions\/8210"}],"wp:featuredmedia":[{"embeddable":true,"href":"https:\/\/www.vap-camping.fr\/es\/wp-json\/wp\/v2\/media\/7999"}],"wp:attachment":[{"href":"https:\/\/www.vap-camping.fr\/es\/wp-json\/wp\/v2\/media?parent=8208"}],"wp:term":[{"taxonomy":"category","embeddable":true,"href":"https:\/\/www.vap-camping.fr\/es\/wp-json\/wp\/v2\/categories?post=8208"},{"taxonomy":"post_tag","embeddable":true,"href":"https:\/\/www.vap-camping.fr\/es\/wp-json\/wp\/v2\/tags?post=8208"}],"curies":[{"name":"wp","href":"https:\/\/api.w.org\/{rel}","templated":true}]}}