{"id":8232,"date":"2026-03-11T15:02:08","date_gmt":"2026-03-11T15:02:08","guid":{"rendered":"https:\/\/www.vap-camping.fr\/ariege-en-moto\/"},"modified":"2026-03-11T20:58:27","modified_gmt":"2026-03-11T20:58:27","slug":"ariege-en-moto","status":"publish","type":"post","link":"https:\/\/www.vap-camping.fr\/es\/ariege-en-moto\/","title":{"rendered":"En moto hasta el Ari\u00e8ge para la ascensi\u00f3n"},"content":{"rendered":"\n<div class=\"wp-block-group alignfull is-layout-flow wp-container-core-group-is-layout-8af317cd wp-block-group-is-layout-flow\">\n<div class=\"wp-block-group hero-camp fromOpacity is-layout-flow wp-block-group-is-layout-flow\" style=\"margin-bottom:20rem\">\n<div class=\"wp-block-group alignfull hero-img fromOpacity is-layout-flow wp-block-group-is-layout-flow\">\n<figure class=\"wp-block-image size-full\"><img decoding=\"async\" width=\"1536\" height=\"1024\" src=\"https:\/\/www.vap-camping.fr\/wp-content\/uploads\/2026\/03\/image-12.jpeg\" alt=\"Ari&#xE8;ge en Moto\" class=\"wp-image-8103\" srcset=\"https:\/\/www.vap-camping.fr\/wp-content\/uploads\/2026\/03\/image-12.jpeg 1536w, https:\/\/www.vap-camping.fr\/wp-content\/uploads\/2026\/03\/image-12-600x400.jpeg 600w, https:\/\/www.vap-camping.fr\/wp-content\/uploads\/2026\/03\/image-12-1024x683.jpeg 1024w, https:\/\/www.vap-camping.fr\/wp-content\/uploads\/2026\/03\/image-12-768x512.jpeg 768w\" sizes=\"(max-width: 1536px) 100vw, 1536px\" \/><\/figure>\n<\/div>\n\n\n\n<div class=\"wp-block-group hero-desc has-secondary-background-color has-background fromOpacity is-layout-flow wp-block-group-is-layout-flow\" style=\"border-top-right-radius:90px;border-bottom-right-radius:90px;padding-top:2rem;padding-bottom:2rem;padding-left:5rem\"><h1 style=\"font-size:clamp(3.037rem, 3.037rem + ((1vw - 0.2rem) * 4.018), 6rem);\" class=\"has-link-color wp-elements-971196805a816ee349c8ae4f34a1c7a7 wp-block-post-title has-text-color has-white-color has-secondary-font-family\">En moto hasta el Ari\u00e8ge para la ascensi\u00f3n<\/h1>\n\n\n<div class=\"wp-block-group is-nowrap is-layout-flex wp-container-core-group-is-layout-3b4e9d3e wp-block-group-is-layout-flex\">\n<p class=\"has-white-color has-text-color has-link-color has-sm-font-size wp-elements-accc2c0e07d2842f8af08a35c4ffe0cd\" style=\"font-style:normal;font-weight:500;text-transform:uppercase\">Campings<\/p>\n\n\n\n<figure class=\"wp-block-image size-full\"><img alt=\"\" decoding=\"async\" src=\"https:\/\/www.vap-camping.fr\/wp-content\/themes\/vap\/assets\/img\/svg\/star-white.svg\" alt=\"\" class=\"wp-image-657\"\/><\/figure>\n\n\n\n<figure class=\"wp-block-image size-full\"><img alt=\"\" decoding=\"async\" src=\"https:\/\/www.vap-camping.fr\/wp-content\/themes\/vap\/assets\/img\/svg\/star-white.svg\" alt=\"\" class=\"wp-image-657\"\/><\/figure>\n\n\n\n<figure class=\"wp-block-image size-full\"><img alt=\"\" decoding=\"async\" src=\"https:\/\/www.vap-camping.fr\/wp-content\/themes\/vap\/assets\/img\/svg\/star-white.svg\" alt=\"\" class=\"wp-image-657\"\/><\/figure>\n\n\n\n<p class=\"has-white-color has-text-color has-link-color has-sm-font-size wp-elements-607150ecce0303d631b7810c1641f883\" style=\"font-style:normal;font-weight:500;text-transform:uppercase\">&amp;<\/p>\n\n\n\n<figure class=\"wp-block-image size-full\"><img alt=\"\" decoding=\"async\" src=\"https:\/\/www.vap-camping.fr\/wp-content\/themes\/vap\/assets\/img\/svg\/star-white.svg\" alt=\"\" class=\"wp-image-657\"\/><\/figure>\n\n\n\n<figure class=\"wp-block-image size-full\"><img alt=\"\" decoding=\"async\" src=\"https:\/\/www.vap-camping.fr\/wp-content\/themes\/vap\/assets\/img\/svg\/star-white.svg\" alt=\"\" class=\"wp-image-657\"\/><\/figure>\n\n\n\n<figure class=\"wp-block-image size-full\"><img alt=\"\" decoding=\"async\" src=\"https:\/\/www.vap-camping.fr\/wp-content\/themes\/vap\/assets\/img\/svg\/star-white.svg\" alt=\"\" class=\"wp-image-657\"\/><\/figure>\n\n\n\n<figure class=\"wp-block-image size-full\"><img alt=\"\" decoding=\"async\" src=\"https:\/\/www.vap-camping.fr\/wp-content\/themes\/vap\/assets\/img\/svg\/star-white.svg\" alt=\"\" class=\"wp-image-657\"\/><\/figure>\n\n\n\n<p class=\"has-white-color has-text-color has-link-color has-sm-font-size wp-elements-1a34ad81246e10b53e4765b457d96474\" style=\"font-style:normal;font-weight:500;text-transform:uppercase\">&#8211; ariGe<\/p>\n<\/div>\n<\/div>\n<\/div>\n\n\n\n<div class=\"wp-block-group has-global-padding is-layout-constrained wp-block-group-is-layout-constrained\">\n<div class=\"wp-block-columns alignfull m-ti is-layout-flex wp-container-core-columns-is-layout-0c0b91ec wp-block-columns-is-layout-flex\">\n<div class=\"wp-block-column is-vertically-aligned-center leftRight m-ti-text is-layout-flow wp-block-column-is-layout-flow\" style=\"padding-left:10rem;flex-basis:40%\">\n<div class=\"wp-block-group is-style-title-left is-layout-flow wp-block-group-is-layout-flow is-style-title-left--1\">\n<p class=\"has-secondary-color has-text-color has-link-color has-secondary-font-family has-xl-font-size wp-elements-7c5d196caf520e1a4b8f2cd61d975bc7\"><em>Viaje por carretera  <\/em><\/p>\n\n\n\n<p class=\"has-primary-color has-text-color has-link-color has-primary-font-family has-sm-font-size wp-elements-10faea3bc90b214aaaebbf27b1f46e0d\" style=\"text-transform:uppercase\"><strong>en Ari\u00e8ge<\/strong><\/p>\n<\/div>\n\n\n\n<h1 class=\"wp-block-heading has-m-font-size\"><strong>\u00bfDescubrir los Pirineos de Ari\u00e8ge <strong>en moto<\/strong>?<\/strong><\/h1>\n\n\n\n<p>El fin de semana de la Ascensi\u00f3n es uno de los mejores momentos para descubrir <strong>el Ari\u00e8ge en moto<\/strong>. Las carreteras a\u00fan est\u00e1n tranquilas antes de la temporada alta, el campo est\u00e1 muy verde y las temperaturas son ideales para rodar por los <strong>puertos de los Pirineos del Ari<\/strong>\u00e8ge. <\/p>\n\n\n\n<div style=\"height:20px\" aria-hidden=\"true\" class=\"wp-block-spacer\"><\/div>\n<\/div>\n\n\n\n<div class=\"wp-block-column is-vertically-aligned-stretch rightLeft m-ti-image is-style-simple-right is-layout-flow wp-block-column-is-layout-flow is-style-simple-right--2\" style=\"flex-basis:60%\">\n<figure class=\"wp-block-image alignright size-large\"><img alt=\"\" decoding=\"async\" width=\"1024\" height=\"683\" src=\"https:\/\/www.vap-camping.fr\/wp-content\/uploads\/2026\/03\/image-13-1024x683.jpeg\" alt=\"\" class=\"wp-image-8112\" srcset=\"https:\/\/www.vap-camping.fr\/wp-content\/uploads\/2026\/03\/image-13-1024x683.jpeg 1024w, https:\/\/www.vap-camping.fr\/wp-content\/uploads\/2026\/03\/image-13-600x400.jpeg 600w, https:\/\/www.vap-camping.fr\/wp-content\/uploads\/2026\/03\/image-13-768x512.jpeg 768w, https:\/\/www.vap-camping.fr\/wp-content\/uploads\/2026\/03\/image-13.jpeg 1536w\" sizes=\"(max-width: 1024px) 100vw, 1024px\" \/><\/figure>\n<\/div>\n<\/div>\n<\/div>\n\n\n\n<div class=\"wp-block-group alignwide is-style-title-simple fromTop is-layout-flow wp-block-group-is-layout-flow is-style-title-simple--3\" style=\"margin-top:4rem;margin-bottom:4rem\">\n<p class=\"has-text-align-center has-secondary-color has-text-color has-link-color has-secondary-font-family has-xl-font-size wp-elements-88e0ff616304c05544fcac3774c9bfdb\"><em><em>Circuito ideal  <\/em><\/em><\/p>\n\n\n\n<p class=\"has-text-align-center has-primary-font-family has-sm-font-size\" style=\"text-transform:uppercase\"><strong><em><em>para el fin de semana de la Ascensi\u00f3n  <\/em><\/em><\/strong><\/p>\n<\/div>\n\n\n\n<div class=\"wp-block-columns alignwide are-vertically-aligned-center m-ti is-layout-flex wp-container-core-columns-is-layout-0c0b91ec wp-block-columns-is-layout-flex\">\n<div class=\"wp-block-column is-vertically-aligned-center wp-block-image alignright size-large has-custom-border is-style-simple-left m-ti-image is-layout-flow wp-block-column-is-layout-flow is-style-simple-left--4\" style=\"flex-basis:60%\">\n<figure class=\"wp-block-image size-full is-style-rounded\" style=\"margin-top:0;margin-right:0;margin-bottom:0;margin-left:0\"><img decoding=\"async\" width=\"2121\" height=\"1413\" src=\"https:\/\/www.vap-camping.fr\/wp-content\/uploads\/2026\/03\/image-8.jpeg\" alt=\"ciclismo de monta&#xF1;a\" class=\"wp-image-8095\" srcset=\"https:\/\/www.vap-camping.fr\/wp-content\/uploads\/2026\/03\/image-8.jpeg 2121w, https:\/\/www.vap-camping.fr\/wp-content\/uploads\/2026\/03\/image-8-600x400.jpeg 600w, https:\/\/www.vap-camping.fr\/wp-content\/uploads\/2026\/03\/image-8-1024x682.jpeg 1024w, https:\/\/www.vap-camping.fr\/wp-content\/uploads\/2026\/03\/image-8-768x512.jpeg 768w, https:\/\/www.vap-camping.fr\/wp-content\/uploads\/2026\/03\/image-8-1536x1023.jpeg 1536w, https:\/\/www.vap-camping.fr\/wp-content\/uploads\/2026\/03\/image-8-2048x1364.jpeg 2048w\" sizes=\"(max-width: 2121px) 100vw, 2121px\" \/><\/figure>\n<\/div>\n\n\n\n<div class=\"wp-block-column is-vertically-aligned-center m-ti-text is-layout-flow wp-container-core-column-is-layout-58dbe9e9 wp-block-column-is-layout-flow\" style=\"padding-left:10rem;flex-basis:40%\">\n<div class=\"wp-block-group is-style-title-left is-layout-flow wp-block-group-is-layout-flow is-style-title-left--5\">\n<p class=\"has-secondary-color has-text-color has-link-color has-secondary-font-family has-xl-font-size wp-elements-1d9f6b8002044954b11c8b49b970591a\">Viaje por carretera  <\/p>\n\n\n\n<p class=\"has-primary-color has-text-color has-link-color has-primary-font-family has-sm-font-size wp-elements-5906a9b2566ccd44ddac18a261581382\" style=\"text-transform:uppercase\"><strong><strong><em><strong><em><strong><strong>para las fiestas de mayo<\/strong><\/strong><\/em><\/strong><\/em><\/strong><\/strong><\/p>\n<\/div>\n\n\n\n<h2 class=\"wp-block-heading text-title\"><strong>En pocas palabras<\/strong><\/h2>\n\n\n\n<ul class=\"wp-block-list\">\n<li>Duraci\u00f3n ideal: de 3 a 4 d\u00edas durante el Puente de la Ascensi\u00f3n  <\/li>\n\n\n\n<li>Tema: Viaje en moto por Ari\u00e8ge durante el fin de semana de la Ascensi\u00f3nPunto de partida: Foix, Dufort o Les Cabannes<\/li>\n\n\n\n<li>Alojamientos : Camping du Lac, Camping Le Bourdieu, Complexe des Oustalous<\/li>\n\n\n\n<li>Terreno: Carreteras de monta\u00f1a, valles, pueblos y puertos pirenaicos<\/li>\n\n\n\n<li>Destinatarios: Motociclistas, grupos de amigos apasionados por el motociclismo, grupos de amigos, motoclubs<\/li>\n<\/ul>\n<\/div>\n<\/div>\n\n\n\n<div class=\"wp-block-group reveal has-global-padding is-layout-constrained wp-container-core-group-is-layout-8a400663 wp-block-group-is-layout-constrained\">\n<h3 class=\"wp-block-heading has-text-align-center has-secondary-color has-text-color has-link-color wp-elements-821f85d4b46cd16f63fbe077e4446a2b\"><strong>D\u00eda 1: Toulouse \u2192 Mas d&#8217;Azil \u2192 Lago de Bethmale \u2192 Camping le Bourdieu<\/strong><\/h3>\n\n\n\n<div style=\"height:25px\" aria-hidden=\"true\" class=\"wp-block-spacer\"><\/div>\n\n\n\n<div style=\"height:25px\" aria-hidden=\"true\" class=\"wp-block-spacer\"><\/div>\n\n\n\n<p>El viaje por carretera comienza en Toulouse, con destino a la <strong>Gruta de Mas d&#8217;Azil<\/strong> para una visita fascinante, seguida de una pausa para comer en el pueblo. A continuaci\u00f3n, nos dirigimos <em>al lago Bethmale<\/em> para disfrutar de una puesta de sol m\u00e1gica. La noche se pasa en el camping Le Bourdieu, en Le Dufort, perfecto para una relajante velada en familia.  <\/p>\n\n\n\n<div style=\"height:100px\" aria-hidden=\"true\" class=\"wp-block-spacer\"><\/div>\n\n\n\n<h3 class=\"wp-block-heading has-text-align-center has-secondary-color has-text-color has-link-color wp-elements-e4568089fc59a1273179961585a7d4d9\">D\u00eda 2: Palacio Episcopal de Saint-Lizier \u2192 Foix<\/h3>\n\n\n\n<div style=\"height:25px\" aria-hidden=\"true\" class=\"wp-block-spacer\"><\/div>\n\n\n\n<p>El segundo d\u00eda est\u00e1 dedicado al descubrimiento cultural. Tras una visita al soberbio palacio episcopal de Saint-Lizier, dir\u00edgete a Foix. Aqu\u00ed podr\u00e1s almorzar en el mercado local de los viernes, una experiencia aut\u00e9ntica y acogedora. Por la tarde, explora el castillo de Foix antes de terminar el d\u00eda en la cima <strong>del Prat d&#8217;Albis<\/strong> para disfrutar de otra espectacular puesta de sol. Regreso y alojamiento en <em>el Camping du Lac<\/em>.    <\/p>\n\n\n\n<div style=\"height:25px\" aria-hidden=\"true\" class=\"wp-block-spacer\"><\/div>\n\n\n\n<h3 class=\"wp-block-heading has-text-align-center has-secondary-color has-text-color has-link-color wp-elements-c574e63c833e4773e0856f2cde7965bd\">D\u00eda 3: Foix \u2192 Plateau de Beille \u2192 Complexe des Oustalous<\/h3>\n\n\n\n<div style=\"height:25px\" aria-hidden=\"true\" class=\"wp-block-spacer\"><\/div>\n\n\n\n<p>Te espera una etapa deportiva con un recorrido por carreteras de monta\u00f1a para descubrir el <strong>Plateau de Beille<\/strong>, un lugar excepcional para los amantes de los paisajes alpinos y las emociones fuertes. Pasar\u00e1s la noche en el Complexe des Oustalous, un complejo confortable y apto para motoristas. <\/p>\n\n\n\n<div style=\"height:25px\" aria-hidden=\"true\" class=\"wp-block-spacer\"><\/div>\n\n\n\n<h3 class=\"wp-block-heading has-text-align-center has-secondary-color has-text-color has-link-color wp-elements-f0f4177d82017f1f9f45a70cfd911071\">D\u00eda 4: Regreso<\/h3>\n\n\n\n<p>El tramo final de vuelta a tu punto de partida o a tu pr\u00f3ximo destino.<\/p>\n<\/div>\n\n\n\n<div class=\"wp-block-group alignwide is-style-title-simple fromTop is-layout-flow wp-block-group-is-layout-flow is-style-title-simple--6\" style=\"margin-top:4rem;margin-bottom:4rem\">\n<p class=\"has-text-align-center has-secondary-color has-text-color has-link-color has-secondary-font-family has-xl-font-size wp-elements-14207c15f41da6e55fcaed8fb6d7c724\">Un viaje por carretera  <\/p>\n\n\n\n<p class=\"has-text-align-center has-primary-font-family has-sm-font-size\" style=\"text-transform:uppercase\"><strong><strong><strong>  con amigos<\/strong><\/strong><\/strong><\/p>\n<\/div>\n\n\n\n<div class=\"wp-block-group leftRight has-global-padding is-layout-constrained wp-block-group-is-layout-constrained\">\n<div class=\"wp-block-columns alignwide are-vertically-aligned-center m-ti is-layout-flex wp-container-core-columns-is-layout-0c0b91ec wp-block-columns-is-layout-flex\">\n<div class=\"wp-block-column is-vertically-aligned-center wp-block-image alignright size-large has-custom-border is-style-simple-left m-ti-image is-layout-flow wp-block-column-is-layout-flow is-style-simple-left--7\" style=\"flex-basis:60%\">\n<figure class=\"wp-block-image size-full is-style-rounded\" style=\"margin-top:0;margin-right:0;margin-bottom:0;margin-left:0\"><img decoding=\"async\" width=\"1536\" height=\"1024\" src=\"https:\/\/www.vap-camping.fr\/wp-content\/uploads\/2026\/03\/image-12.jpeg\" alt=\"Ari&#xE8;ge en Moto\" class=\"wp-image-8103\" srcset=\"https:\/\/www.vap-camping.fr\/wp-content\/uploads\/2026\/03\/image-12.jpeg 1536w, https:\/\/www.vap-camping.fr\/wp-content\/uploads\/2026\/03\/image-12-600x400.jpeg 600w, https:\/\/www.vap-camping.fr\/wp-content\/uploads\/2026\/03\/image-12-1024x683.jpeg 1024w, https:\/\/www.vap-camping.fr\/wp-content\/uploads\/2026\/03\/image-12-768x512.jpeg 768w\" sizes=\"(max-width: 1536px) 100vw, 1536px\" \/><\/figure>\n<\/div>\n\n\n\n<div class=\"wp-block-column is-vertically-aligned-center m-ti-text is-layout-flow wp-container-core-column-is-layout-58dbe9e9 wp-block-column-is-layout-flow\" style=\"padding-left:10rem;flex-basis:40%\">\n<h2 class=\"wp-block-heading text-title\"><strong>  \u00bfA qui\u00e9n va dirigido este viaje en moto por Ari\u00e8ge?<\/strong><\/h2>\n\n\n\n<p class=\"has-m-font-size\" style=\"padding-left:2rem\">Esta ruta es ideal para grupos de motoristas que disfrutan de paisajes variados, como la naturaleza, la monta\u00f1a y el patrimonio. Es tan adecuado para motoristas experimentados que buscan bellas carreteras de monta\u00f1a como para grupos de amigos que buscan combinar visitas culturales con momentos de relax. Por \u00faltimo, este viaje por carretera se recomienda para una escapada primaveral durante las vacaciones de la Ascensi\u00f3n, cuando el clima es suave y favorable.  <\/p>\n<\/div>\n<\/div>\n<\/div>\n\n\n\n<div class=\"wp-block-group reveal has-global-padding is-layout-constrained wp-container-core-group-is-layout-8a400663 wp-block-group-is-layout-constrained\">\n<h3 class=\"wp-block-heading has-text-align-center has-secondary-color has-text-color has-link-color wp-elements-5313c1068efa411149e94659db7b94f9\">Consejos de seguridad y preparaci\u00f3n para tu viaje por carretera<\/h3>\n\n\n\n<div style=\"height:25px\" aria-hidden=\"true\" class=\"wp-block-spacer\"><\/div>\n\n\n\n<p>Para aprovechar al m\u00e1ximo tu aventura en moto, aseg\u00farate de llevar ropa de protecci\u00f3n homologada (casco, chaqueta reforzada, guantes, botas). Utiliza un GPS o una aplicaci\u00f3n adecuada para seguir la ruta sin agobios por estas carreteras a veces sinuosas. Recuerda comprobar el tiempo y el estado de tu moto todos los d\u00edas.  <\/p>\n\n\n\n<div style=\"height:25px\" aria-hidden=\"true\" class=\"wp-block-spacer\"><\/div>\n\n\n\n<h3 class=\"wp-block-heading has-text-align-center has-secondary-color has-text-color has-link-color wp-elements-13b7c499b54cae889d8833207f4c3ee1\">Otras experiencias en torno a nuestros establecimientos<\/h3>\n\n\n\n<div style=\"height:25px\" aria-hidden=\"true\" class=\"wp-block-spacer\"><\/div>\n\n\n\n<p>Aprovecha las numerosas actividades cerca del camping: pirag\u00fcismo y kayak en el Ari\u00e8ge, senderismo por la Voie Verte (v\u00eda verde) a 1 km, descubrir los mercados locales, pescar en el lago&#8230; Foix y sus alrededores est\u00e1n llenos de pueblecitos pintorescos y parajes naturales notables para explorar entre dos paradas de moto. <\/p>\n\n\n\n<div style=\"height:25px\" aria-hidden=\"true\" class=\"wp-block-spacer\"><\/div>\n\n\n\n<div style=\"height:25px\" aria-hidden=\"true\" class=\"wp-block-spacer\"><\/div>\n\n\n\n<h3 class=\"wp-block-heading has-secondary-color has-text-color has-link-color wp-elements-92607024c7b842ca7b0215a4c05e476d\">  Informaci\u00f3n pr\u00e1ctica  <\/h3>\n\n\n\n<ul class=\"wp-block-list\">\n<li>\ud83d\uddd3\ufe0f Mejor periodo: Fiesta de la Ascensi\u00f3n, mayo de 2026<\/li>\n\n\n\n<li>\ud83d\udccd Punto de salida: Camping du Lac, 09000 Foix, Ari\u00e8ge<\/li>\n\n\n\n<li>\ud83c\udfd5\ufe0f Alojamiento : Camping du Lac, Camping le Bourdieu, Complexe des Oustalous<\/li>\n\n\n\n<li>\u26a0\ufe0f Equipamiento obligatorio: equipo completo de seguridad para motoristas<\/li>\n\n\n\n<li>\u26a1 Wifi disponible en el Camping du Lac<\/li>\n\n\n\n<li>\ud83d\udcf1 Utiliza un GPS o una aplicaci\u00f3n de smartphone para seguir la ruta<\/li>\n\n\n\n<li>\ud83c\udf10 Los campings se pueden reservar en l\u00ednea: <a href=\"https:\/\/reservation.secureholiday.net\/group\/fr\/108\/\" target=\"_blank\" rel=\"noreferrer noopener\">Reserva<\/a><\/li>\n<\/ul>\n<\/div>\n\n\n\n<div class=\"wp-block-group alignwide is-style-title-simple fromTop is-layout-flow wp-block-group-is-layout-flow is-style-title-simple--8\" style=\"margin-top:4rem;margin-bottom:4rem\">\n<h2 class=\"wp-block-heading has-text-align-center has-secondary-color has-text-color has-link-color has-xl-font-size wp-elements-0993d15e0d932c822b71b8c18adc26e5\">Preguntas m\u00e1s frecuentes<\/h2>\n\n\n\n<h2 class=\"wp-block-heading has-text-align-center has-sm-font-size\"><strong>en excursiones en moto<\/strong><\/h2>\n\n\n\n<p>l<\/p>\n<\/div>\n\n\n\n<div class=\"wp-block-group alignwide has-global-padding is-layout-constrained wp-block-group-is-layout-constrained\">\n<h3 class=\"wp-block-heading\">\u00bfCu\u00e1l es la distancia total de este viaje en moto por Ari\u00e8ge?<\/h3>\n\n\n\n<p>La ruta recorre unos 200 km en 3 \u00f3 4 d\u00edas, con varias paradas culturales y paisaj\u00edsticas.<\/p>\n\n\n\n<h3 class=\"wp-block-heading\">\u00bfQu\u00e9 lugares imprescindibles puedes ver en este recorrido?<\/h3>\n\n\n\n<p>Destacan la cueva de Mas d&#8217;Azil, el Palacio de los Evasores de Saint-Lizier, el Castillo de Foix, Prat d&#8217;Albis y Plateau de Beille.<\/p>\n\n\n\n<h3 class=\"wp-block-heading\">\u00bfCu\u00e1ndo es el mejor momento para hacer este viaje por carretera?<\/h3>\n\n\n\n<p>Las vacaciones de la Ascensi\u00f3n en mayo son el momento perfecto para aprovechar el clima suave y la temporada alta de turismo en el Ari\u00e8ge.<\/p>\n\n\n\n<h3 class=\"wp-block-heading\">\u00bfPor qu\u00e9 elegir el Ari\u00e8ge para un viaje en moto por carretera?<\/h3>\n\n\n\n<p>El Ari\u00e8ge es un destino popular para el motociclismo, gracias a sus carreteras sinuosas, panoramas monta\u00f1osos, pueblos pintorescos y grandes rutas pirenaicas.  <\/p>\n\n\n\n<h3 class=\"wp-block-heading\">\u00bfQu\u00e9 nivel de competencia necesitas para conducir una moto en el Ari\u00e8ge?<\/h3>\n\n\n\n<p>Las rutas del Ari\u00e8ge son m\u00e1s adecuadas para los ciclistas que se sienten c\u00f3modos en las carreteras de monta\u00f1a. Las curvas, las pendientes y algunos de los tramos m\u00e1s estrechos exigen que te mantengas alerta, sobre todo despu\u00e9s de llover o a primera hora de la ma\u00f1ana. <\/p>\n\n\n\n<h3 class=\"wp-block-heading\">\u00bfNecesito equipamiento especial para este circuito en moto?<\/h3>\n\n\n\n<p>S\u00ed, llevar equipo de seguridad completo (casco, chaqueta, guantes, botas) es muy recomendable para tu seguridad y comodidad.<\/p>\n<\/div>\n\n\n\n<div class=\"wp-block-group alignwide has-global-padding is-layout-constrained wp-block-group-is-layout-constrained\">\n<div class=\"wp-block-group alignwide is-style-title-simple fromTop is-layout-flow wp-block-group-is-layout-flow is-style-title-simple--9\" style=\"margin-top:4rem;margin-bottom:4rem\">\n<h2 class=\"wp-block-heading has-text-align-center has-secondary-color has-text-color has-link-color has-xl-font-size wp-elements-e3c9286344008c83873a42b64219a1f8\">\u00bfD\u00f3nde dormir?<\/h2>\n\n\n\n<h2 class=\"wp-block-heading has-text-align-center has-sm-font-size\">Durante tu viaje por carretera  <\/h2>\n<\/div>\n<\/div>\n\n\n\n<div class=\"wp-block-group reveal has-global-padding is-layout-constrained wp-block-group-is-layout-constrained\">\n<div style=\"height:25px\" aria-hidden=\"true\" class=\"wp-block-spacer\"><\/div>\n\n\n\n<div class=\"wp-block-group has-global-padding is-layout-constrained wp-block-group-is-layout-constrained\"><div class=\"campings-wrapper is-layout-flow wp-block-slider-campings-is-layout-flow\">\n            <div class=\"campings-list\">\n                            <div class=\"camping-item\"\n                    style=\"background-image: linear-gradient(to top, rgba(0, 0, 0, 0.6), transparent), url('https:\/\/www.vap-camping.fr\/wp-content\/uploads\/2025\/04\/camping-avec-piscine-1024x767.jpg');\">\n                    <a href=\"https:\/\/www.vap-camping.fr\/es\/campings\/camping-du-lac\/\" title=\"Camping du lac(Foix)\" class=\"camping-link\">\n                        <p class=\"title\">Camping du lac(Foix)<\/p>\n                        <p class=\"camping-button\">Descubre<\/p>\n                    <\/a>\n                <\/div>\n                            <div class=\"camping-item\"\n                    style=\"background-image: linear-gradient(to top, rgba(0, 0, 0, 0.6), transparent), url('https:\/\/www.vap-camping.fr\/wp-content\/uploads\/2025\/04\/img_5291-1024x768-1.jpg');\">\n                    <a href=\"https:\/\/www.vap-camping.fr\/es\/campings\/oustalous-complex\/\" title=\"Complejo Les Oustalous\" class=\"camping-link\">\n                        <p class=\"title\">Complejo Les Oustalous<\/p>\n                        <p class=\"camping-button\">Descubre<\/p>\n                    <\/a>\n                <\/div>\n                            <div class=\"camping-item\"\n                    style=\"background-image: linear-gradient(to top, rgba(0, 0, 0, 0.6), transparent), url('https:\/\/www.vap-camping.fr\/wp-content\/uploads\/2025\/04\/4479-1024x461.jpeg');\">\n                    <a href=\"https:\/\/www.vap-camping.fr\/es\/campings\/camping-le-bourdieu\/\" title=\"Camping Le Bourdieu\" class=\"camping-link\">\n                        <p class=\"title\">Camping Le Bourdieu<\/p>\n                        <p class=\"camping-button\">Descubre<\/p>\n                    <\/a>\n                <\/div>\n                    <\/div>\n    <\/div>\n\n<\/div>\n\n\n\n<div style=\"height:25px\" aria-hidden=\"true\" class=\"wp-block-spacer\"><\/div>\n\n\n\n{\n  &#8220;@context&#8221;: &#8220;https:\/\/schema.org&#8221;,\n  &#8220;@graph&#8221;: [\n    {\n      &#8220;@type&#8221;: &#8220;BlogPosting&#8221;,\n      &#8220;headline&#8221;: &#8220;Road trip moto en Ari\u00e8ge : d\u00e9couvrir les Pyr\u00e9n\u00e9es ari\u00e9geoises pendant le week-end de l\u2019Ascension&#8221;,\n      &#8220;description&#8221;: &#8220;Circuit moto de 3 \u00e0 4 jours en Ari\u00e8ge pendant le week-end de l\u2019Ascension : Mas d\u2019Azil, Bethmale, Foix, Plateau de Beille et Prat d\u2019Albis avec h\u00e9bergements en camping.&#8221;,\n      &#8220;keywords&#8221;: [\n        &#8220;road trip moto Ari\u00e8ge&#8221;,\n        &#8220;circuit moto Pyr\u00e9n\u00e9es&#8221;,\n        &#8220;week-end Ascension Ari\u00e8ge moto&#8221;,\n        &#8220;moto Foix Ari\u00e8ge&#8221;,\n        &#8220;balade moto Pyr\u00e9n\u00e9es ari\u00e9geoises&#8221;\n      ],\n      &#8220;author&#8221;: {\n        &#8220;@type&#8221;: &#8220;Organization&#8221;,\n        &#8220;name&#8221;: &#8220;VAP Campings et G\u00eetes&#8221;\n      },\n      &#8220;publisher&#8221;: {\n        &#8220;@type&#8221;: &#8220;Organization&#8221;,\n        &#8220;name&#8221;: &#8220;VAP Campings et G\u00eetes&#8221;\n      },\n      &#8220;mainEntityOfPage&#8221;: {\n        &#8220;@type&#8221;: &#8220;WebPage&#8221;,\n        &#8220;@id&#8221;: &#8220;https:\/\/www.vap-camping.fr\/road-trip-moto-ariege&#8221;\n      },\n      &#8220;about&#8221;: {\n        &#8220;@type&#8221;: &#8220;TouristTrip&#8221;,\n        &#8220;name&#8221;: &#8220;Road trip moto dans les Pyr\u00e9n\u00e9es ari\u00e9geoises&#8221;,\n        &#8220;touristType&#8221;: [\n          &#8220;motards&#8221;,\n          &#8220;groupes d&#8217;amis&#8221;,\n          &#8220;clubs moto&#8221;\n        ],\n        &#8220;itinerary&#8221;: [\n          {\n            &#8220;@type&#8221;: &#8220;TouristAttraction&#8221;,\n            &#8220;name&#8221;: &#8220;Grotte du Mas d\u2019Azil&#8221;\n          },\n          {\n            &#8220;@type&#8221;: &#8220;TouristAttraction&#8221;,\n            &#8220;name&#8221;: &#8220;Lac de Bethmale&#8221;\n          },\n          {\n            &#8220;@type&#8221;: &#8220;TouristAttraction&#8221;,\n            &#8220;name&#8221;: &#8220;Palais des \u00c9v\u00eaques de Saint-Lizier&#8221;\n          },\n          {\n            &#8220;@type&#8221;: &#8220;TouristAttraction&#8221;,\n            &#8220;name&#8221;: &#8220;Ch\u00e2teau de Foix&#8221;\n          },\n          {\n            &#8220;@type&#8221;: &#8220;TouristAttraction&#8221;,\n            &#8220;name&#8221;: &#8220;Prat d&#8217;Albis&#8221;\n          },\n          {\n            &#8220;@type&#8221;: &#8220;TouristAttraction&#8221;,\n            &#8220;name&#8221;: &#8220;Plateau de Beille&#8221;\n          }\n        ],\n        &#8220;provider&#8221;: {\n          &#8220;@type&#8221;: &#8220;Organization&#8221;,\n          &#8220;name&#8221;: &#8220;VAP Campings et G\u00eetes&#8221;\n        }\n      }\n    },\n\n    {\n      &#8220;@type&#8221;: &#8220;FAQPage&#8221;,\n      &#8220;mainEntity&#8221;: [\n        {\n          &#8220;@type&#8221;: &#8220;Question&#8221;,\n          &#8220;name&#8221;: &#8220;Quelle est la distance totale de ce roadtrip moto en Ari\u00e8ge ?&#8221;,\n          &#8220;acceptedAnswer&#8221;: {\n            &#8220;@type&#8221;: &#8220;Answer&#8221;,\n            &#8220;text&#8221;: &#8220;Le parcours fait environ 200 km r\u00e9partis sur 3 \u00e0 4 jours avec plusieurs \u00e9tapes culturelles et panoramiques dans les Pyr\u00e9n\u00e9es ari\u00e9geoises.&#8221;\n          }\n        },\n        {\n          &#8220;@type&#8221;: &#8220;Question&#8221;,\n          &#8220;name&#8221;: &#8220;Quels sites incontournables peut-on voir sur ce circuit moto ?&#8221;,\n          &#8220;acceptedAnswer&#8221;: {\n            &#8220;@type&#8221;: &#8220;Answer&#8221;,\n            &#8220;text&#8221;: &#8220;Le circuit passe notamment par la Grotte du Mas d\u2019Azil, le lac de Bethmale, le Palais des \u00e9v\u00eaques de Saint-Lizier, le Ch\u00e2teau de Foix, le Prat d\u2019Albis et le Plateau de Beille.&#8221;\n          }\n        },\n        {\n          &#8220;@type&#8221;: &#8220;Question&#8221;,\n          &#8220;name&#8221;: &#8220;Quelle est la meilleure p\u00e9riode pour faire un road trip moto en Ari\u00e8ge ?&#8221;,\n          &#8220;acceptedAnswer&#8221;: {\n            &#8220;@type&#8221;: &#8220;Answer&#8221;,\n            &#8220;text&#8221;: &#8220;Les vacances de l\u2019Ascension au mois de mai sont id\u00e9ales pour d\u00e9couvrir l\u2019Ari\u00e8ge \u00e0 moto gr\u00e2ce aux temp\u00e9ratures douces et aux routes encore calmes.&#8221;\n          }\n        },\n        {\n          &#8220;@type&#8221;: &#8220;Question&#8221;,\n          &#8220;name&#8221;: &#8220;Pourquoi choisir l\u2019Ari\u00e8ge pour un road trip \u00e0 moto ?&#8221;,\n          &#8220;acceptedAnswer&#8221;: {\n            &#8220;@type&#8221;: &#8220;Answer&#8221;,\n            &#8220;text&#8221;: &#8220;L\u2019Ari\u00e8ge est r\u00e9put\u00e9e pour ses routes sinueuses de montagne, ses paysages des Pyr\u00e9n\u00e9es, ses villages de caract\u00e8re et ses grands itin\u00e9raires panoramiques.&#8221;\n          }\n        },\n        {\n          &#8220;@type&#8221;: &#8220;Question&#8221;,\n          &#8220;name&#8221;: &#8220;Quel niveau faut-il pour rouler \u00e0 moto en Ari\u00e8ge ?&#8221;,\n          &#8220;acceptedAnswer&#8221;: {\n            &#8220;@type&#8221;: &#8220;Answer&#8221;,\n            &#8220;text&#8221;: &#8220;Les routes de montagne de l\u2019Ari\u00e8ge conviennent surtout aux motards \u00e0 l\u2019aise avec les virages, les d\u00e9nivel\u00e9s et les routes sinueuses.&#8221;\n          }\n        },\n        {\n          &#8220;@type&#8221;: &#8220;Question&#8221;,\n          &#8220;name&#8221;: &#8220;Faut-il un \u00e9quipement sp\u00e9cifique pour ce road trip moto ?&#8221;,\n          &#8220;acceptedAnswer&#8221;: {\n            &#8220;@type&#8221;: &#8220;Answer&#8221;,\n            &#8220;text&#8221;: &#8220;Un \u00e9quipement complet de s\u00e9curit\u00e9 est recommand\u00e9 : casque homologu\u00e9, blouson renforc\u00e9, gants, bottes et protections adapt\u00e9es.&#8221;\n          }\n        }\n      ]\n    }\n  ]\n}\n\n<\/div>\n<\/div>\n","protected":false},"excerpt":{"rendered":"<p>motociclismo en el ari\u00e8ge<\/p>\n","protected":false},"author":1,"featured_media":8106,"comment_status":"closed","ping_status":"closed","sticky":false,"template":"","format":"standard","meta":{"_acf_changed":false,"_seopress_robots_primary_cat":"none","_seopress_titles_title":"En moto por el Ari\u00e8ge con amigos","_seopress_titles_desc":"Haz una ruta en moto de 3-4 d\u00edas por Ari\u00e8ge. Itinerario, vistas. \u00a1Reserva ya tu viaje!  ","_seopress_robots_index":"","ouverture":"","nombre_de_locations":"","nombre_demplacements":"","adresse":"","numero_de_telephone":"","email":"","url_du_site":"","footnotes":""},"categories":[19],"tags":[],"class_list":["post-8232","post","type-post","status-publish","format-standard","has-post-thumbnail","hentry","category-actualites"],"acf":[],"_links":{"self":[{"href":"https:\/\/www.vap-camping.fr\/es\/wp-json\/wp\/v2\/posts\/8232","targetHints":{"allow":["GET"]}}],"collection":[{"href":"https:\/\/www.vap-camping.fr\/es\/wp-json\/wp\/v2\/posts"}],"about":[{"href":"https:\/\/www.vap-camping.fr\/es\/wp-json\/wp\/v2\/types\/post"}],"author":[{"embeddable":true,"href":"https:\/\/www.vap-camping.fr\/es\/wp-json\/wp\/v2\/users\/1"}],"replies":[{"embeddable":true,"href":"https:\/\/www.vap-camping.fr\/es\/wp-json\/wp\/v2\/comments?post=8232"}],"version-history":[{"count":3,"href":"https:\/\/www.vap-camping.fr\/es\/wp-json\/wp\/v2\/posts\/8232\/revisions"}],"predecessor-version":[{"id":8254,"href":"https:\/\/www.vap-camping.fr\/es\/wp-json\/wp\/v2\/posts\/8232\/revisions\/8254"}],"wp:featuredmedia":[{"embeddable":true,"href":"https:\/\/www.vap-camping.fr\/es\/wp-json\/wp\/v2\/media\/8106"}],"wp:attachment":[{"href":"https:\/\/www.vap-camping.fr\/es\/wp-json\/wp\/v2\/media?parent=8232"}],"wp:term":[{"taxonomy":"category","embeddable":true,"href":"https:\/\/www.vap-camping.fr\/es\/wp-json\/wp\/v2\/categories?post=8232"},{"taxonomy":"post_tag","embeddable":true,"href":"https:\/\/www.vap-camping.fr\/es\/wp-json\/wp\/v2\/tags?post=8232"}],"curies":[{"name":"wp","href":"https:\/\/api.w.org\/{rel}","templated":true}]}}