{"id":8578,"date":"2026-03-12T23:07:57","date_gmt":"2026-03-12T23:07:57","guid":{"rendered":"https:\/\/www.vap-camping.fr\/le-week-end-de-pentecote-2026-en-ariege\/"},"modified":"2026-04-01T20:27:30","modified_gmt":"2026-04-01T20:27:30","slug":"le-week-end-de-pentecote-2026-en-ariege","status":"publish","type":"post","link":"https:\/\/www.vap-camping.fr\/es\/le-week-end-de-pentecote-2026-en-ariege\/","title":{"rendered":"Fin de semana de Pentecost\u00e9s de 2026 en Ari\u00e8ge"},"content":{"rendered":"\n<div class=\"wp-block-group alignfull is-layout-flow wp-container-core-group-is-layout-8af317cd wp-block-group-is-layout-flow\">\n<div class=\"wp-block-group hero-camp fromOpacity is-layout-flow wp-block-group-is-layout-flow\" style=\"margin-bottom:20rem\">\n<div class=\"wp-block-group alignfull hero-img fromOpacity is-layout-flow wp-block-group-is-layout-flow\">\n<figure class=\"wp-block-image size-full\"><img decoding=\"async\" width=\"2560\" height=\"1920\" src=\"https:\/\/www.vap-camping.fr\/wp-content\/uploads\/2025\/05\/AdobeStock_1312971900.jpeg\" alt=\"senderismo Ari&#xE8;ge\" class=\"wp-image-1159\" srcset=\"https:\/\/www.vap-camping.fr\/wp-content\/uploads\/2025\/05\/AdobeStock_1312971900.jpeg 2560w, https:\/\/www.vap-camping.fr\/wp-content\/uploads\/2025\/05\/AdobeStock_1312971900-600x450.jpeg 600w, https:\/\/www.vap-camping.fr\/wp-content\/uploads\/2025\/05\/AdobeStock_1312971900-1024x768.jpeg 1024w, https:\/\/www.vap-camping.fr\/wp-content\/uploads\/2025\/05\/AdobeStock_1312971900-768x576.jpeg 768w, https:\/\/www.vap-camping.fr\/wp-content\/uploads\/2025\/05\/AdobeStock_1312971900-1536x1152.jpeg 1536w, https:\/\/www.vap-camping.fr\/wp-content\/uploads\/2025\/05\/AdobeStock_1312971900-2048x1536.jpeg 2048w\" sizes=\"(max-width: 2560px) 100vw, 2560px\" \/><\/figure>\n<\/div>\n\n\n\n<div class=\"wp-block-group hero-desc has-secondary-background-color has-background fromOpacity is-layout-flow wp-block-group-is-layout-flow\" style=\"border-top-right-radius:90px;border-bottom-right-radius:90px;padding-top:2rem;padding-bottom:2rem;padding-left:5rem\"><h1 style=\"font-size:clamp(3.037rem, 3.037rem + ((1vw - 0.2rem) * 4.018), 6rem);\" class=\"has-link-color wp-elements-971196805a816ee349c8ae4f34a1c7a7 wp-block-post-title has-text-color has-white-color has-secondary-font-family\">Fin de semana de Pentecost\u00e9s de 2026 en Ari\u00e8ge<\/h1>\n\n\n<div class=\"wp-block-group is-nowrap is-layout-flex wp-container-core-group-is-layout-3b4e9d3e wp-block-group-is-layout-flex\">\n<p class=\"has-white-color has-text-color has-link-color has-sm-font-size wp-elements-accc2c0e07d2842f8af08a35c4ffe0cd\" style=\"font-style:normal;font-weight:500;text-transform:uppercase\">Campings<\/p>\n\n\n\n<figure class=\"wp-block-image size-full\"><img alt=\"\" decoding=\"async\" src=\"https:\/\/www.vap-camping.fr\/wp-content\/themes\/vap\/assets\/img\/svg\/star-white.svg\" alt=\"\" class=\"wp-image-657\"\/><\/figure>\n\n\n\n<figure class=\"wp-block-image size-full\"><img alt=\"\" decoding=\"async\" src=\"https:\/\/www.vap-camping.fr\/wp-content\/themes\/vap\/assets\/img\/svg\/star-white.svg\" alt=\"\" class=\"wp-image-657\"\/><\/figure>\n\n\n\n<figure class=\"wp-block-image size-full\"><img alt=\"\" decoding=\"async\" src=\"https:\/\/www.vap-camping.fr\/wp-content\/themes\/vap\/assets\/img\/svg\/star-white.svg\" alt=\"\" class=\"wp-image-657\"\/><\/figure>\n\n\n\n<p class=\"has-white-color has-text-color has-link-color has-sm-font-size wp-elements-607150ecce0303d631b7810c1641f883\" style=\"font-style:normal;font-weight:500;text-transform:uppercase\">&amp;<\/p>\n\n\n\n<figure class=\"wp-block-image size-full\"><img alt=\"\" decoding=\"async\" src=\"https:\/\/www.vap-camping.fr\/wp-content\/themes\/vap\/assets\/img\/svg\/star-white.svg\" alt=\"\" class=\"wp-image-657\"\/><\/figure>\n\n\n\n<figure class=\"wp-block-image size-full\"><img alt=\"\" decoding=\"async\" src=\"https:\/\/www.vap-camping.fr\/wp-content\/themes\/vap\/assets\/img\/svg\/star-white.svg\" alt=\"\" class=\"wp-image-657\"\/><\/figure>\n\n\n\n<figure class=\"wp-block-image size-full\"><img alt=\"\" decoding=\"async\" src=\"https:\/\/www.vap-camping.fr\/wp-content\/themes\/vap\/assets\/img\/svg\/star-white.svg\" alt=\"\" class=\"wp-image-657\"\/><\/figure>\n\n\n\n<figure class=\"wp-block-image size-full\"><img alt=\"\" decoding=\"async\" src=\"https:\/\/www.vap-camping.fr\/wp-content\/themes\/vap\/assets\/img\/svg\/star-white.svg\" alt=\"\" class=\"wp-image-657\"\/><\/figure>\n\n\n\n<p class=\"has-white-color has-text-color has-link-color has-sm-font-size wp-elements-1a34ad81246e10b53e4765b457d96474\" style=\"font-style:normal;font-weight:500;text-transform:uppercase\">&#8211; ariGe<\/p>\n<\/div>\n<\/div>\n<\/div>\n\n\n\n<div class=\"wp-block-group has-global-padding is-layout-constrained wp-block-group-is-layout-constrained\">\n<div class=\"wp-block-columns alignfull m-ti is-layout-flex wp-container-core-columns-is-layout-0c0b91ec wp-block-columns-is-layout-flex\">\n<div class=\"wp-block-column is-vertically-aligned-center leftRight m-ti-text is-layout-flow wp-block-column-is-layout-flow\" style=\"padding-left:10rem;flex-basis:40%\">\n<div class=\"wp-block-group is-style-title-left is-layout-flow wp-block-group-is-layout-flow is-style-title-left--1\">\n<p class=\"has-secondary-color has-text-color has-link-color has-secondary-font-family has-xl-font-size wp-elements-3fa8f06d0aba5f7b25bdc21a81476328\"><em>Fin del invierno  <\/em><\/p>\n\n\n\n<p class=\"has-primary-color has-text-color has-link-color has-primary-font-family has-sm-font-size wp-elements-cd6a580e0f3085a0ca0be34edeffcc23\" style=\"text-transform:uppercase\"><strong>en Ari\u00e8ge  <\/strong><\/p>\n<\/div>\n\n\n\n<h1 class=\"wp-block-heading has-m-font-size\">\u00a1<strong>Una escapada a la naturaleza entre Pirineos, r\u00edos y pueblos aut\u00e9nticos<\/strong>!<\/h1>\n\n\n\n<p>Entre finales de mayo y principios de junio, los paisajes del Ari\u00e8ge son extraordinariamente diversos. En pocos kil\u00f3metros, puedes pasar de pueblos medievales a valles salvajes, de bosques profundos a mesetas abiertas frente a <strong>las cumbres de los Pirineos<\/strong>. <\/p>\n\n\n\n<p>R\u00edos como <strong>el Ari\u00e8ge, el Vicdessos y el Hers<\/strong> fluyen por exuberantes valles verdes donde podr\u00e1s disfrutar del senderismo, el ciclismo o simplemente respirar el aire fresco de la monta\u00f1a.<\/p>\n\n\n\n<div style=\"height:20px\" aria-hidden=\"true\" class=\"wp-block-spacer\"><\/div>\n<\/div>\n\n\n\n<div class=\"wp-block-column is-vertically-aligned-stretch rightLeft m-ti-image is-style-simple-right is-layout-flow wp-block-column-is-layout-flow is-style-simple-right--2\" style=\"flex-basis:60%\">\n<figure class=\"wp-block-image alignright size-large\"><img decoding=\"async\" width=\"1024\" height=\"673\" src=\"https:\/\/www.vap-camping.fr\/wp-content\/uploads\/2026\/03\/image-18-1024x673.jpeg\" alt=\"ari&#xE8;ge en primavera  \" class=\"wp-image-8335\" srcset=\"https:\/\/www.vap-camping.fr\/wp-content\/uploads\/2026\/03\/image-18-1024x673.jpeg 1024w, https:\/\/www.vap-camping.fr\/wp-content\/uploads\/2026\/03\/image-18-600x394.jpeg 600w, https:\/\/www.vap-camping.fr\/wp-content\/uploads\/2026\/03\/image-18-768x505.jpeg 768w, https:\/\/www.vap-camping.fr\/wp-content\/uploads\/2026\/03\/image-18.jpeg 1280w\" sizes=\"(max-width: 1024px) 100vw, 1024px\" \/><\/figure>\n<\/div>\n<\/div>\n<\/div>\n\n\n\n<div class=\"wp-block-group alignwide is-style-title-simple fromTop is-layout-flow wp-block-group-is-layout-flow is-style-title-simple--3\" style=\"margin-top:4rem;margin-bottom:4rem\">\n<p class=\"has-text-align-center has-secondary-color has-text-color has-link-color has-secondary-font-family has-xl-font-size wp-elements-c9e7ab7e6bf238dc41695fc48a5961c7\"><em><em>Los paisajes del Ari\u00e8ge<\/em><\/em><\/p>\n\n\n\n<p class=\"has-text-align-center has-primary-font-family has-sm-font-size\" style=\"text-transform:uppercase\"><strong><em><em>En primavera  <\/em><\/em><\/strong><\/p>\n<\/div>\n\n\n\n<div class=\"wp-block-columns alignwide are-vertically-aligned-center m-ti is-layout-flex wp-container-core-columns-is-layout-0c0b91ec wp-block-columns-is-layout-flex\">\n<div class=\"wp-block-column is-vertically-aligned-center wp-block-image alignright size-large has-custom-border is-style-simple-left m-ti-image is-layout-flow wp-block-column-is-layout-flow is-style-simple-left--4\" style=\"flex-basis:60%\">\n<figure class=\"wp-block-image size-full is-style-rounded\" style=\"margin-top:0;margin-right:0;margin-bottom:0;margin-left:0\"><img decoding=\"async\" width=\"512\" height=\"384\" src=\"https:\/\/www.vap-camping.fr\/wp-content\/uploads\/2026\/03\/image-19.jpeg\" alt=\"burros en ari&#xE8;ge  \" class=\"wp-image-8339\"\/><\/figure>\n<\/div>\n\n\n\n<div class=\"wp-block-column is-vertically-aligned-center m-ti-text is-layout-flow wp-container-core-column-is-layout-58dbe9e9 wp-block-column-is-layout-flow\" style=\"padding-left:10rem;flex-basis:40%\">\n<div class=\"wp-block-group is-style-title-left is-layout-flow wp-block-group-is-layout-flow is-style-title-left--5\">\n<p class=\"has-primary-color has-text-color has-link-color has-primary-font-family has-sm-font-size wp-elements-39da6f52157ef7b6520adad3dbdb4984\" style=\"text-transform:uppercase\"><strong><strong><em><strong><em><strong><strong>libre como un p\u00e1jaro  <\/strong><\/strong><\/em><\/strong><\/em><\/strong><\/strong><\/p>\n<\/div>\n\n\n\n<h2 class=\"wp-block-heading text-title\">En breve: Fin de semana de Pentecost\u00e9s en Ari\u00e8ge<\/h2>\n\n\n\n<p>\ud83d\udcc5 Periodo: Fin de semana de Pentecost\u00e9s de 2026<\/p>\n\n\n\n<p>\ud83d\udccd Destino : Ari\u00e8ge, Pirineos, Occitanie<\/p>\n\n\n\n<p>\ud83c\udf3f Tema: naturaleza, senderismo, pueblos y descubrimientos<\/p>\n\n\n\n<p>\ud83c\udfd5 Alojamiento : Camping du Lac en Foix, Camping La Bastide en Maz\u00e8res, Camping Le Bourdieu en Dufort, Complexe des Oustalous en Les Cabannes<\/p>\n\n\n\n<p>\ud83d\udc68\u200d\ud83d\udc69\u200d\ud83d\udc67 P\u00fablico: familias, parejas, grupos de amigos, amantes de la naturaleza<\/p>\n\n\n\n<p>\ud83d\udeb4 Actividades: senderismo, observaci\u00f3n de aves, pueblos con car\u00e1cter, panoramas pirenaicos<\/p>\n<\/div>\n<\/div>\n\n\n\n<div class=\"wp-block-group reveal has-global-padding is-layout-constrained wp-container-core-group-is-layout-8a400663 wp-block-group-is-layout-constrained\">\n<h3 class=\"wp-block-heading has-text-align-center has-secondary-color has-text-color has-link-color wp-elements-43875c4d8d49d413c057fa40c4abd5dc\"><strong>Una excursi\u00f3n panor\u00e1mica al Pic des Trois Seigneurs<\/strong><\/h3>\n\n\n\n<div style=\"height:25px\" aria-hidden=\"true\" class=\"wp-block-spacer\"><\/div>\n\n\n\n<div style=\"height:25px\" aria-hidden=\"true\" class=\"wp-block-spacer\"><\/div>\n\n\n\n<p>Para los amantes de los paisajes espectaculares, una excursi\u00f3n al <strong>Pic des Trois Seigneurs<\/strong> es imprescindible cerca de <strong>Foix<\/strong>.<\/p>\n\n\n\n<p>Accesible en coche hasta el Col de Port, esta excursi\u00f3n ofrece despu\u00e9s una ruta relativamente accesible hasta uno de los <strong>miradores<\/strong> m\u00e1s bellos <strong>de los Pirineos de Ari\u00e8ge<\/strong>. Desde la cima, puedes ver toda la cordillera pirenaica. <\/p>\n\n\n\n<p>Por qu\u00e9 es ideal durante el fin de semana de Pentecost\u00e9s:<\/p>\n\n\n\n<ul class=\"wp-block-list\">\n<li>nieve generalmente ausente en los senderos<\/li>\n\n\n\n<li>temperaturas agradables para caminar<\/li>\n\n\n\n<li>paisajes muy verdes a principios de verano<\/li>\n<\/ul>\n\n\n\n<p>Desde el <strong>Camping du Lac, en Foix<\/strong>, hay <strong>40 minutos en coche<\/strong> hasta el puerto, por lo que es una excursi\u00f3n f\u00e1cil de medio d\u00eda.<\/p>\n\n\n\n<div style=\"height:100px\" aria-hidden=\"true\" class=\"wp-block-spacer\"><\/div>\n\n\n\n<h3 class=\"wp-block-heading has-text-align-center has-secondary-color has-text-color has-link-color wp-elements-aa6535f9b2afba799c6ec780fe95ebca\">Observaci\u00f3n de aves en el Domaine des Oiseaux<\/h3>\n\n\n\n<div style=\"height:25px\" aria-hidden=\"true\" class=\"wp-block-spacer\"><\/div>\n\n\n\n<p>A pocos minutos del <strong>camping La Bastide de Maz\u00e8res<\/strong>, el <strong>Domaine des Oiseaux<\/strong> es un paraje natural excepcional donde podr\u00e1s descubrir la biodiversidad local.<\/p>\n\n\n\n<p>Este parque natural est\u00e1 formado por varios estanques rodeados de senderos y observatorios. Aqu\u00ed pueden verse muchas especies: <\/p>\n\n\n\n<ul class=\"wp-block-list\">\n<li>garzas<\/li>\n\n\n\n<li>cig\u00fce\u00f1as<\/li>\n\n\n\n<li>patos salvajes<\/li>\n\n\n\n<li>aves migratorias<\/li>\n<\/ul>\n\n\n\n<p>En primavera y a principios de verano, la fauna est\u00e1 especialmente activa. Esta actividad es ideal para : <\/p>\n\n\n\n<ul class=\"wp-block-list\">\n<li>familias con ni\u00f1os<\/li>\n\n\n\n<li>aficionados a la fotograf\u00eda de naturaleza<\/li>\n\n\n\n<li>visitantes que buscan un paseo tranquilo<\/li>\n<\/ul>\n\n\n\n<p>El sitio es una excelente idea para pasear durante el <strong>fin de semana de Pentecost\u00e9s por el Ari\u00e8ge<\/strong>.<\/p>\n\n\n\n<div style=\"height:25px\" aria-hidden=\"true\" class=\"wp-block-spacer\"><\/div>\n\n\n\n<h3 class=\"wp-block-heading has-text-align-center has-secondary-color has-text-color has-link-color wp-elements-7bacd57df12c0c9dc255c0564a79b658\">Descubre el pueblo y el campo de Camon<\/h3>\n\n\n\n<div style=\"height:25px\" aria-hidden=\"true\" class=\"wp-block-spacer\"><\/div>\n\n\n\n<p>Cerca <strong>del Camping Le Bourdieu<\/strong>, el pueblo de <strong>Camon<\/strong> es uno de los m\u00e1s encantadores del Ari\u00e8ge.<\/p>\n\n\n\n<p>Apodado el <strong>pueblo de los cien rosales<\/strong>, Camon est\u00e1 rodeado de murallas y dominado por una antigua abad\u00eda. Los visitantes pueden pasear por sus calles llenas de flores y descubrir un magn\u00edfico panorama del valle del Hers. <\/p>\n\n\n\n<p>En junio, las rosas suelen estar en plena floraci\u00f3n, lo que hace a\u00fan m\u00e1s agradable la visita.<\/p>\n\n\n\n<p>Desde <strong>Dufort<\/strong>, este recorrido combina :  <\/p>\n\n\n\n<ul class=\"wp-block-list\">\n<li>pausa gastron\u00f3mica en un caf\u00e9 local<\/li>\n\n\n\n<li>  un paseo por un pueblo medieval<\/li>\n\n\n\n<li>Descubre un paisaje t\u00edpico de las estribaciones pirenaicas.<\/li>\n<\/ul>\n\n\n\n<div style=\"height:0px\" aria-hidden=\"true\" class=\"wp-block-spacer\"><\/div>\n\n\n\n<div style=\"height:25px\" aria-hidden=\"true\" class=\"wp-block-spacer\"><\/div>\n\n\n\n<h3 class=\"wp-block-heading has-text-align-center has-secondary-color has-text-color has-link-color wp-elements-3134afc3b1053ad786708207be0827b2\">Descubre el valle de Ax y la meseta de Beille<\/h3>\n\n\n\n<div style=\"height:30px\" aria-hidden=\"true\" class=\"wp-block-spacer\"><\/div>\n\n\n\n<p>El acceso al <strong>Plateau de Beille<\/strong> es muy r\u00e1pido desde el <strong>Complexe des Oustalous<\/strong> de Les Cabannes.<\/p>\n\n\n\n<p>Este altiplano ofrece unas vistas espectaculares de <strong>los Pirineos de Ari\u00e8ge<\/strong> y es ideal para :<\/p>\n\n\n\n<ul class=\"wp-block-list\">\n<li>paseos f\u00e1ciles<\/li>\n\n\n\n<li>salidas familiares<\/li>\n\n\n\n<li>observaci\u00f3n de paisajes de monta\u00f1a<\/li>\n<\/ul>\n\n\n\n<p>Incluso fuera de la temporada invernal, la meseta sigue siendo un destino popular por sus amplios espacios abiertos y su entorno tranquilo.<\/p>\n\n\n\n<p>Durante el <strong>fin de semana de Pentecost\u00e9s<\/strong>, es el lugar perfecto para disfrutar de las monta\u00f1as sin las multitudes del verano.<\/p>\n<\/div>\n\n\n\n<div class=\"wp-block-group alignwide is-style-title-simple fromTop is-layout-flow wp-block-group-is-layout-flow is-style-title-simple--6\" style=\"margin-top:4rem;margin-bottom:4rem\">\n<p class=\"has-text-align-center has-secondary-color has-text-color has-link-color has-secondary-font-family has-xl-font-size wp-elements-5e3ac912c42c368eafee6b86bc82324d\">Un fin de semana ideal  <\/p>\n\n\n\n<p class=\"has-text-align-center has-primary-font-family has-sm-font-size\" style=\"text-transform:uppercase\"><strong><strong><strong>en los Pirineos de Ari\u00e8ge<\/strong><\/strong><\/strong><\/p>\n<\/div>\n\n\n\n<div class=\"wp-block-group leftRight has-global-padding is-layout-constrained wp-block-group-is-layout-constrained\">\n<div class=\"wp-block-columns alignwide are-vertically-aligned-center m-ti is-layout-flex wp-container-core-columns-is-layout-0c0b91ec wp-block-columns-is-layout-flex\">\n<div class=\"wp-block-column is-vertically-aligned-center wp-block-image alignright size-large has-custom-border is-style-simple-left m-ti-image is-layout-flow wp-block-column-is-layout-flow is-style-simple-left--7\" style=\"flex-basis:60%\">\n<figure class=\"wp-block-image size-full is-style-rounded\" style=\"margin-top:0;margin-right:0;margin-bottom:0;margin-left:0\"><img decoding=\"async\" width=\"2560\" height=\"1707\" src=\"https:\/\/www.vap-camping.fr\/wp-content\/uploads\/2025\/05\/AdobeStock_1440628082-scaled.jpeg\" alt=\"Cascada de Ari&#xE8;ge\" class=\"wp-image-1274\" srcset=\"https:\/\/www.vap-camping.fr\/wp-content\/uploads\/2025\/05\/AdobeStock_1440628082-scaled.jpeg 2560w, https:\/\/www.vap-camping.fr\/wp-content\/uploads\/2025\/05\/AdobeStock_1440628082-600x400.jpeg 600w, https:\/\/www.vap-camping.fr\/wp-content\/uploads\/2025\/05\/AdobeStock_1440628082-1024x683.jpeg 1024w, https:\/\/www.vap-camping.fr\/wp-content\/uploads\/2025\/05\/AdobeStock_1440628082-768x512.jpeg 768w, https:\/\/www.vap-camping.fr\/wp-content\/uploads\/2025\/05\/AdobeStock_1440628082-1536x1024.jpeg 1536w, https:\/\/www.vap-camping.fr\/wp-content\/uploads\/2025\/05\/AdobeStock_1440628082-2048x1365.jpeg 2048w\" sizes=\"(max-width: 2560px) 100vw, 2560px\" \/><\/figure>\n<\/div>\n\n\n\n<div class=\"wp-block-column is-vertically-aligned-center m-ti-text is-layout-flow wp-container-core-column-is-layout-58dbe9e9 wp-block-column-is-layout-flow\" style=\"padding-left:10rem;flex-basis:40%\">\n<h2 class=\"wp-block-heading text-title\"><strong>  \u00bfA qui\u00e9n van dirigidas estas vacaciones de Pentecost\u00e9s en Ari\u00e8ge?<\/strong><\/h2>\n\n\n\n<p class=\"has-m-font-size\" style=\"padding-left:2rem\">El <strong>fin de semana de Pentecost\u00e9s en Ari\u00e8ge<\/strong> es para quienes buscan un destino natural en <strong>los Pirineos de Ari\u00e8ge<\/strong>, lejos del turismo de masas. Con sus variados paisajes, sus verdes valles y sus numerosos senderos, la Ari\u00e8ge es el destino perfecto para una escapada <strong>de 3 \u00f3 4 d\u00edas<\/strong> en primavera. Situada al sur de <strong>Toulouse, en la regi\u00f3n de Occitanie<\/strong>, la Ari\u00e8ge es una zona virgen que atrae a los viajeros en busca de <strong>naturaleza, amplios espacios abiertos y autenticidad<\/strong>. Aqu\u00ed tienes algunas ideas m\u00e1s para tu aventura.     <\/p>\n<\/div>\n<\/div>\n<\/div>\n\n\n\n<div class=\"wp-block-group reveal has-global-padding is-layout-constrained wp-container-core-group-is-layout-8a400663 wp-block-group-is-layout-constrained\">\n<h3 class=\"wp-block-heading has-text-align-center has-secondary-color has-text-color has-link-color wp-elements-b96c85636c0bdf53563e65a91697e7b1\">Parapente por los Pirineos  <\/h3>\n\n\n\n<div style=\"height:25px\" aria-hidden=\"true\" class=\"wp-block-spacer\"><\/div>\n\n\n\n<p>Para vivir una experiencia diferente, puedes probar <strong>el parapente en Prat d&#8217;Albis<\/strong>, por encima de Foix. Este lugar ofrece unas vistas espectaculares del valle y las monta\u00f1as circundantes. Incluso sin volar, la caminata hasta la meseta es una forma estupenda de alejarse de todo.  <\/p>\n\n\n\n<div style=\"height:25px\" aria-hidden=\"true\" class=\"wp-block-spacer\"><\/div>\n\n\n\n<h3 class=\"wp-block-heading has-text-align-center has-secondary-color has-text-color has-link-color wp-elements-49828bceb8c09de31cec03fbb62c8392\">La Voie Verte en bicicleta  <\/h3>\n\n\n\n<div style=\"height:25px\" aria-hidden=\"true\" class=\"wp-block-spacer\"><\/div>\n\n\n\n<p>Las familias pueden disfrutar de actividades sencillas y accesibles, como un paseo por la <strong>Voie Verte cerca de Foix<\/strong>, un paseo por las orillas del r\u00edo Ari\u00e8ge o una visita a una <strong>granja educativa en los valles del Ari\u00e8ge<\/strong> para aprender sobre los animales de monta\u00f1a.<\/p>\n\n\n\n<div style=\"height:35px\" aria-hidden=\"true\" class=\"wp-block-spacer\"><\/div>\n\n\n\n<h3 class=\"wp-block-heading has-text-align-center has-secondary-color has-text-color has-link-color wp-elements-b851ced92d9d8cabf959ea2826bf21dd\">Mercados y productores locales de Ari\u00e8ge  <\/h3>\n\n\n\n<div style=\"height:29px\" aria-hidden=\"true\" class=\"wp-block-spacer\"><\/div>\n\n\n\n<p>El fin de semana de Pentecost\u00e9s tambi\u00e9n es una oportunidad para descubrir los <strong>mercados y productores locales<\/strong>. En los pueblos del Ari\u00e8ge, los mercados de primavera te ofrecen la posibilidad de degustar especialidades locales como quesos de monta\u00f1a, miel y productos artesanos. <\/p>\n\n\n\n<details class=\"wp-block-details is-layout-flow wp-block-details-is-layout-flow\"><summary>Leer m\u00e1s<\/summary>\n<p>Continuaci\u00f3n: El fin de semana de Pentecost\u00e9s tambi\u00e9n es una oportunidad para descubrir los <strong>mercados y productores locales<\/strong>. En los pueblos del Ari\u00e8ge, los mercados de primavera te ofrecen la posibilidad de degustar especialidades locales como quesos de monta\u00f1a, miel y artesan\u00eda. <\/p>\n<\/details>\n\n\n\n<div style=\"height:25px\" aria-hidden=\"true\" class=\"wp-block-spacer\"><\/div>\n\n\n\n<div style=\"height:25px\" aria-hidden=\"true\" class=\"wp-block-spacer\"><\/div>\n\n\n\n<h3 class=\"wp-block-heading has-secondary-color has-text-color has-link-color wp-elements-cd1b80454218b52cbb061629d7693bdf\">  Informaci\u00f3n pr\u00e1ctica para organizar tu estancia  <\/h3>\n\n\n\n<div style=\"height:33px\" aria-hidden=\"true\" class=\"wp-block-spacer\"><\/div>\n\n\n\n<ul class=\"wp-block-list\">\n<li><strong>\u00bfCu\u00e1ndo debes venir?  <\/strong>Fin de semana de Pentecost\u00e9s: Fin de semana de Pentecost\u00e9s del 23 al 25 de mayo. Las temperaturas suelen oscilar <strong>entre 18 y 26\u00b0C<\/strong>. <\/li>\n\n\n\n<li><strong>\u00bfC\u00f3mo llegar?<\/strong> Tren: estaci\u00f3n de <strong>Foix<\/strong> o <strong>Les Cabannes<\/strong>, Coche: acceso por la A66 desde Toulouse, Bicicleta: algunos valles son accesibles por la <strong>Voie Verte<\/strong><\/li>\n\n\n\n<li><strong>Duraci\u00f3n ideal de la estancia<\/strong>: de 3 a 4 d\u00edas para aprovechar al m\u00e1ximo la zona.<\/li>\n\n\n\n<li><strong>Consejos pr\u00e1cticos<\/strong>: reserva alojamiento con antelaci\u00f3n, lleva botas de monta\u00f1a y un cortavientos (el tiempo en las monta\u00f1as puede ser cambiante).<\/li>\n\n\n\n<li><strong>Oferta especial para descubrir<\/strong>: <a href=\"https:\/\/reservation.secureholiday.net\/group\/fr\/108\/\" target=\"_blank\" rel=\"noreferrer noopener\">Reserva<\/a><\/li>\n<\/ul>\n<\/div>\n\n\n\n<div class=\"wp-block-group alignwide is-style-title-simple fromTop is-layout-flow wp-block-group-is-layout-flow is-style-title-simple--8\" style=\"margin-top:4rem;margin-bottom:4rem\">\n<h2 class=\"wp-block-heading has-text-align-center has-secondary-color has-text-color has-link-color has-xl-font-size wp-elements-9849b82bcfc710ff51f77c785b6cec51\">Preguntas<\/h2>\n\n\n\n<h2 class=\"wp-block-heading has-text-align-center has-sm-font-size\">Frecuente  <\/h2>\n\n\n\n<p>l<\/p>\n<\/div>\n\n\n\n<div class=\"wp-block-group alignwide has-global-padding is-layout-constrained wp-block-group-is-layout-constrained\">\n<h3 class=\"wp-block-heading\">\u00bfCu\u00e1ndo cae el fin de semana de Pentecost\u00e9s de 2026?<\/h3>\n\n\n\n<p>Del 23 al 25 de mayo de 2026.  <\/p>\n\n\n\n<h3 class=\"wp-block-heading\">\u00bfPor qu\u00e9 visitar el Ari\u00e8ge en primavera?  <\/h3>\n\n\n\n<p>En primavera, los valles y monta\u00f1as del Ari\u00e8ge est\u00e1n especialmente verdes. Las temperaturas son agradables para las actividades al aire libre, y el n\u00famero de turistas es menor que en verano. <\/p>\n\n\n\n<h3 class=\"wp-block-heading\">\u00bfEs posible hacer senderismo a finales de mayo?<\/h3>\n\n\n\n<p>S\u00ed, es una \u00e9poca del a\u00f1o ideal. Hay muchas rutas de senderismo en los valles y mesetas de los Pirineos de Ari\u00e8ge. <\/p>\n\n\n\n<h3 class=\"wp-block-heading\">\u00bfEs Ari\u00e8ge adecuado para familias?<\/h3>\n\n\n\n<p>S\u00ed, con una amplia gama de actividades al aire libre.<\/p>\n\n\n\n<h3 class=\"wp-block-heading\">\u00bfPodemos venir en tren?<\/h3>\n\n\n\n<p>Algunas zonas, como <strong>Foix y Les Cabannes<\/strong>, son accesibles en tren, pero el coche facilita el descubrimiento de los valles y paisajes de los Pirineos de Ari\u00e8ge.<\/p>\n\n\n\n<h3 class=\"wp-block-heading\">\u00bfEl Ari\u00e8ge es apto para el ciclismo?<\/h3>\n\n\n\n<p>S\u00ed, varias v\u00edas verdes y caminos del valle.<\/p>\n\n\n\n<h3 class=\"wp-block-heading\"><strong>\u00bfHay ofertas especiales para las vacaciones de Pentecost\u00e9s en el camping?<\/strong><\/h3>\n\n\n\n<p>S\u00ed, el camping du lac y el camping la bastide tienen ofertas especiales para las vacaciones de Pentecost\u00e9s: <a href=\"https:\/\/reservation.secureholiday.net\/group\/fr\/108\/\" target=\"_blank\" rel=\"noreferrer noopener\">Reserva ahora<\/a>  <\/p>\n<\/div>\n\n\n\n<div class=\"wp-block-group alignwide has-global-padding is-layout-constrained wp-block-group-is-layout-constrained\">\n<div class=\"wp-block-group alignwide is-style-title-simple fromTop is-layout-flow wp-block-group-is-layout-flow is-style-title-simple--9\" style=\"margin-top:4rem;margin-bottom:4rem\">\n<h2 class=\"wp-block-heading has-text-align-center has-secondary-color has-text-color has-link-color has-xl-font-size wp-elements-e3c9286344008c83873a42b64219a1f8\">\u00bfD\u00f3nde dormir?<\/h2>\n\n\n\n<h2 class=\"wp-block-heading has-text-align-center has-sm-font-size\">Durante tus vacaciones de Pentecost\u00e9s<\/h2>\n<\/div>\n<\/div>\n\n\n\n<div class=\"wp-block-group reveal is-layout-flow wp-block-group-is-layout-flow\">\n<div style=\"height:25px\" aria-hidden=\"true\" class=\"wp-block-spacer\"><\/div>\n\n\n\n<div class=\"wp-block-group is-layout-flow wp-block-group-is-layout-flow\"><div class=\"campings-wrapper is-layout-flow wp-block-slider-campings-is-layout-flow\">\n            <div class=\"campings-list\">\n                            <div class=\"camping-item\"\n                    style=\"background-image: linear-gradient(to top, rgba(0, 0, 0, 0.6), transparent), url('https:\/\/www.vap-camping.fr\/wp-content\/uploads\/2025\/04\/camping-avec-piscine-1024x767.jpg');\">\n                    <a href=\"https:\/\/www.vap-camping.fr\/es\/campings\/camping-du-lac\/\" title=\"Camping du lac(Foix)\" class=\"camping-link\">\n                        <p class=\"title\">Camping du lac(Foix)<\/p>\n                        <p class=\"camping-button\">Descubre<\/p>\n                    <\/a>\n                <\/div>\n                            <div class=\"camping-item\"\n                    style=\"background-image: linear-gradient(to top, rgba(0, 0, 0, 0.6), transparent), url('https:\/\/www.vap-camping.fr\/wp-content\/uploads\/2025\/07\/dji_0589-2-1024x767.jpg');\">\n                    <a href=\"https:\/\/www.vap-camping.fr\/es\/campings\/camping-la-bastide\/\" title=\"Camping la Bastide(Maz\u00e8res)\" class=\"camping-link\">\n                        <p class=\"title\">Camping la Bastide(Maz\u00e8res)<\/p>\n                        <p class=\"camping-button\">Descubre<\/p>\n                    <\/a>\n                <\/div>\n                            <div class=\"camping-item\"\n                    style=\"background-image: linear-gradient(to top, rgba(0, 0, 0, 0.6), transparent), url('https:\/\/www.vap-camping.fr\/wp-content\/uploads\/2025\/04\/img_5291-1024x768-1.jpg');\">\n                    <a href=\"https:\/\/www.vap-camping.fr\/es\/campings\/oustalous-complex\/\" title=\"Complejo Les Oustalous\" class=\"camping-link\">\n                        <p class=\"title\">Complejo Les Oustalous<\/p>\n                        <p class=\"camping-button\">Descubre<\/p>\n                    <\/a>\n                <\/div>\n                            <div class=\"camping-item\"\n                    style=\"background-image: linear-gradient(to top, rgba(0, 0, 0, 0.6), transparent), url('https:\/\/www.vap-camping.fr\/wp-content\/uploads\/2025\/04\/4479-1024x461.jpeg');\">\n                    <a href=\"https:\/\/www.vap-camping.fr\/es\/campings\/camping-le-bourdieu\/\" title=\"Camping Le Bourdieu\" class=\"camping-link\">\n                        <p class=\"title\">Camping Le Bourdieu<\/p>\n                        <p class=\"camping-button\">Descubre<\/p>\n                    <\/a>\n                <\/div>\n                    <\/div>\n    <\/div>\n\n<\/div>\n\n\n\n<div style=\"height:25px\" aria-hidden=\"true\" class=\"wp-block-spacer\"><\/div>\n<\/div>\n<\/div>\n","protected":false},"excerpt":{"rendered":"<p>Campings &amp; &#8211; ariGe Fin del invierno en Ari\u00e8ge \u00a1Una escapada a la naturaleza entre Pirineos, r\u00edos y pueblos aut\u00e9nticos! Entre finales de mayo y principios de junio, los paisajes del Ari\u00e8ge son extraordinariamente diversos. En pocos kil\u00f3metros, puedes pasar de pueblos medievales a valles salvajes, de bosques profundos a mesetas abiertas frente a las [&hellip;]<\/p>\n","protected":false},"author":1,"featured_media":3003,"comment_status":"closed","ping_status":"closed","sticky":false,"template":"","format":"standard","meta":{"_acf_changed":false,"_seopress_robots_primary_cat":"none","_seopress_titles_title":"Fin de semana de Pentecost\u00e9s 2026 con VAP Campings y Casas Rurales","_seopress_titles_desc":"\u00a1Lleva a tus hijos a unas vacaciones de naturaleza y aventura en mayo!","_seopress_robots_index":"","ouverture":"","nombre_de_locations":"","nombre_demplacements":"","adresse":"","numero_de_telephone":"","email":"","url_du_site":"","footnotes":""},"categories":[28],"tags":[],"class_list":["post-8578","post","type-post","status-publish","format-standard","has-post-thumbnail","hentry","category-sin-categoria"],"acf":[],"_links":{"self":[{"href":"https:\/\/www.vap-camping.fr\/es\/wp-json\/wp\/v2\/posts\/8578","targetHints":{"allow":["GET"]}}],"collection":[{"href":"https:\/\/www.vap-camping.fr\/es\/wp-json\/wp\/v2\/posts"}],"about":[{"href":"https:\/\/www.vap-camping.fr\/es\/wp-json\/wp\/v2\/types\/post"}],"author":[{"embeddable":true,"href":"https:\/\/www.vap-camping.fr\/es\/wp-json\/wp\/v2\/users\/1"}],"replies":[{"embeddable":true,"href":"https:\/\/www.vap-camping.fr\/es\/wp-json\/wp\/v2\/comments?post=8578"}],"version-history":[{"count":1,"href":"https:\/\/www.vap-camping.fr\/es\/wp-json\/wp\/v2\/posts\/8578\/revisions"}],"predecessor-version":[{"id":8580,"href":"https:\/\/www.vap-camping.fr\/es\/wp-json\/wp\/v2\/posts\/8578\/revisions\/8580"}],"wp:featuredmedia":[{"embeddable":true,"href":"https:\/\/www.vap-camping.fr\/es\/wp-json\/wp\/v2\/media\/3003"}],"wp:attachment":[{"href":"https:\/\/www.vap-camping.fr\/es\/wp-json\/wp\/v2\/media?parent=8578"}],"wp:term":[{"taxonomy":"category","embeddable":true,"href":"https:\/\/www.vap-camping.fr\/es\/wp-json\/wp\/v2\/categories?post=8578"},{"taxonomy":"post_tag","embeddable":true,"href":"https:\/\/www.vap-camping.fr\/es\/wp-json\/wp\/v2\/tags?post=8578"}],"curies":[{"name":"wp","href":"https:\/\/api.w.org\/{rel}","templated":true}]}}